{"id":981,"date":"2016-07-04T13:36:28","date_gmt":"2016-07-04T11:36:28","guid":{"rendered":"http:\/\/coolinart.cafe\/blog\/?p=981"},"modified":"2016-07-04T13:36:45","modified_gmt":"2016-07-04T11:36:45","slug":"karamellizalt-sargabarack-vanilia-fagyival","status":"publish","type":"post","link":"https:\/\/coolinart.cafe\/blog\/2016\/07\/karamellizalt-sargabarack-vanilia-fagyival\/","title":{"rendered":"Karamelliz\u00e1lt s\u00e1rgabarack van\u00edlia fagyival"},"content":{"rendered":"<p>Hihetetlen m\u00e9ret\u0171 s\u00e1rgabarackokat kaptam a sz\u00fcleimt\u0151l, musz\u00e1j volt valamit r\u00f6gt\u00f6n alkotni bel\u0151le. Valami t\u00edzperceset. \u00cdgy sz\u00fcletett a karamelliz\u00e1lt s\u00e1rgabarack. A h\u0171t\u0151ben volt mell\u00e9 van\u00edlia fagyi. Biztosan lesz ism\u00e9tl\u00e9s! \ud83d\ude42<\/p>\n<p><img data-recalc-dims=\"1\" decoding=\"async\" class=\"aligncenter wp-image-984 size-large lazyload\" data-src=\"https:\/\/i0.wp.com\/coolinart.cafe\/blog\/wp-content\/uploads\/2016\/07\/2016-07-03-21-11-29-e1467620685691-1024x768.jpg?resize=665%2C499&#038;ssl=1\" alt=\"2016-07-03-21-11-29\" width=\"665\" height=\"499\" data-srcset=\"https:\/\/i0.wp.com\/coolinart.cafe\/blog\/wp-content\/uploads\/2016\/07\/2016-07-03-21-11-29-e1467620685691.jpg?resize=1024%2C768&amp;ssl=1 1024w, https:\/\/i0.wp.com\/coolinart.cafe\/blog\/wp-content\/uploads\/2016\/07\/2016-07-03-21-11-29-e1467620685691.jpg?resize=300%2C225&amp;ssl=1 300w, https:\/\/i0.wp.com\/coolinart.cafe\/blog\/wp-content\/uploads\/2016\/07\/2016-07-03-21-11-29-e1467620685691.jpg?resize=768%2C576&amp;ssl=1 768w, https:\/\/i0.wp.com\/coolinart.cafe\/blog\/wp-content\/uploads\/2016\/07\/2016-07-03-21-11-29-e1467620685691.jpg?w=2048&amp;ssl=1 2048w, https:\/\/i0.wp.com\/coolinart.cafe\/blog\/wp-content\/uploads\/2016\/07\/2016-07-03-21-11-29-e1467620685691.jpg?w=1330&amp;ssl=1 1330w, https:\/\/i0.wp.com\/coolinart.cafe\/blog\/wp-content\/uploads\/2016\/07\/2016-07-03-21-11-29-e1467620685691.jpg?w=1995&amp;ssl=1 1995w\" data-sizes=\"(max-width: 665px) 100vw, 665px\" src=\"data:image\/svg+xml;base64,PHN2ZyB3aWR0aD0iMSIgaGVpZ2h0PSIxIiB4bWxucz0iaHR0cDovL3d3dy53My5vcmcvMjAwMC9zdmciPjwvc3ZnPg==\" style=\"--smush-placeholder-width: 665px; --smush-placeholder-aspect-ratio: 665\/499;\" \/>Hozz\u00e1val\u00f3k:<\/p>\n<ul>\n<li>1 ek. krist\u00e1lycukor<\/li>\n<li>3 ml v\u00edz<\/li>\n<li>1 tk. van\u00edlia esszencia\/aroma<\/li>\n<li>fah\u00e9j<\/li>\n<li>s\u00e1rgabarack f\u00e9lbev\u00e1gva, kimagozva<\/li>\n<li>balzsamecetkr\u00e9m<\/li>\n<\/ul>\n<p style=\"text-align: justify;\">A barackokat megmosom, kimagozom, felezem. Egy serpeny\u0151ben a krist\u00e1lycukrot lassan karamelliz\u00e1lom, mikor barnul, hozz\u00e1\u00f6nt\u00f6m a vizet \u00e9s a van\u00edlia esszenci\u00e1t. Ha megint foly\u00f3s \u00e1llag\u00fa, akkor a v\u00e1gott fel\u00fckkel lefel\u00e9 beleteszem a barackokat. Kb 3-4 percig s\u00fct\u00f6m, ut\u00e1na \u00e1tford\u00edtom, hogy a m\u00e1sik fel\u00e9t is bevonja a karamell. Megsz\u00f3rom egy pici fah\u00e9jjal. Visszaford\u00edtom \u0151ket, m\u00e9g egy percet hagyom, \u00e9s k\u00e9sz.\u00a0 Egy gomb\u00f3c fagyi mell\u00e9 teszek k\u00e9t f\u00e9l barackot, szedek r\u00e1 a karamell\u00e1s l\u00e9b\u0151l, \u00e9s nagyon v\u00e9konyan megcsurgatom a balzsamecet kr\u00e9mmel, t\u00e1lalom.<\/p>\n","protected":false},"excerpt":{"rendered":"<p>Hihetetlen m\u00e9ret\u0171 s\u00e1rgabarackokat kaptam a sz\u00fcleimt\u0151l, musz\u00e1j volt valamit r\u00f6gt\u00f6n alkotni bel\u0151le. Valami t\u00edzperceset. \u00cdgy sz\u00fcletett a karamelliz\u00e1lt s\u00e1rgabarack. A h\u0171t\u0151ben volt mell\u00e9 van\u00edlia fagyi. Biztosan lesz ism\u00e9tl\u00e9s! \ud83d\ude42 Hozz\u00e1val\u00f3k: 1 ek. krist\u00e1lycukor 3 ml v\u00edz 1 tk. van\u00edlia esszencia\/aroma fah\u00e9j s\u00e1rgabarack f\u00e9lbev\u00e1gva, kimagozva balzsamecetkr\u00e9m A barackokat megmosom, kimagozom, felezem. Egy serpeny\u0151ben a krist\u00e1lycukrot lassan [&hellip;]<\/p>\n","protected":false},"author":2,"featured_media":0,"comment_status":"open","ping_status":"open","sticky":false,"template":"","format":"standard","meta":{"ngg_post_thumbnail":0,"_jetpack_memberships_contains_paid_content":false,"footnotes":""},"categories":[14,2],"tags":[84,68],"class_list":["post-981","post","type-post","status-publish","format-standard","hentry","category-edessegek","category-recept","tag-sargabarack","tag-tizperces"],"yoast_head":"<!-- This site is optimized with the Yoast SEO plugin v27.5 - https:\/\/yoast.com\/product\/yoast-seo-wordpress\/ -->\n<title>Karamelliz\u00e1lt s\u00e1rgabarack van\u00edlia fagyival - Coolinart.cafe<\/title>\n<meta name=\"description\" content=\"A karamelliz\u00e1lt s\u00e1rgabarack tuti siker! Meleg karamelles gy\u00fcm\u00f6lcs \u00e9s a hideg van\u00edlia fagyi komb\u00f3ja pazar. \u00c9s nem elhanyagolhat\u00f3, hogy t\u00edz perc alatt k\u00e9sz!\" \/>\n<meta name=\"robots\" content=\"index, follow, max-snippet:-1, max-image-preview:large, max-video-preview:-1\" \/>\n<link rel=\"canonical\" href=\"https:\/\/coolinart.cafe\/blog\/2016\/07\/karamellizalt-sargabarack-vanilia-fagyival\/\" \/>\n<meta property=\"og:locale\" content=\"hu_HU\" \/>\n<meta property=\"og:type\" content=\"article\" \/>\n<meta property=\"og:title\" content=\"Karamelliz\u00e1lt s\u00e1rgabarack van\u00edlia fagyival - Coolinart.cafe\" \/>\n<meta property=\"og:description\" content=\"A karamelliz\u00e1lt s\u00e1rgabarack tuti siker! Meleg karamelles gy\u00fcm\u00f6lcs \u00e9s a hideg van\u00edlia fagyi komb\u00f3ja pazar. \u00c9s nem elhanyagolhat\u00f3, hogy t\u00edz perc alatt k\u00e9sz!\" \/>\n<meta property=\"og:url\" content=\"https:\/\/coolinart.cafe\/blog\/2016\/07\/karamellizalt-sargabarack-vanilia-fagyival\/\" \/>\n<meta property=\"og:site_name\" content=\"Coolinart.cafe\" \/>\n<meta property=\"article:publisher\" content=\"https:\/\/www.facebook.com\/coolinart.cafe\/\" \/>\n<meta property=\"article:published_time\" content=\"2016-07-04T11:36:28+00:00\" \/>\n<meta property=\"article:modified_time\" content=\"2016-07-04T11:36:45+00:00\" \/>\n<meta property=\"og:image\" content=\"https:\/\/i0.wp.com\/coolinart.cafe\/blog\/wp-content\/uploads\/2016\/07\/FB20160703_210956.jpg?fit=1200%2C630&ssl=1\" \/>\n\t<meta property=\"og:image:width\" content=\"1200\" \/>\n\t<meta property=\"og:image:height\" content=\"630\" \/>\n\t<meta property=\"og:image:type\" content=\"image\/jpeg\" \/>\n<meta name=\"author\" content=\"Sulyok Gy\u00f6rgyi\" \/>\n<meta name=\"twitter:card\" content=\"summary_large_image\" \/>\n<meta name=\"twitter:label1\" content=\"Szerz\u0151:\" \/>\n\t<meta name=\"twitter:data1\" content=\"Sulyok Gy\u00f6rgyi\" \/>\n\t<meta name=\"twitter:label2\" content=\"Becs\u00fclt olvas\u00e1si id\u0151\" \/>\n\t<meta name=\"twitter:data2\" content=\"1 perc\" \/>\n<script type=\"application\/ld+json\" class=\"yoast-schema-graph\">{\"@context\":\"https:\\\/\\\/schema.org\",\"@graph\":[{\"@type\":\"Article\",\"@id\":\"https:\\\/\\\/coolinart.cafe\\\/blog\\\/2016\\\/07\\\/karamellizalt-sargabarack-vanilia-fagyival\\\/#article\",\"isPartOf\":{\"@id\":\"https:\\\/\\\/coolinart.cafe\\\/blog\\\/2016\\\/07\\\/karamellizalt-sargabarack-vanilia-fagyival\\\/\"},\"author\":{\"name\":\"Sulyok Gy\u00f6rgyi\",\"@id\":\"https:\\\/\\\/coolinart.cafe\\\/blog\\\/#\\\/schema\\\/person\\\/0b9046a8abdce332b3919b077f7376b2\"},\"headline\":\"Karamelliz\u00e1lt s\u00e1rgabarack van\u00edlia fagyival\",\"datePublished\":\"2016-07-04T11:36:28+00:00\",\"dateModified\":\"2016-07-04T11:36:45+00:00\",\"mainEntityOfPage\":{\"@id\":\"https:\\\/\\\/coolinart.cafe\\\/blog\\\/2016\\\/07\\\/karamellizalt-sargabarack-vanilia-fagyival\\\/\"},\"wordCount\":185,\"commentCount\":0,\"image\":{\"@id\":\"https:\\\/\\\/coolinart.cafe\\\/blog\\\/2016\\\/07\\\/karamellizalt-sargabarack-vanilia-fagyival\\\/#primaryimage\"},\"thumbnailUrl\":\"https:\\\/\\\/coolinart.cafe\\\/blog\\\/wp-content\\\/uploads\\\/2016\\\/07\\\/2016-07-03-21-11-29-e1467620685691-1024x768.jpg\",\"keywords\":[\"S\u00e1rgabarack\",\"T\u00edzperces\"],\"articleSection\":[\"Desszertek\",\"Receptek\"],\"inLanguage\":\"hu\",\"potentialAction\":[{\"@type\":\"CommentAction\",\"name\":\"Comment\",\"target\":[\"https:\\\/\\\/coolinart.cafe\\\/blog\\\/2016\\\/07\\\/karamellizalt-sargabarack-vanilia-fagyival\\\/#respond\"]}]},{\"@type\":\"WebPage\",\"@id\":\"https:\\\/\\\/coolinart.cafe\\\/blog\\\/2016\\\/07\\\/karamellizalt-sargabarack-vanilia-fagyival\\\/\",\"url\":\"https:\\\/\\\/coolinart.cafe\\\/blog\\\/2016\\\/07\\\/karamellizalt-sargabarack-vanilia-fagyival\\\/\",\"name\":\"Karamelliz\u00e1lt s\u00e1rgabarack van\u00edlia fagyival - Coolinart.cafe\",\"isPartOf\":{\"@id\":\"https:\\\/\\\/coolinart.cafe\\\/blog\\\/#website\"},\"primaryImageOfPage\":{\"@id\":\"https:\\\/\\\/coolinart.cafe\\\/blog\\\/2016\\\/07\\\/karamellizalt-sargabarack-vanilia-fagyival\\\/#primaryimage\"},\"image\":{\"@id\":\"https:\\\/\\\/coolinart.cafe\\\/blog\\\/2016\\\/07\\\/karamellizalt-sargabarack-vanilia-fagyival\\\/#primaryimage\"},\"thumbnailUrl\":\"https:\\\/\\\/coolinart.cafe\\\/blog\\\/wp-content\\\/uploads\\\/2016\\\/07\\\/2016-07-03-21-11-29-e1467620685691-1024x768.jpg\",\"datePublished\":\"2016-07-04T11:36:28+00:00\",\"dateModified\":\"2016-07-04T11:36:45+00:00\",\"author\":{\"@id\":\"https:\\\/\\\/coolinart.cafe\\\/blog\\\/#\\\/schema\\\/person\\\/0b9046a8abdce332b3919b077f7376b2\"},\"description\":\"A karamelliz\u00e1lt s\u00e1rgabarack tuti siker! Meleg karamelles gy\u00fcm\u00f6lcs \u00e9s a hideg van\u00edlia fagyi komb\u00f3ja pazar. \u00c9s nem elhanyagolhat\u00f3, hogy t\u00edz perc alatt k\u00e9sz!\",\"breadcrumb\":{\"@id\":\"https:\\\/\\\/coolinart.cafe\\\/blog\\\/2016\\\/07\\\/karamellizalt-sargabarack-vanilia-fagyival\\\/#breadcrumb\"},\"inLanguage\":\"hu\",\"potentialAction\":[{\"@type\":\"ReadAction\",\"target\":[\"https:\\\/\\\/coolinart.cafe\\\/blog\\\/2016\\\/07\\\/karamellizalt-sargabarack-vanilia-fagyival\\\/\"]}]},{\"@type\":\"ImageObject\",\"inLanguage\":\"hu\",\"@id\":\"https:\\\/\\\/coolinart.cafe\\\/blog\\\/2016\\\/07\\\/karamellizalt-sargabarack-vanilia-fagyival\\\/#primaryimage\",\"url\":\"https:\\\/\\\/i0.wp.com\\\/coolinart.cafe\\\/blog\\\/wp-content\\\/uploads\\\/2016\\\/07\\\/2016-07-03-21-11-29-e1467620685691.jpg?fit=2048%2C1536&ssl=1\",\"contentUrl\":\"https:\\\/\\\/i0.wp.com\\\/coolinart.cafe\\\/blog\\\/wp-content\\\/uploads\\\/2016\\\/07\\\/2016-07-03-21-11-29-e1467620685691.jpg?fit=2048%2C1536&ssl=1\",\"width\":2048,\"height\":1536},{\"@type\":\"BreadcrumbList\",\"@id\":\"https:\\\/\\\/coolinart.cafe\\\/blog\\\/2016\\\/07\\\/karamellizalt-sargabarack-vanilia-fagyival\\\/#breadcrumb\",\"itemListElement\":[{\"@type\":\"ListItem\",\"position\":1,\"name\":\"Home\",\"item\":\"https:\\\/\\\/coolinart.cafe\\\/blog\\\/\"},{\"@type\":\"ListItem\",\"position\":2,\"name\":\"Karamelliz\u00e1lt s\u00e1rgabarack van\u00edlia fagyival\"}]},{\"@type\":\"WebSite\",\"@id\":\"https:\\\/\\\/coolinart.cafe\\\/blog\\\/#website\",\"url\":\"https:\\\/\\\/coolinart.cafe\\\/blog\\\/\",\"name\":\"Coolinart.cafe\",\"description\":\"\u00e9tel, k\u00e1v\u00e9, kult\u00fara\",\"potentialAction\":[{\"@type\":\"SearchAction\",\"target\":{\"@type\":\"EntryPoint\",\"urlTemplate\":\"https:\\\/\\\/coolinart.cafe\\\/blog\\\/?s={search_term_string}\"},\"query-input\":{\"@type\":\"PropertyValueSpecification\",\"valueRequired\":true,\"valueName\":\"search_term_string\"}}],\"inLanguage\":\"hu\"},{\"@type\":\"Person\",\"@id\":\"https:\\\/\\\/coolinart.cafe\\\/blog\\\/#\\\/schema\\\/person\\\/0b9046a8abdce332b3919b077f7376b2\",\"name\":\"Sulyok Gy\u00f6rgyi\",\"image\":{\"@type\":\"ImageObject\",\"inLanguage\":\"hu\",\"@id\":\"https:\\\/\\\/secure.gravatar.com\\\/avatar\\\/f7d80d7800220762f9cf31559c65e650bdc8299f18bca4e3ffde781c0422539c?s=96&d=mm&r=g\",\"url\":\"https:\\\/\\\/secure.gravatar.com\\\/avatar\\\/f7d80d7800220762f9cf31559c65e650bdc8299f18bca4e3ffde781c0422539c?s=96&d=mm&r=g\",\"contentUrl\":\"https:\\\/\\\/secure.gravatar.com\\\/avatar\\\/f7d80d7800220762f9cf31559c65e650bdc8299f18bca4e3ffde781c0422539c?s=96&d=mm&r=g\",\"caption\":\"Sulyok Gy\u00f6rgyi\"},\"sameAs\":[\"http:\\\/\\\/www.coolinart.cafe\"],\"url\":\"https:\\\/\\\/coolinart.cafe\\\/blog\\\/author\\\/gyorgyi\\\/\"}]}<\/script>\n<!-- \/ Yoast SEO plugin. -->","yoast_head_json":{"title":"Karamelliz\u00e1lt s\u00e1rgabarack van\u00edlia fagyival - Coolinart.cafe","description":"A karamelliz\u00e1lt s\u00e1rgabarack tuti siker! Meleg karamelles gy\u00fcm\u00f6lcs \u00e9s a hideg van\u00edlia fagyi komb\u00f3ja pazar. \u00c9s nem elhanyagolhat\u00f3, hogy t\u00edz perc alatt k\u00e9sz!","robots":{"index":"index","follow":"follow","max-snippet":"max-snippet:-1","max-image-preview":"max-image-preview:large","max-video-preview":"max-video-preview:-1"},"canonical":"https:\/\/coolinart.cafe\/blog\/2016\/07\/karamellizalt-sargabarack-vanilia-fagyival\/","og_locale":"hu_HU","og_type":"article","og_title":"Karamelliz\u00e1lt s\u00e1rgabarack van\u00edlia fagyival - Coolinart.cafe","og_description":"A karamelliz\u00e1lt s\u00e1rgabarack tuti siker! Meleg karamelles gy\u00fcm\u00f6lcs \u00e9s a hideg van\u00edlia fagyi komb\u00f3ja pazar. \u00c9s nem elhanyagolhat\u00f3, hogy t\u00edz perc alatt k\u00e9sz!","og_url":"https:\/\/coolinart.cafe\/blog\/2016\/07\/karamellizalt-sargabarack-vanilia-fagyival\/","og_site_name":"Coolinart.cafe","article_publisher":"https:\/\/www.facebook.com\/coolinart.cafe\/","article_published_time":"2016-07-04T11:36:28+00:00","article_modified_time":"2016-07-04T11:36:45+00:00","og_image":[{"width":1200,"height":630,"url":"https:\/\/i0.wp.com\/coolinart.cafe\/blog\/wp-content\/uploads\/2016\/07\/FB20160703_210956.jpg?fit=1200%2C630&ssl=1","type":"image\/jpeg"}],"author":"Sulyok Gy\u00f6rgyi","twitter_card":"summary_large_image","twitter_misc":{"Szerz\u0151:":"Sulyok Gy\u00f6rgyi","Becs\u00fclt olvas\u00e1si id\u0151":"1 perc"},"schema":{"@context":"https:\/\/schema.org","@graph":[{"@type":"Article","@id":"https:\/\/coolinart.cafe\/blog\/2016\/07\/karamellizalt-sargabarack-vanilia-fagyival\/#article","isPartOf":{"@id":"https:\/\/coolinart.cafe\/blog\/2016\/07\/karamellizalt-sargabarack-vanilia-fagyival\/"},"author":{"name":"Sulyok Gy\u00f6rgyi","@id":"https:\/\/coolinart.cafe\/blog\/#\/schema\/person\/0b9046a8abdce332b3919b077f7376b2"},"headline":"Karamelliz\u00e1lt s\u00e1rgabarack van\u00edlia fagyival","datePublished":"2016-07-04T11:36:28+00:00","dateModified":"2016-07-04T11:36:45+00:00","mainEntityOfPage":{"@id":"https:\/\/coolinart.cafe\/blog\/2016\/07\/karamellizalt-sargabarack-vanilia-fagyival\/"},"wordCount":185,"commentCount":0,"image":{"@id":"https:\/\/coolinart.cafe\/blog\/2016\/07\/karamellizalt-sargabarack-vanilia-fagyival\/#primaryimage"},"thumbnailUrl":"https:\/\/coolinart.cafe\/blog\/wp-content\/uploads\/2016\/07\/2016-07-03-21-11-29-e1467620685691-1024x768.jpg","keywords":["S\u00e1rgabarack","T\u00edzperces"],"articleSection":["Desszertek","Receptek"],"inLanguage":"hu","potentialAction":[{"@type":"CommentAction","name":"Comment","target":["https:\/\/coolinart.cafe\/blog\/2016\/07\/karamellizalt-sargabarack-vanilia-fagyival\/#respond"]}]},{"@type":"WebPage","@id":"https:\/\/coolinart.cafe\/blog\/2016\/07\/karamellizalt-sargabarack-vanilia-fagyival\/","url":"https:\/\/coolinart.cafe\/blog\/2016\/07\/karamellizalt-sargabarack-vanilia-fagyival\/","name":"Karamelliz\u00e1lt s\u00e1rgabarack van\u00edlia fagyival - Coolinart.cafe","isPartOf":{"@id":"https:\/\/coolinart.cafe\/blog\/#website"},"primaryImageOfPage":{"@id":"https:\/\/coolinart.cafe\/blog\/2016\/07\/karamellizalt-sargabarack-vanilia-fagyival\/#primaryimage"},"image":{"@id":"https:\/\/coolinart.cafe\/blog\/2016\/07\/karamellizalt-sargabarack-vanilia-fagyival\/#primaryimage"},"thumbnailUrl":"https:\/\/coolinart.cafe\/blog\/wp-content\/uploads\/2016\/07\/2016-07-03-21-11-29-e1467620685691-1024x768.jpg","datePublished":"2016-07-04T11:36:28+00:00","dateModified":"2016-07-04T11:36:45+00:00","author":{"@id":"https:\/\/coolinart.cafe\/blog\/#\/schema\/person\/0b9046a8abdce332b3919b077f7376b2"},"description":"A karamelliz\u00e1lt s\u00e1rgabarack tuti siker! Meleg karamelles gy\u00fcm\u00f6lcs \u00e9s a hideg van\u00edlia fagyi komb\u00f3ja pazar. \u00c9s nem elhanyagolhat\u00f3, hogy t\u00edz perc alatt k\u00e9sz!","breadcrumb":{"@id":"https:\/\/coolinart.cafe\/blog\/2016\/07\/karamellizalt-sargabarack-vanilia-fagyival\/#breadcrumb"},"inLanguage":"hu","potentialAction":[{"@type":"ReadAction","target":["https:\/\/coolinart.cafe\/blog\/2016\/07\/karamellizalt-sargabarack-vanilia-fagyival\/"]}]},{"@type":"ImageObject","inLanguage":"hu","@id":"https:\/\/coolinart.cafe\/blog\/2016\/07\/karamellizalt-sargabarack-vanilia-fagyival\/#primaryimage","url":"https:\/\/i0.wp.com\/coolinart.cafe\/blog\/wp-content\/uploads\/2016\/07\/2016-07-03-21-11-29-e1467620685691.jpg?fit=2048%2C1536&ssl=1","contentUrl":"https:\/\/i0.wp.com\/coolinart.cafe\/blog\/wp-content\/uploads\/2016\/07\/2016-07-03-21-11-29-e1467620685691.jpg?fit=2048%2C1536&ssl=1","width":2048,"height":1536},{"@type":"BreadcrumbList","@id":"https:\/\/coolinart.cafe\/blog\/2016\/07\/karamellizalt-sargabarack-vanilia-fagyival\/#breadcrumb","itemListElement":[{"@type":"ListItem","position":1,"name":"Home","item":"https:\/\/coolinart.cafe\/blog\/"},{"@type":"ListItem","position":2,"name":"Karamelliz\u00e1lt s\u00e1rgabarack van\u00edlia fagyival"}]},{"@type":"WebSite","@id":"https:\/\/coolinart.cafe\/blog\/#website","url":"https:\/\/coolinart.cafe\/blog\/","name":"Coolinart.cafe","description":"\u00e9tel, k\u00e1v\u00e9, kult\u00fara","potentialAction":[{"@type":"SearchAction","target":{"@type":"EntryPoint","urlTemplate":"https:\/\/coolinart.cafe\/blog\/?s={search_term_string}"},"query-input":{"@type":"PropertyValueSpecification","valueRequired":true,"valueName":"search_term_string"}}],"inLanguage":"hu"},{"@type":"Person","@id":"https:\/\/coolinart.cafe\/blog\/#\/schema\/person\/0b9046a8abdce332b3919b077f7376b2","name":"Sulyok Gy\u00f6rgyi","image":{"@type":"ImageObject","inLanguage":"hu","@id":"https:\/\/secure.gravatar.com\/avatar\/f7d80d7800220762f9cf31559c65e650bdc8299f18bca4e3ffde781c0422539c?s=96&d=mm&r=g","url":"https:\/\/secure.gravatar.com\/avatar\/f7d80d7800220762f9cf31559c65e650bdc8299f18bca4e3ffde781c0422539c?s=96&d=mm&r=g","contentUrl":"https:\/\/secure.gravatar.com\/avatar\/f7d80d7800220762f9cf31559c65e650bdc8299f18bca4e3ffde781c0422539c?s=96&d=mm&r=g","caption":"Sulyok Gy\u00f6rgyi"},"sameAs":["http:\/\/www.coolinart.cafe"],"url":"https:\/\/coolinart.cafe\/blog\/author\/gyorgyi\/"}]}},"jetpack_featured_media_url":"","jetpack_sharing_enabled":true,"_links":{"self":[{"href":"https:\/\/coolinart.cafe\/blog\/wp-json\/wp\/v2\/posts\/981","targetHints":{"allow":["GET"]}}],"collection":[{"href":"https:\/\/coolinart.cafe\/blog\/wp-json\/wp\/v2\/posts"}],"about":[{"href":"https:\/\/coolinart.cafe\/blog\/wp-json\/wp\/v2\/types\/post"}],"author":[{"embeddable":true,"href":"https:\/\/coolinart.cafe\/blog\/wp-json\/wp\/v2\/users\/2"}],"replies":[{"embeddable":true,"href":"https:\/\/coolinart.cafe\/blog\/wp-json\/wp\/v2\/comments?post=981"}],"version-history":[{"count":6,"href":"https:\/\/coolinart.cafe\/blog\/wp-json\/wp\/v2\/posts\/981\/revisions"}],"predecessor-version":[{"id":991,"href":"https:\/\/coolinart.cafe\/blog\/wp-json\/wp\/v2\/posts\/981\/revisions\/991"}],"wp:attachment":[{"href":"https:\/\/coolinart.cafe\/blog\/wp-json\/wp\/v2\/media?parent=981"}],"wp:term":[{"taxonomy":"category","embeddable":true,"href":"https:\/\/coolinart.cafe\/blog\/wp-json\/wp\/v2\/categories?post=981"},{"taxonomy":"post_tag","embeddable":true,"href":"https:\/\/coolinart.cafe\/blog\/wp-json\/wp\/v2\/tags?post=981"}],"curies":[{"name":"wp","href":"https:\/\/api.w.org\/{rel}","templated":true}]}}