{"id":713,"date":"2016-05-29T08:58:19","date_gmt":"2016-05-29T06:58:19","guid":{"rendered":"http:\/\/coolinart.cafe\/blog\/?p=713"},"modified":"2016-05-29T09:01:08","modified_gmt":"2016-05-29T07:01:08","slug":"epres-turos-suti","status":"publish","type":"post","link":"https:\/\/coolinart.cafe\/blog\/2016\/05\/epres-turos-suti\/","title":{"rendered":"Epres-t\u00far\u00f3s s\u00fcti"},"content":{"rendered":"<p>Ez egy nagyon gyorsan elk\u00e9sz\u00edthet\u0151 epres-t\u00far\u00f3s s\u00fcti.\u00a0 B\u00e1rmilyen id\u00e9ny gy\u00fcm\u00f6lccsel el tudj\u00e1tok k\u00e9sz\u00edteni, \u00e9n m\u00e9g m\u00e1ln\u00e1val nagyon szeretem. Gyakran csin\u00e1lom tortaform\u00e1ban is, \u00fagy egy igaz\u00e1n finom t\u00far\u00f3torta lesz bel\u0151le.<\/p>\n<p><img data-recalc-dims=\"1\" decoding=\"async\" class=\"aligncenter wp-image-715 size-large lazyload\" data-src=\"https:\/\/i0.wp.com\/coolinart.cafe\/blog\/wp-content\/uploads\/2016\/05\/2016-05-27-19-01-13-e1464504912519-1024x768.jpg?resize=665%2C499&#038;ssl=1\" alt=\"2016-05-27-19-01-13\" width=\"665\" height=\"499\" data-srcset=\"https:\/\/i0.wp.com\/coolinart.cafe\/blog\/wp-content\/uploads\/2016\/05\/2016-05-27-19-01-13-e1464504912519.jpg?resize=1024%2C768&amp;ssl=1 1024w, https:\/\/i0.wp.com\/coolinart.cafe\/blog\/wp-content\/uploads\/2016\/05\/2016-05-27-19-01-13-e1464504912519.jpg?resize=300%2C225&amp;ssl=1 300w, https:\/\/i0.wp.com\/coolinart.cafe\/blog\/wp-content\/uploads\/2016\/05\/2016-05-27-19-01-13-e1464504912519.jpg?resize=768%2C576&amp;ssl=1 768w, https:\/\/i0.wp.com\/coolinart.cafe\/blog\/wp-content\/uploads\/2016\/05\/2016-05-27-19-01-13-e1464504912519.jpg?w=2048&amp;ssl=1 2048w, https:\/\/i0.wp.com\/coolinart.cafe\/blog\/wp-content\/uploads\/2016\/05\/2016-05-27-19-01-13-e1464504912519.jpg?w=1330&amp;ssl=1 1330w, https:\/\/i0.wp.com\/coolinart.cafe\/blog\/wp-content\/uploads\/2016\/05\/2016-05-27-19-01-13-e1464504912519.jpg?w=1995&amp;ssl=1 1995w\" data-sizes=\"(max-width: 665px) 100vw, 665px\" src=\"data:image\/svg+xml;base64,PHN2ZyB3aWR0aD0iMSIgaGVpZ2h0PSIxIiB4bWxucz0iaHR0cDovL3d3dy53My5vcmcvMjAwMC9zdmciPjwvc3ZnPg==\" style=\"--smush-placeholder-width: 665px; --smush-placeholder-aspect-ratio: 665\/499;\" \/><\/p>\n<p><em>Hozz\u00e1val\u00f3k:<\/em><\/p>\n<ul>\n<li>50 dkg t\u00far\u00f3<\/li>\n<li>2 dl tejf\u00f6l<\/li>\n<li>6 toj\u00e1s sz\u00e9tv\u00e1lasztva<\/li>\n<li>8 dkg cukor1 cs. van\u00edli\u00e1s cukor<\/li>\n<li>20 dkg glut\u00e9nmentes liszt (persze lehet norm\u00e1l liszt is, akkor jobb, ha gr\u00edzes)<\/li>\n<li>1 cs. s\u00fct\u0151por<\/li>\n<li>1 r\u00fad van\u00edlia magja<\/li>\n<li>1 citrom leve \u00e9s h\u00e9ja reszelve<\/li>\n<li>1 csipet s\u00f3<\/li>\n<\/ul>\n<p>A s\u00fct\u0151t el\u0151meleg\u00edtem 180 fokra. Egy tepsit vagy tortaform\u00e1t kib\u00e9lelek s\u00fct\u0151pap\u00edrral, vagy kivajazom. A toj\u00e1sokat sz\u00e9tv\u00e1lasztom. A s\u00e1rg\u00e1j\u00e1t a cukrokkal \u00e9s a van\u00edlia magj\u00e1val feh\u00e9red\u00e9sig keverem egy nagyobb t\u00e1lban, robotg\u00e9ppel. Ut\u00e1na hozz\u00e1adom a citrom reszelt h\u00e9j\u00e1t \u00e9s a lev\u00e9t, a t\u00far\u00f3t \u00e9s a tejf\u00f6lt, ezekkel is j\u00f3l eldolgozom. Lehet ezt is g\u00e9ppel csin\u00e1lni, mert \u00fagy jobban sz\u00e9tmennek a t\u00far\u00f3 szemcs\u00e9i (\u00e9n lusta vagyok \u00e1tpassz\u00edrozni). A lisztet \u00f6sszekeverem a s\u00fct\u0151porral, \u00e9s a t\u00far\u00f3s massz\u00e1hoz keverem. K\u00f6zben a toj\u00e1sok feh\u00e9rj\u00e9t egy csipet s\u00f3val kem\u00e9ny habb\u00e1 verem, \u00e9s laz\u00e1n belekeverem ezt is a massz\u00e1ba. Kirakom a tetej\u00e9t j\u00f3 s\u0171r\u0171n az eperrel. Bele\u00f6nt\u00f6m a tepsibe\/tortaform\u00e1ba \u00e9s beteszem a s\u00fct\u0151be, kb. 50 percig s\u00fct\u00f6m.<\/p>\n<p>&nbsp;<\/p>\n<p>&nbsp;<\/p>\n<p>&nbsp;<\/p>\n","protected":false},"excerpt":{"rendered":"<p>Ez egy nagyon gyorsan elk\u00e9sz\u00edthet\u0151 epres-t\u00far\u00f3s s\u00fcti.\u00a0 B\u00e1rmilyen id\u00e9ny gy\u00fcm\u00f6lccsel el tudj\u00e1tok k\u00e9sz\u00edteni, \u00e9n m\u00e9g m\u00e1ln\u00e1val nagyon szeretem. Gyakran csin\u00e1lom tortaform\u00e1ban is, \u00fagy egy igaz\u00e1n finom t\u00far\u00f3torta lesz bel\u0151le. Hozz\u00e1val\u00f3k: 50 dkg t\u00far\u00f3 2 dl tejf\u00f6l 6 toj\u00e1s sz\u00e9tv\u00e1lasztva 8 dkg cukor1 cs. van\u00edli\u00e1s cukor 20 dkg glut\u00e9nmentes liszt (persze lehet norm\u00e1l liszt is, akkor [&hellip;]<\/p>\n","protected":false},"author":2,"featured_media":0,"comment_status":"open","ping_status":"open","sticky":false,"template":"","format":"standard","meta":{"ngg_post_thumbnail":0,"_jetpack_memberships_contains_paid_content":false,"footnotes":""},"categories":[1],"tags":[59,36,61],"class_list":["post-713","post","type-post","status-publish","format-standard","hentry","category-uncategorized","tag-eper","tag-glutenmentes","tag-vega"],"yoast_head":"<!-- This site is optimized with the Yoast SEO plugin v27.5 - https:\/\/yoast.com\/product\/yoast-seo-wordpress\/ -->\n<title>Epres-t\u00far\u00f3s s\u00fcti - Coolinart.cafe<\/title>\n<meta name=\"description\" content=\"Ez az epres-t\u00far\u00f3s s\u00fcti biztos, hogy mindenkinek \u00edzleni fog. 15 perc alatt \u00f6sszekevered, \u00f6tven percet s\u00fct\u00f6d \u00e9s m\u00e1r k\u00e9sz is. M\u00e1s gy\u00fcm\u00f6lccsel is nagyon finom.\" \/>\n<meta name=\"robots\" content=\"index, follow, max-snippet:-1, max-image-preview:large, max-video-preview:-1\" \/>\n<link rel=\"canonical\" href=\"https:\/\/coolinart.cafe\/blog\/2016\/05\/epres-turos-suti\/\" \/>\n<meta property=\"og:locale\" content=\"hu_HU\" \/>\n<meta property=\"og:type\" content=\"article\" \/>\n<meta property=\"og:title\" content=\"Epres-t\u00far\u00f3s s\u00fcti - Coolinart.cafe\" \/>\n<meta property=\"og:description\" content=\"Ez az epres-t\u00far\u00f3s s\u00fcti biztos, hogy mindenkinek \u00edzleni fog. 15 perc alatt \u00f6sszekevered, \u00f6tven percet s\u00fct\u00f6d \u00e9s m\u00e1r k\u00e9sz is. M\u00e1s gy\u00fcm\u00f6lccsel is nagyon finom.\" \/>\n<meta property=\"og:url\" content=\"https:\/\/coolinart.cafe\/blog\/2016\/05\/epres-turos-suti\/\" \/>\n<meta property=\"og:site_name\" content=\"Coolinart.cafe\" \/>\n<meta property=\"article:publisher\" content=\"https:\/\/www.facebook.com\/coolinart.cafe\/\" \/>\n<meta property=\"article:published_time\" content=\"2016-05-29T06:58:19+00:00\" \/>\n<meta property=\"article:modified_time\" content=\"2016-05-29T07:01:08+00:00\" \/>\n<meta property=\"og:image\" content=\"https:\/\/i0.wp.com\/coolinart.cafe\/blog\/wp-content\/uploads\/2016\/05\/FB2016-05-27-19-01-13.jpg?fit=1200%2C622&ssl=1\" \/>\n\t<meta property=\"og:image:width\" content=\"1200\" \/>\n\t<meta property=\"og:image:height\" content=\"622\" \/>\n\t<meta property=\"og:image:type\" content=\"image\/jpeg\" \/>\n<meta name=\"author\" content=\"Sulyok Gy\u00f6rgyi\" \/>\n<meta name=\"twitter:card\" content=\"summary_large_image\" \/>\n<meta name=\"twitter:label1\" content=\"Szerz\u0151:\" \/>\n\t<meta name=\"twitter:data1\" content=\"Sulyok Gy\u00f6rgyi\" \/>\n\t<meta name=\"twitter:label2\" content=\"Becs\u00fclt olvas\u00e1si id\u0151\" \/>\n\t<meta name=\"twitter:data2\" content=\"1 perc\" \/>\n<script type=\"application\/ld+json\" class=\"yoast-schema-graph\">{\"@context\":\"https:\\\/\\\/schema.org\",\"@graph\":[{\"@type\":\"Article\",\"@id\":\"https:\\\/\\\/coolinart.cafe\\\/blog\\\/2016\\\/05\\\/epres-turos-suti\\\/#article\",\"isPartOf\":{\"@id\":\"https:\\\/\\\/coolinart.cafe\\\/blog\\\/2016\\\/05\\\/epres-turos-suti\\\/\"},\"author\":{\"name\":\"Sulyok Gy\u00f6rgyi\",\"@id\":\"https:\\\/\\\/coolinart.cafe\\\/blog\\\/#\\\/schema\\\/person\\\/0b9046a8abdce332b3919b077f7376b2\"},\"headline\":\"Epres-t\u00far\u00f3s s\u00fcti\",\"datePublished\":\"2016-05-29T06:58:19+00:00\",\"dateModified\":\"2016-05-29T07:01:08+00:00\",\"mainEntityOfPage\":{\"@id\":\"https:\\\/\\\/coolinart.cafe\\\/blog\\\/2016\\\/05\\\/epres-turos-suti\\\/\"},\"wordCount\":278,\"commentCount\":1,\"image\":{\"@id\":\"https:\\\/\\\/coolinart.cafe\\\/blog\\\/2016\\\/05\\\/epres-turos-suti\\\/#primaryimage\"},\"thumbnailUrl\":\"https:\\\/\\\/coolinart.cafe\\\/blog\\\/wp-content\\\/uploads\\\/2016\\\/05\\\/2016-05-27-19-01-13-e1464504912519-1024x768.jpg\",\"keywords\":[\"Eper\",\"Glut\u00e9nmentes\",\"Vega\"],\"articleSection\":[\"Uncategorized\"],\"inLanguage\":\"hu\",\"potentialAction\":[{\"@type\":\"CommentAction\",\"name\":\"Comment\",\"target\":[\"https:\\\/\\\/coolinart.cafe\\\/blog\\\/2016\\\/05\\\/epres-turos-suti\\\/#respond\"]}]},{\"@type\":\"WebPage\",\"@id\":\"https:\\\/\\\/coolinart.cafe\\\/blog\\\/2016\\\/05\\\/epres-turos-suti\\\/\",\"url\":\"https:\\\/\\\/coolinart.cafe\\\/blog\\\/2016\\\/05\\\/epres-turos-suti\\\/\",\"name\":\"Epres-t\u00far\u00f3s s\u00fcti - Coolinart.cafe\",\"isPartOf\":{\"@id\":\"https:\\\/\\\/coolinart.cafe\\\/blog\\\/#website\"},\"primaryImageOfPage\":{\"@id\":\"https:\\\/\\\/coolinart.cafe\\\/blog\\\/2016\\\/05\\\/epres-turos-suti\\\/#primaryimage\"},\"image\":{\"@id\":\"https:\\\/\\\/coolinart.cafe\\\/blog\\\/2016\\\/05\\\/epres-turos-suti\\\/#primaryimage\"},\"thumbnailUrl\":\"https:\\\/\\\/coolinart.cafe\\\/blog\\\/wp-content\\\/uploads\\\/2016\\\/05\\\/2016-05-27-19-01-13-e1464504912519-1024x768.jpg\",\"datePublished\":\"2016-05-29T06:58:19+00:00\",\"dateModified\":\"2016-05-29T07:01:08+00:00\",\"author\":{\"@id\":\"https:\\\/\\\/coolinart.cafe\\\/blog\\\/#\\\/schema\\\/person\\\/0b9046a8abdce332b3919b077f7376b2\"},\"description\":\"Ez az epres-t\u00far\u00f3s s\u00fcti biztos, hogy mindenkinek \u00edzleni fog. 15 perc alatt \u00f6sszekevered, \u00f6tven percet s\u00fct\u00f6d \u00e9s m\u00e1r k\u00e9sz is. M\u00e1s gy\u00fcm\u00f6lccsel is nagyon finom.\",\"breadcrumb\":{\"@id\":\"https:\\\/\\\/coolinart.cafe\\\/blog\\\/2016\\\/05\\\/epres-turos-suti\\\/#breadcrumb\"},\"inLanguage\":\"hu\",\"potentialAction\":[{\"@type\":\"ReadAction\",\"target\":[\"https:\\\/\\\/coolinart.cafe\\\/blog\\\/2016\\\/05\\\/epres-turos-suti\\\/\"]}]},{\"@type\":\"ImageObject\",\"inLanguage\":\"hu\",\"@id\":\"https:\\\/\\\/coolinart.cafe\\\/blog\\\/2016\\\/05\\\/epres-turos-suti\\\/#primaryimage\",\"url\":\"https:\\\/\\\/i0.wp.com\\\/coolinart.cafe\\\/blog\\\/wp-content\\\/uploads\\\/2016\\\/05\\\/2016-05-27-19-01-13-e1464504912519.jpg?fit=2048%2C1536&ssl=1\",\"contentUrl\":\"https:\\\/\\\/i0.wp.com\\\/coolinart.cafe\\\/blog\\\/wp-content\\\/uploads\\\/2016\\\/05\\\/2016-05-27-19-01-13-e1464504912519.jpg?fit=2048%2C1536&ssl=1\",\"width\":2048,\"height\":1536},{\"@type\":\"BreadcrumbList\",\"@id\":\"https:\\\/\\\/coolinart.cafe\\\/blog\\\/2016\\\/05\\\/epres-turos-suti\\\/#breadcrumb\",\"itemListElement\":[{\"@type\":\"ListItem\",\"position\":1,\"name\":\"Home\",\"item\":\"https:\\\/\\\/coolinart.cafe\\\/blog\\\/\"},{\"@type\":\"ListItem\",\"position\":2,\"name\":\"Epres-t\u00far\u00f3s s\u00fcti\"}]},{\"@type\":\"WebSite\",\"@id\":\"https:\\\/\\\/coolinart.cafe\\\/blog\\\/#website\",\"url\":\"https:\\\/\\\/coolinart.cafe\\\/blog\\\/\",\"name\":\"Coolinart.cafe\",\"description\":\"\u00e9tel, k\u00e1v\u00e9, kult\u00fara\",\"potentialAction\":[{\"@type\":\"SearchAction\",\"target\":{\"@type\":\"EntryPoint\",\"urlTemplate\":\"https:\\\/\\\/coolinart.cafe\\\/blog\\\/?s={search_term_string}\"},\"query-input\":{\"@type\":\"PropertyValueSpecification\",\"valueRequired\":true,\"valueName\":\"search_term_string\"}}],\"inLanguage\":\"hu\"},{\"@type\":\"Person\",\"@id\":\"https:\\\/\\\/coolinart.cafe\\\/blog\\\/#\\\/schema\\\/person\\\/0b9046a8abdce332b3919b077f7376b2\",\"name\":\"Sulyok Gy\u00f6rgyi\",\"image\":{\"@type\":\"ImageObject\",\"inLanguage\":\"hu\",\"@id\":\"https:\\\/\\\/secure.gravatar.com\\\/avatar\\\/f7d80d7800220762f9cf31559c65e650bdc8299f18bca4e3ffde781c0422539c?s=96&d=mm&r=g\",\"url\":\"https:\\\/\\\/secure.gravatar.com\\\/avatar\\\/f7d80d7800220762f9cf31559c65e650bdc8299f18bca4e3ffde781c0422539c?s=96&d=mm&r=g\",\"contentUrl\":\"https:\\\/\\\/secure.gravatar.com\\\/avatar\\\/f7d80d7800220762f9cf31559c65e650bdc8299f18bca4e3ffde781c0422539c?s=96&d=mm&r=g\",\"caption\":\"Sulyok Gy\u00f6rgyi\"},\"sameAs\":[\"http:\\\/\\\/www.coolinart.cafe\"],\"url\":\"https:\\\/\\\/coolinart.cafe\\\/blog\\\/author\\\/gyorgyi\\\/\"}]}<\/script>\n<!-- \/ Yoast SEO plugin. -->","yoast_head_json":{"title":"Epres-t\u00far\u00f3s s\u00fcti - Coolinart.cafe","description":"Ez az epres-t\u00far\u00f3s s\u00fcti biztos, hogy mindenkinek \u00edzleni fog. 15 perc alatt \u00f6sszekevered, \u00f6tven percet s\u00fct\u00f6d \u00e9s m\u00e1r k\u00e9sz is. M\u00e1s gy\u00fcm\u00f6lccsel is nagyon finom.","robots":{"index":"index","follow":"follow","max-snippet":"max-snippet:-1","max-image-preview":"max-image-preview:large","max-video-preview":"max-video-preview:-1"},"canonical":"https:\/\/coolinart.cafe\/blog\/2016\/05\/epres-turos-suti\/","og_locale":"hu_HU","og_type":"article","og_title":"Epres-t\u00far\u00f3s s\u00fcti - Coolinart.cafe","og_description":"Ez az epres-t\u00far\u00f3s s\u00fcti biztos, hogy mindenkinek \u00edzleni fog. 15 perc alatt \u00f6sszekevered, \u00f6tven percet s\u00fct\u00f6d \u00e9s m\u00e1r k\u00e9sz is. M\u00e1s gy\u00fcm\u00f6lccsel is nagyon finom.","og_url":"https:\/\/coolinart.cafe\/blog\/2016\/05\/epres-turos-suti\/","og_site_name":"Coolinart.cafe","article_publisher":"https:\/\/www.facebook.com\/coolinart.cafe\/","article_published_time":"2016-05-29T06:58:19+00:00","article_modified_time":"2016-05-29T07:01:08+00:00","og_image":[{"width":1200,"height":622,"url":"https:\/\/i0.wp.com\/coolinart.cafe\/blog\/wp-content\/uploads\/2016\/05\/FB2016-05-27-19-01-13.jpg?fit=1200%2C622&ssl=1","type":"image\/jpeg"}],"author":"Sulyok Gy\u00f6rgyi","twitter_card":"summary_large_image","twitter_misc":{"Szerz\u0151:":"Sulyok Gy\u00f6rgyi","Becs\u00fclt olvas\u00e1si id\u0151":"1 perc"},"schema":{"@context":"https:\/\/schema.org","@graph":[{"@type":"Article","@id":"https:\/\/coolinart.cafe\/blog\/2016\/05\/epres-turos-suti\/#article","isPartOf":{"@id":"https:\/\/coolinart.cafe\/blog\/2016\/05\/epres-turos-suti\/"},"author":{"name":"Sulyok Gy\u00f6rgyi","@id":"https:\/\/coolinart.cafe\/blog\/#\/schema\/person\/0b9046a8abdce332b3919b077f7376b2"},"headline":"Epres-t\u00far\u00f3s s\u00fcti","datePublished":"2016-05-29T06:58:19+00:00","dateModified":"2016-05-29T07:01:08+00:00","mainEntityOfPage":{"@id":"https:\/\/coolinart.cafe\/blog\/2016\/05\/epres-turos-suti\/"},"wordCount":278,"commentCount":1,"image":{"@id":"https:\/\/coolinart.cafe\/blog\/2016\/05\/epres-turos-suti\/#primaryimage"},"thumbnailUrl":"https:\/\/coolinart.cafe\/blog\/wp-content\/uploads\/2016\/05\/2016-05-27-19-01-13-e1464504912519-1024x768.jpg","keywords":["Eper","Glut\u00e9nmentes","Vega"],"articleSection":["Uncategorized"],"inLanguage":"hu","potentialAction":[{"@type":"CommentAction","name":"Comment","target":["https:\/\/coolinart.cafe\/blog\/2016\/05\/epres-turos-suti\/#respond"]}]},{"@type":"WebPage","@id":"https:\/\/coolinart.cafe\/blog\/2016\/05\/epres-turos-suti\/","url":"https:\/\/coolinart.cafe\/blog\/2016\/05\/epres-turos-suti\/","name":"Epres-t\u00far\u00f3s s\u00fcti - Coolinart.cafe","isPartOf":{"@id":"https:\/\/coolinart.cafe\/blog\/#website"},"primaryImageOfPage":{"@id":"https:\/\/coolinart.cafe\/blog\/2016\/05\/epres-turos-suti\/#primaryimage"},"image":{"@id":"https:\/\/coolinart.cafe\/blog\/2016\/05\/epres-turos-suti\/#primaryimage"},"thumbnailUrl":"https:\/\/coolinart.cafe\/blog\/wp-content\/uploads\/2016\/05\/2016-05-27-19-01-13-e1464504912519-1024x768.jpg","datePublished":"2016-05-29T06:58:19+00:00","dateModified":"2016-05-29T07:01:08+00:00","author":{"@id":"https:\/\/coolinart.cafe\/blog\/#\/schema\/person\/0b9046a8abdce332b3919b077f7376b2"},"description":"Ez az epres-t\u00far\u00f3s s\u00fcti biztos, hogy mindenkinek \u00edzleni fog. 15 perc alatt \u00f6sszekevered, \u00f6tven percet s\u00fct\u00f6d \u00e9s m\u00e1r k\u00e9sz is. M\u00e1s gy\u00fcm\u00f6lccsel is nagyon finom.","breadcrumb":{"@id":"https:\/\/coolinart.cafe\/blog\/2016\/05\/epres-turos-suti\/#breadcrumb"},"inLanguage":"hu","potentialAction":[{"@type":"ReadAction","target":["https:\/\/coolinart.cafe\/blog\/2016\/05\/epres-turos-suti\/"]}]},{"@type":"ImageObject","inLanguage":"hu","@id":"https:\/\/coolinart.cafe\/blog\/2016\/05\/epres-turos-suti\/#primaryimage","url":"https:\/\/i0.wp.com\/coolinart.cafe\/blog\/wp-content\/uploads\/2016\/05\/2016-05-27-19-01-13-e1464504912519.jpg?fit=2048%2C1536&ssl=1","contentUrl":"https:\/\/i0.wp.com\/coolinart.cafe\/blog\/wp-content\/uploads\/2016\/05\/2016-05-27-19-01-13-e1464504912519.jpg?fit=2048%2C1536&ssl=1","width":2048,"height":1536},{"@type":"BreadcrumbList","@id":"https:\/\/coolinart.cafe\/blog\/2016\/05\/epres-turos-suti\/#breadcrumb","itemListElement":[{"@type":"ListItem","position":1,"name":"Home","item":"https:\/\/coolinart.cafe\/blog\/"},{"@type":"ListItem","position":2,"name":"Epres-t\u00far\u00f3s s\u00fcti"}]},{"@type":"WebSite","@id":"https:\/\/coolinart.cafe\/blog\/#website","url":"https:\/\/coolinart.cafe\/blog\/","name":"Coolinart.cafe","description":"\u00e9tel, k\u00e1v\u00e9, kult\u00fara","potentialAction":[{"@type":"SearchAction","target":{"@type":"EntryPoint","urlTemplate":"https:\/\/coolinart.cafe\/blog\/?s={search_term_string}"},"query-input":{"@type":"PropertyValueSpecification","valueRequired":true,"valueName":"search_term_string"}}],"inLanguage":"hu"},{"@type":"Person","@id":"https:\/\/coolinart.cafe\/blog\/#\/schema\/person\/0b9046a8abdce332b3919b077f7376b2","name":"Sulyok Gy\u00f6rgyi","image":{"@type":"ImageObject","inLanguage":"hu","@id":"https:\/\/secure.gravatar.com\/avatar\/f7d80d7800220762f9cf31559c65e650bdc8299f18bca4e3ffde781c0422539c?s=96&d=mm&r=g","url":"https:\/\/secure.gravatar.com\/avatar\/f7d80d7800220762f9cf31559c65e650bdc8299f18bca4e3ffde781c0422539c?s=96&d=mm&r=g","contentUrl":"https:\/\/secure.gravatar.com\/avatar\/f7d80d7800220762f9cf31559c65e650bdc8299f18bca4e3ffde781c0422539c?s=96&d=mm&r=g","caption":"Sulyok Gy\u00f6rgyi"},"sameAs":["http:\/\/www.coolinart.cafe"],"url":"https:\/\/coolinart.cafe\/blog\/author\/gyorgyi\/"}]}},"jetpack_featured_media_url":"","jetpack_sharing_enabled":true,"_links":{"self":[{"href":"https:\/\/coolinart.cafe\/blog\/wp-json\/wp\/v2\/posts\/713","targetHints":{"allow":["GET"]}}],"collection":[{"href":"https:\/\/coolinart.cafe\/blog\/wp-json\/wp\/v2\/posts"}],"about":[{"href":"https:\/\/coolinart.cafe\/blog\/wp-json\/wp\/v2\/types\/post"}],"author":[{"embeddable":true,"href":"https:\/\/coolinart.cafe\/blog\/wp-json\/wp\/v2\/users\/2"}],"replies":[{"embeddable":true,"href":"https:\/\/coolinart.cafe\/blog\/wp-json\/wp\/v2\/comments?post=713"}],"version-history":[{"count":3,"href":"https:\/\/coolinart.cafe\/blog\/wp-json\/wp\/v2\/posts\/713\/revisions"}],"predecessor-version":[{"id":718,"href":"https:\/\/coolinart.cafe\/blog\/wp-json\/wp\/v2\/posts\/713\/revisions\/718"}],"wp:attachment":[{"href":"https:\/\/coolinart.cafe\/blog\/wp-json\/wp\/v2\/media?parent=713"}],"wp:term":[{"taxonomy":"category","embeddable":true,"href":"https:\/\/coolinart.cafe\/blog\/wp-json\/wp\/v2\/categories?post=713"},{"taxonomy":"post_tag","embeddable":true,"href":"https:\/\/coolinart.cafe\/blog\/wp-json\/wp\/v2\/tags?post=713"}],"curies":[{"name":"wp","href":"https:\/\/api.w.org\/{rel}","templated":true}]}}