{"id":358,"date":"2016-05-02T15:31:15","date_gmt":"2016-05-02T13:31:15","guid":{"rendered":"http:\/\/coolinart.cafe\/blog\/?p=358"},"modified":"2016-07-30T22:12:05","modified_gmt":"2016-07-30T20:12:05","slug":"roma-gasztro-1-resz","status":"publish","type":"post","link":"https:\/\/coolinart.cafe\/blog\/2016\/05\/roma-gasztro-1-resz\/","title":{"rendered":"R\u00f3ma gasztro \u2013 1. r\u00e9sz"},"content":{"rendered":"<p style=\"text-align: justify;\">Szeretek visszamenni t\u00f6bbsz\u00f6r ugyanarra a helyre. J\u00f3 l\u00e1tni, ahogy valami fejl\u0151dik, \u00e1talakul, de ugyanakkor megmaradnak a biztos pontok, amik nem v\u00e1ltoznak. R\u00f3ma is ilyen. Hossz\u00fa \u00e9vek, s\u0151t \u00e9vtizedek \u00f3ta megvannak ugyanazok a k\u00e1v\u00e9z\u00f3k, b\u00e1rok, \u00e9ttermek, a hentes \u00e9s a kis k\u00f6z\u00e9rt&#8230;<\/p>\n<p style=\"text-align: justify;\">A k\u00e1v\u00e9<\/p>\n<p style=\"text-align: justify;\">Persze az els\u0151, amit \u00e9rkez\u00e9s ut\u00e1n r\u00f6gt\u00f6n magunkhoz szoktunk venni, mi lehetne m\u00e1s, mint egy k\u00e1v\u00e9. Szigor\u00faan a pultn\u00e1l, a helyiekkel elvegy\u00fclve. Erre k\u00e9t t\u00f6rzshely\u00fcnk van. Az egyik a <a href=\"http:\/\/www.tazzadorocoffeeshop.com\/\">La Tazza d\u2019Oro<\/a>, a Pantheonnal szemben.<\/p>\n<p style=\"text-align: justify;\"><img data-recalc-dims=\"1\" decoding=\"async\" class=\"aligncenter size-medium wp-image-368 lazyload\" data-src=\"https:\/\/i0.wp.com\/coolinart.cafe\/blog\/wp-content\/uploads\/2016\/04\/tazza.jpg?resize=300%2C225&#038;ssl=1\" alt=\"tazza\" width=\"300\" height=\"225\" data-srcset=\"https:\/\/i0.wp.com\/coolinart.cafe\/blog\/wp-content\/uploads\/2016\/04\/tazza.jpg?resize=300%2C225&amp;ssl=1 300w, https:\/\/i0.wp.com\/coolinart.cafe\/blog\/wp-content\/uploads\/2016\/04\/tazza.jpg?resize=768%2C576&amp;ssl=1 768w, https:\/\/i0.wp.com\/coolinart.cafe\/blog\/wp-content\/uploads\/2016\/04\/tazza.jpg?w=1024&amp;ssl=1 1024w\" data-sizes=\"(max-width: 300px) 100vw, 300px\" src=\"data:image\/svg+xml;base64,PHN2ZyB3aWR0aD0iMSIgaGVpZ2h0PSIxIiB4bWxucz0iaHR0cDovL3d3dy53My5vcmcvMjAwMC9zdmciPjwvc3ZnPg==\" style=\"--smush-placeholder-width: 300px; --smush-placeholder-aspect-ratio: 300\/225;\" \/><\/p>\n<p style=\"text-align: justify;\"><img data-recalc-dims=\"1\" decoding=\"async\" class=\"size-medium wp-image-361 alignleft lazyload\" data-src=\"https:\/\/i0.wp.com\/coolinart.cafe\/blog\/wp-content\/uploads\/2016\/04\/DSC_8728.jpg?resize=199%2C300&#038;ssl=1\" alt=\"DSC_8728\" width=\"199\" height=\"300\" data-srcset=\"https:\/\/i0.wp.com\/coolinart.cafe\/blog\/wp-content\/uploads\/2016\/04\/DSC_8728.jpg?resize=199%2C300&amp;ssl=1 199w, https:\/\/i0.wp.com\/coolinart.cafe\/blog\/wp-content\/uploads\/2016\/04\/DSC_8728.jpg?w=531&amp;ssl=1 531w\" data-sizes=\"(max-width: 199px) 100vw, 199px\" src=\"data:image\/svg+xml;base64,PHN2ZyB3aWR0aD0iMSIgaGVpZ2h0PSIxIiB4bWxucz0iaHR0cDovL3d3dy53My5vcmcvMjAwMC9zdmciPjwvc3ZnPg==\" style=\"--smush-placeholder-width: 199px; --smush-placeholder-aspect-ratio: 199\/300;\" \/><img data-recalc-dims=\"1\" decoding=\"async\" class=\"wp-image-377 size-medium alignright lazyload\" data-src=\"https:\/\/i0.wp.com\/coolinart.cafe\/blog\/wp-content\/uploads\/2016\/04\/20160429_165221-e1461942403302-225x300.jpg?resize=225%2C300&#038;ssl=1\" alt=\"20160429_165221\" width=\"225\" height=\"300\" data-srcset=\"https:\/\/i0.wp.com\/coolinart.cafe\/blog\/wp-content\/uploads\/2016\/04\/20160429_165221-e1461942403302.jpg?resize=225%2C300&amp;ssl=1 225w, https:\/\/i0.wp.com\/coolinart.cafe\/blog\/wp-content\/uploads\/2016\/04\/20160429_165221-e1461942403302.jpg?resize=768%2C1024&amp;ssl=1 768w, https:\/\/i0.wp.com\/coolinart.cafe\/blog\/wp-content\/uploads\/2016\/04\/20160429_165221-e1461942403302.jpg?w=1330&amp;ssl=1 1330w, https:\/\/i0.wp.com\/coolinart.cafe\/blog\/wp-content\/uploads\/2016\/04\/20160429_165221-e1461942403302.jpg?w=1995&amp;ssl=1 1995w\" data-sizes=\"(max-width: 225px) 100vw, 225px\" src=\"data:image\/svg+xml;base64,PHN2ZyB3aWR0aD0iMSIgaGVpZ2h0PSIxIiB4bWxucz0iaHR0cDovL3d3dy53My5vcmcvMjAwMC9zdmciPjwvc3ZnPg==\" style=\"--smush-placeholder-width: 225px; --smush-placeholder-aspect-ratio: 225\/300;\" \/><\/p>\n<p style=\"text-align: justify;\">Amikor 1986-ban a sz\u00fcleimmel el\u0151sz\u00f6r voltam R\u00f3m\u00e1ban, az idegenvezet\u0151nk m\u00e1r akkor ezt a helyet aj\u00e1nlotta. 40 fok volt j\u00faliusban, azt mondta, hogy k\u00e9rj\u00fcnk egy cafe freddot, majd megl\u00e1tjuk! K\u00e9rt\u00fcnk. Hidegre leh\u0171t\u00f6tt pressz\u00f3 k\u00e1v\u00e9 volt. Egyszerre h\u0171s\u00edtett \u00e9s feldobott! \u00d6r\u00f6k \u00e9lm\u00e9ny! A k\u00e1v\u00e9t helyben p\u00f6rk\u00f6lik, \u00e9s k\u00fcl\u00f6nb\u00f6z\u0151 kiszerel\u00e9sekben haza is hozhatod szemesen vagy dar\u00e1lva. Legut\u00f3bbi alkalommal, felfedeztem a h\u00e1z oldal\u00e1ban egy automat\u00e1t. Szerintetek mi volt benne? K\u00e1v\u00e9 negyed-, \u00e9s f\u00e9lkil\u00f3s csomagokban! Ha nem gy\u0151z\u00f6d kiv\u00e1rni bent a sort a p\u00e9nzt\u00e1rn\u00e1l, akkor innen is megveheted. Aki arra j\u00e1r, mindenk\u00e9ppen hozzon nek\u00fcnk egy csomag szemes k\u00e1v\u00e9t! El\u0151re is k\u00f6sz\u00f6nj\u00fck! \ud83d\ude42<\/p>\n<p style=\"text-align: justify;\"><img data-recalc-dims=\"1\" decoding=\"async\" class=\"aligncenter size-medium wp-image-362 lazyload\" data-src=\"https:\/\/i0.wp.com\/coolinart.cafe\/blog\/wp-content\/uploads\/2016\/04\/DSC_8730.jpg?resize=199%2C300&#038;ssl=1\" alt=\"DSC_8730\" width=\"199\" height=\"300\" data-srcset=\"https:\/\/i0.wp.com\/coolinart.cafe\/blog\/wp-content\/uploads\/2016\/04\/DSC_8730.jpg?resize=199%2C300&amp;ssl=1 199w, https:\/\/i0.wp.com\/coolinart.cafe\/blog\/wp-content\/uploads\/2016\/04\/DSC_8730.jpg?w=531&amp;ssl=1 531w\" data-sizes=\"(max-width: 199px) 100vw, 199px\" src=\"data:image\/svg+xml;base64,PHN2ZyB3aWR0aD0iMSIgaGVpZ2h0PSIxIiB4bWxucz0iaHR0cDovL3d3dy53My5vcmcvMjAwMC9zdmciPjwvc3ZnPg==\" style=\"--smush-placeholder-width: 199px; --smush-placeholder-aspect-ratio: 199\/300;\" \/><!--more--><\/p>\n<p style=\"text-align: justify;\">A hellyel szemben a <a href=\"http:\/\/www.venchi.com\/uk\/corporate\/store\/roma-pantheon\/\">Venchi<\/a> nyitott egy \u00fczletet. A csapb\u00f3l is a forr\u00f3 csoki folyik. \ud83d\ude42 T\u0151le jobbra pedig egy cip\u0151bolt, ahol &#8217;86-ban anyuk\u00e1mnak vett\u00fcnk egy t\u0171zpiros magas sark\u00fat! \ud83d\ude42<\/p>\n<p style=\"text-align: justify;\"><img data-recalc-dims=\"1\" decoding=\"async\" class=\"size-medium wp-image-366 aligncenter lazyload\" data-src=\"https:\/\/i0.wp.com\/coolinart.cafe\/blog\/wp-content\/uploads\/2016\/04\/DSC_8932.jpg?resize=199%2C300&#038;ssl=1\" alt=\"DSC_8932\" width=\"199\" height=\"300\" data-srcset=\"https:\/\/i0.wp.com\/coolinart.cafe\/blog\/wp-content\/uploads\/2016\/04\/DSC_8932.jpg?resize=199%2C300&amp;ssl=1 199w, https:\/\/i0.wp.com\/coolinart.cafe\/blog\/wp-content\/uploads\/2016\/04\/DSC_8932.jpg?w=531&amp;ssl=1 531w\" data-sizes=\"(max-width: 199px) 100vw, 199px\" src=\"data:image\/svg+xml;base64,PHN2ZyB3aWR0aD0iMSIgaGVpZ2h0PSIxIiB4bWxucz0iaHR0cDovL3d3dy53My5vcmcvMjAwMC9zdmciPjwvc3ZnPg==\" style=\"--smush-placeholder-width: 199px; --smush-placeholder-aspect-ratio: 199\/300;\" \/><\/p>\n<p style=\"text-align: justify;\">Na, a m\u00e1sik t\u00f6rzshely k\u00e1v\u00e9ra, innen 3 perc s\u00e9t\u00e1ra van, a Piazza di Pietra-n. Itt \u00e1ll Hadrianus templom\u00e1nak maradv\u00e1nya a maga 11 darab 15 m\u00e9ter magas m\u00e1rv\u00e1ny korinthoszi oszlop\u00e1val. Ezt az impoz\u00e1ns \u00f3kori templom maradv\u00e1nyt XVII. sz\u00e1zadban k\u00f6rbe\u00e9p\u00edtett\u00e9k, akkor p\u00e1pai v\u00e1mh\u00e1z volt, ma pedig a r\u00f3mai t\u0151zsde (La Borsa). Ebben a \u201eszer\u00e9ny\u201d k\u00f6rnyezetben tal\u00e1lj\u00e1tok a <a href=\"http:\/\/www.lacaffettieraroma.it\/it\/\">Gran Caff\u00e8 la Caffettiera-t<\/a>. Ez m\u00e1r egy olyan k\u00e1v\u00e9z\u00f3, aminek van h\u00e1ts\u00f3 terme, ahol le lehet \u00fclni \u00e9s rendelni nem csak k\u00e1v\u00e9t, hanem s\u00fctit, szendvicset is. \u00cdgy viszont a k\u00e1v\u00e9 is dr\u00e1g\u00e1bb p\u00e1r euro centtel, de kapsz \u00e9rte egy kis cukr\u00e1szda feelinget. Ha a pultn\u00e1l szeretn\u00e9tek a zsivajban a helyiekkel egy\u00fctt, akkor a p\u00e9nzt\u00e1rban \u00fcl\u0151 \u201emamm\u00e1nak\u201d el\u0151sz\u00f6r elmondod, hogy mit k\u00e9rsz, majd ut\u00e1na m\u00e9sz a pulthoz a blokkal. Ott legal\u00e1bb h\u00e1rom barista p\u00f6r\u00f6g ezerrel \u00e9s gy\u00e1rtja az igaz olasz espressot, g\u0151z\u00f6li a habot, \u00e9s \u201ekicsapja\u201d a pultra el\u00e9d a mennyei italt. Ilyet:<\/p>\n<p style=\"text-align: justify;\"><img data-recalc-dims=\"1\" decoding=\"async\" class=\"aligncenter size-medium wp-image-363 lazyload\" data-src=\"https:\/\/i0.wp.com\/coolinart.cafe\/blog\/wp-content\/uploads\/2016\/04\/DSC_8800.jpg?resize=300%2C199&#038;ssl=1\" alt=\"DSC_8800\" width=\"300\" height=\"199\" data-srcset=\"https:\/\/i0.wp.com\/coolinart.cafe\/blog\/wp-content\/uploads\/2016\/04\/DSC_8800.jpg?resize=300%2C199&amp;ssl=1 300w, https:\/\/i0.wp.com\/coolinart.cafe\/blog\/wp-content\/uploads\/2016\/04\/DSC_8800.jpg?resize=768%2C510&amp;ssl=1 768w, https:\/\/i0.wp.com\/coolinart.cafe\/blog\/wp-content\/uploads\/2016\/04\/DSC_8800.jpg?w=800&amp;ssl=1 800w\" data-sizes=\"(max-width: 300px) 100vw, 300px\" src=\"data:image\/svg+xml;base64,PHN2ZyB3aWR0aD0iMSIgaGVpZ2h0PSIxIiB4bWxucz0iaHR0cDovL3d3dy53My5vcmcvMjAwMC9zdmciPjwvc3ZnPg==\" style=\"--smush-placeholder-width: 300px; --smush-placeholder-aspect-ratio: 300\/199;\" \/><\/p>\n<p style=\"text-align: justify;\">Tavaly megpr\u00f3b\u00e1ltam lefilmezni \u0151ket, de olaszosan tiltakozni kezdtek ellene! Egy fot\u00f3 az\u00e9rt \u00f6sszej\u00f6tt. \u00c9rdemes este is bet\u00e9rni egy ristrettora, \u00e9s k\u00f6zben gy\u00f6ny\u00f6rk\u00f6dni a kivil\u00e1g\u00edtott Hadrianus templomban.<\/p>\n<p style=\"text-align: justify;\"><img data-recalc-dims=\"1\" decoding=\"async\" class=\"size-medium wp-image-371 alignright lazyload\" data-src=\"https:\/\/i0.wp.com\/coolinart.cafe\/blog\/wp-content\/uploads\/2016\/04\/DSC_8801.jpg?resize=300%2C199&#038;ssl=1\" alt=\"DSC_8801\" width=\"300\" height=\"199\" data-srcset=\"https:\/\/i0.wp.com\/coolinart.cafe\/blog\/wp-content\/uploads\/2016\/04\/DSC_8801.jpg?resize=300%2C199&amp;ssl=1 300w, https:\/\/i0.wp.com\/coolinart.cafe\/blog\/wp-content\/uploads\/2016\/04\/DSC_8801.jpg?resize=768%2C510&amp;ssl=1 768w, https:\/\/i0.wp.com\/coolinart.cafe\/blog\/wp-content\/uploads\/2016\/04\/DSC_8801.jpg?w=800&amp;ssl=1 800w\" data-sizes=\"(max-width: 300px) 100vw, 300px\" src=\"data:image\/svg+xml;base64,PHN2ZyB3aWR0aD0iMSIgaGVpZ2h0PSIxIiB4bWxucz0iaHR0cDovL3d3dy53My5vcmcvMjAwMC9zdmciPjwvc3ZnPg==\" style=\"--smush-placeholder-width: 300px; --smush-placeholder-aspect-ratio: 300\/199;\" \/><\/p>\n<p style=\"text-align: justify;\"><img data-recalc-dims=\"1\" decoding=\"async\" class=\"size-medium wp-image-365 alignleft lazyload\" data-src=\"https:\/\/i0.wp.com\/coolinart.cafe\/blog\/wp-content\/uploads\/2016\/04\/DSC_8872.jpg?resize=300%2C199&#038;ssl=1\" alt=\"DSC_8872\" width=\"300\" height=\"199\" data-srcset=\"https:\/\/i0.wp.com\/coolinart.cafe\/blog\/wp-content\/uploads\/2016\/04\/DSC_8872.jpg?resize=300%2C199&amp;ssl=1 300w, https:\/\/i0.wp.com\/coolinart.cafe\/blog\/wp-content\/uploads\/2016\/04\/DSC_8872.jpg?resize=768%2C510&amp;ssl=1 768w, https:\/\/i0.wp.com\/coolinart.cafe\/blog\/wp-content\/uploads\/2016\/04\/DSC_8872.jpg?w=800&amp;ssl=1 800w\" data-sizes=\"(max-width: 300px) 100vw, 300px\" src=\"data:image\/svg+xml;base64,PHN2ZyB3aWR0aD0iMSIgaGVpZ2h0PSIxIiB4bWxucz0iaHR0cDovL3d3dy53My5vcmcvMjAwMC9zdmciPjwvc3ZnPg==\" style=\"--smush-placeholder-width: 300px; --smush-placeholder-aspect-ratio: 300\/199;\" \/><\/p>\n","protected":false},"excerpt":{"rendered":"<p>Szeretek visszamenni t\u00f6bbsz\u00f6r ugyanarra a helyre. J\u00f3 l\u00e1tni, ahogy valami fejl\u0151dik, \u00e1talakul, de ugyanakkor megmaradnak a biztos pontok, amik nem v\u00e1ltoznak. R\u00f3ma is ilyen. Hossz\u00fa \u00e9vek, s\u0151t \u00e9vtizedek \u00f3ta megvannak ugyanazok a k\u00e1v\u00e9z\u00f3k, b\u00e1rok, \u00e9ttermek, a hentes \u00e9s a kis k\u00f6z\u00e9rt&#8230; A k\u00e1v\u00e9 Persze az els\u0151, amit \u00e9rkez\u00e9s ut\u00e1n r\u00f6gt\u00f6n magunkhoz szoktunk venni, mi lehetne [&hellip;]<\/p>\n","protected":false},"author":2,"featured_media":0,"comment_status":"open","ping_status":"open","sticky":false,"template":"","format":"standard","meta":{"ngg_post_thumbnail":0,"_jetpack_memberships_contains_paid_content":false,"footnotes":""},"categories":[4],"tags":[93],"class_list":["post-358","post","type-post","status-publish","format-standard","hentry","category-utazas","tag-utibeszamolo"],"yoast_head":"<!-- This site is optimized with the Yoast SEO plugin v27.4 - https:\/\/yoast.com\/product\/yoast-seo-wordpress\/ -->\n<title>R\u00f3ma gasztro \u2013 1. r\u00e9sz - Coolinart.cafe<\/title>\n<meta name=\"description\" content=\"R\u00f3ma gasztro szemmel. Hol kell k\u00e1v\u00e9t inni, fagyizni \u00e9s mi az amit felt\u00e9tlen\u00fcl ki kell pr\u00f3b\u00e1lni \u00e9s nem szabad kihagyni, ha arra j\u00e1rtok? Itt megtal\u00e1lj\u00e1tok!\" \/>\n<meta name=\"robots\" content=\"index, follow, max-snippet:-1, max-image-preview:large, max-video-preview:-1\" \/>\n<link rel=\"canonical\" href=\"https:\/\/coolinart.cafe\/blog\/2016\/05\/roma-gasztro-1-resz\/\" \/>\n<meta property=\"og:locale\" content=\"hu_HU\" \/>\n<meta property=\"og:type\" content=\"article\" \/>\n<meta property=\"og:title\" content=\"R\u00f3ma gasztro \u2013 1. r\u00e9sz - Coolinart.cafe\" \/>\n<meta property=\"og:description\" content=\"Ha r\u00f3mai vak\u00e1ci\u00f3t terveztek, akkor ezeket a helyeket ne hagyj\u00e1tok ki! Folytat\u00e1sos \u00fatikalauzom k\u00f6vetkezik, az els\u0151 r\u00e9szben term\u00e9szetesen a k\u00e1v\u00e9val! :)\" \/>\n<meta property=\"og:url\" content=\"https:\/\/coolinart.cafe\/blog\/2016\/05\/roma-gasztro-1-resz\/\" \/>\n<meta property=\"og:site_name\" content=\"Coolinart.cafe\" \/>\n<meta property=\"article:publisher\" content=\"https:\/\/www.facebook.com\/coolinart.cafe\/\" \/>\n<meta property=\"article:published_time\" content=\"2016-05-02T13:31:15+00:00\" \/>\n<meta property=\"article:modified_time\" content=\"2016-07-30T20:12:05+00:00\" \/>\n<meta property=\"og:image\" content=\"https:\/\/i1.wp.com\/coolinart.cafe\/blog\/wp-content\/uploads\/2016\/04\/DSC_8800.jpg?fit=800%2C531&ssl=1\" \/>\n\t<meta property=\"og:image:width\" content=\"800\" \/>\n\t<meta property=\"og:image:height\" content=\"531\" \/>\n\t<meta property=\"og:image:type\" content=\"image\/jpeg\" \/>\n<meta name=\"author\" content=\"Sulyok Gy\u00f6rgyi\" \/>\n<meta name=\"twitter:card\" content=\"summary_large_image\" \/>\n<meta name=\"twitter:label1\" content=\"Szerz\u0151:\" \/>\n\t<meta name=\"twitter:data1\" content=\"Sulyok Gy\u00f6rgyi\" \/>\n\t<meta name=\"twitter:label2\" content=\"Becs\u00fclt olvas\u00e1si id\u0151\" \/>\n\t<meta name=\"twitter:data2\" content=\"3 perc\" \/>\n<script type=\"application\/ld+json\" class=\"yoast-schema-graph\">{\"@context\":\"https:\\\/\\\/schema.org\",\"@graph\":[{\"@type\":\"Article\",\"@id\":\"https:\\\/\\\/coolinart.cafe\\\/blog\\\/2016\\\/05\\\/roma-gasztro-1-resz\\\/#article\",\"isPartOf\":{\"@id\":\"https:\\\/\\\/coolinart.cafe\\\/blog\\\/2016\\\/05\\\/roma-gasztro-1-resz\\\/\"},\"author\":{\"name\":\"Sulyok Gy\u00f6rgyi\",\"@id\":\"https:\\\/\\\/coolinart.cafe\\\/blog\\\/#\\\/schema\\\/person\\\/0b9046a8abdce332b3919b077f7376b2\"},\"headline\":\"R\u00f3ma gasztro \u2013 1. r\u00e9sz\",\"datePublished\":\"2016-05-02T13:31:15+00:00\",\"dateModified\":\"2016-07-30T20:12:05+00:00\",\"mainEntityOfPage\":{\"@id\":\"https:\\\/\\\/coolinart.cafe\\\/blog\\\/2016\\\/05\\\/roma-gasztro-1-resz\\\/\"},\"wordCount\":533,\"commentCount\":1,\"image\":{\"@id\":\"https:\\\/\\\/coolinart.cafe\\\/blog\\\/2016\\\/05\\\/roma-gasztro-1-resz\\\/#primaryimage\"},\"thumbnailUrl\":\"https:\\\/\\\/coolinart.cafe\\\/blog\\\/wp-content\\\/uploads\\\/2016\\\/04\\\/tazza-300x225.jpg\",\"keywords\":[\"\u00datibesz\u00e1mol\u00f3\"],\"articleSection\":[\"Utaz\u00e1s, \u00c9lm\u00e9ny\"],\"inLanguage\":\"hu\",\"potentialAction\":[{\"@type\":\"CommentAction\",\"name\":\"Comment\",\"target\":[\"https:\\\/\\\/coolinart.cafe\\\/blog\\\/2016\\\/05\\\/roma-gasztro-1-resz\\\/#respond\"]}]},{\"@type\":\"WebPage\",\"@id\":\"https:\\\/\\\/coolinart.cafe\\\/blog\\\/2016\\\/05\\\/roma-gasztro-1-resz\\\/\",\"url\":\"https:\\\/\\\/coolinart.cafe\\\/blog\\\/2016\\\/05\\\/roma-gasztro-1-resz\\\/\",\"name\":\"R\u00f3ma gasztro \u2013 1. r\u00e9sz - Coolinart.cafe\",\"isPartOf\":{\"@id\":\"https:\\\/\\\/coolinart.cafe\\\/blog\\\/#website\"},\"primaryImageOfPage\":{\"@id\":\"https:\\\/\\\/coolinart.cafe\\\/blog\\\/2016\\\/05\\\/roma-gasztro-1-resz\\\/#primaryimage\"},\"image\":{\"@id\":\"https:\\\/\\\/coolinart.cafe\\\/blog\\\/2016\\\/05\\\/roma-gasztro-1-resz\\\/#primaryimage\"},\"thumbnailUrl\":\"https:\\\/\\\/coolinart.cafe\\\/blog\\\/wp-content\\\/uploads\\\/2016\\\/04\\\/tazza-300x225.jpg\",\"datePublished\":\"2016-05-02T13:31:15+00:00\",\"dateModified\":\"2016-07-30T20:12:05+00:00\",\"author\":{\"@id\":\"https:\\\/\\\/coolinart.cafe\\\/blog\\\/#\\\/schema\\\/person\\\/0b9046a8abdce332b3919b077f7376b2\"},\"description\":\"R\u00f3ma gasztro szemmel. Hol kell k\u00e1v\u00e9t inni, fagyizni \u00e9s mi az amit felt\u00e9tlen\u00fcl ki kell pr\u00f3b\u00e1lni \u00e9s nem szabad kihagyni, ha arra j\u00e1rtok? Itt megtal\u00e1lj\u00e1tok!\",\"breadcrumb\":{\"@id\":\"https:\\\/\\\/coolinart.cafe\\\/blog\\\/2016\\\/05\\\/roma-gasztro-1-resz\\\/#breadcrumb\"},\"inLanguage\":\"hu\",\"potentialAction\":[{\"@type\":\"ReadAction\",\"target\":[\"https:\\\/\\\/coolinart.cafe\\\/blog\\\/2016\\\/05\\\/roma-gasztro-1-resz\\\/\"]}]},{\"@type\":\"ImageObject\",\"inLanguage\":\"hu\",\"@id\":\"https:\\\/\\\/coolinart.cafe\\\/blog\\\/2016\\\/05\\\/roma-gasztro-1-resz\\\/#primaryimage\",\"url\":\"https:\\\/\\\/i0.wp.com\\\/coolinart.cafe\\\/blog\\\/wp-content\\\/uploads\\\/2016\\\/04\\\/tazza.jpg?fit=1024%2C768&ssl=1\",\"contentUrl\":\"https:\\\/\\\/i0.wp.com\\\/coolinart.cafe\\\/blog\\\/wp-content\\\/uploads\\\/2016\\\/04\\\/tazza.jpg?fit=1024%2C768&ssl=1\",\"width\":1024,\"height\":768},{\"@type\":\"BreadcrumbList\",\"@id\":\"https:\\\/\\\/coolinart.cafe\\\/blog\\\/2016\\\/05\\\/roma-gasztro-1-resz\\\/#breadcrumb\",\"itemListElement\":[{\"@type\":\"ListItem\",\"position\":1,\"name\":\"Home\",\"item\":\"https:\\\/\\\/coolinart.cafe\\\/blog\\\/\"},{\"@type\":\"ListItem\",\"position\":2,\"name\":\"R\u00f3ma gasztro \u2013 1. r\u00e9sz\"}]},{\"@type\":\"WebSite\",\"@id\":\"https:\\\/\\\/coolinart.cafe\\\/blog\\\/#website\",\"url\":\"https:\\\/\\\/coolinart.cafe\\\/blog\\\/\",\"name\":\"Coolinart.cafe\",\"description\":\"\u00e9tel, k\u00e1v\u00e9, kult\u00fara\",\"potentialAction\":[{\"@type\":\"SearchAction\",\"target\":{\"@type\":\"EntryPoint\",\"urlTemplate\":\"https:\\\/\\\/coolinart.cafe\\\/blog\\\/?s={search_term_string}\"},\"query-input\":{\"@type\":\"PropertyValueSpecification\",\"valueRequired\":true,\"valueName\":\"search_term_string\"}}],\"inLanguage\":\"hu\"},{\"@type\":\"Person\",\"@id\":\"https:\\\/\\\/coolinart.cafe\\\/blog\\\/#\\\/schema\\\/person\\\/0b9046a8abdce332b3919b077f7376b2\",\"name\":\"Sulyok Gy\u00f6rgyi\",\"image\":{\"@type\":\"ImageObject\",\"inLanguage\":\"hu\",\"@id\":\"https:\\\/\\\/secure.gravatar.com\\\/avatar\\\/f7d80d7800220762f9cf31559c65e650bdc8299f18bca4e3ffde781c0422539c?s=96&d=mm&r=g\",\"url\":\"https:\\\/\\\/secure.gravatar.com\\\/avatar\\\/f7d80d7800220762f9cf31559c65e650bdc8299f18bca4e3ffde781c0422539c?s=96&d=mm&r=g\",\"contentUrl\":\"https:\\\/\\\/secure.gravatar.com\\\/avatar\\\/f7d80d7800220762f9cf31559c65e650bdc8299f18bca4e3ffde781c0422539c?s=96&d=mm&r=g\",\"caption\":\"Sulyok Gy\u00f6rgyi\"},\"sameAs\":[\"http:\\\/\\\/www.coolinart.cafe\"],\"url\":\"https:\\\/\\\/coolinart.cafe\\\/blog\\\/author\\\/gyorgyi\\\/\"}]}<\/script>\n<!-- \/ Yoast SEO plugin. -->","yoast_head_json":{"title":"R\u00f3ma gasztro \u2013 1. r\u00e9sz - Coolinart.cafe","description":"R\u00f3ma gasztro szemmel. Hol kell k\u00e1v\u00e9t inni, fagyizni \u00e9s mi az amit felt\u00e9tlen\u00fcl ki kell pr\u00f3b\u00e1lni \u00e9s nem szabad kihagyni, ha arra j\u00e1rtok? Itt megtal\u00e1lj\u00e1tok!","robots":{"index":"index","follow":"follow","max-snippet":"max-snippet:-1","max-image-preview":"max-image-preview:large","max-video-preview":"max-video-preview:-1"},"canonical":"https:\/\/coolinart.cafe\/blog\/2016\/05\/roma-gasztro-1-resz\/","og_locale":"hu_HU","og_type":"article","og_title":"R\u00f3ma gasztro \u2013 1. r\u00e9sz - Coolinart.cafe","og_description":"Ha r\u00f3mai vak\u00e1ci\u00f3t terveztek, akkor ezeket a helyeket ne hagyj\u00e1tok ki! Folytat\u00e1sos \u00fatikalauzom k\u00f6vetkezik, az els\u0151 r\u00e9szben term\u00e9szetesen a k\u00e1v\u00e9val! :)","og_url":"https:\/\/coolinart.cafe\/blog\/2016\/05\/roma-gasztro-1-resz\/","og_site_name":"Coolinart.cafe","article_publisher":"https:\/\/www.facebook.com\/coolinart.cafe\/","article_published_time":"2016-05-02T13:31:15+00:00","article_modified_time":"2016-07-30T20:12:05+00:00","og_image":[{"width":800,"height":531,"url":"https:\/\/i1.wp.com\/coolinart.cafe\/blog\/wp-content\/uploads\/2016\/04\/DSC_8800.jpg?fit=800%2C531&ssl=1","type":"image\/jpeg"}],"author":"Sulyok Gy\u00f6rgyi","twitter_card":"summary_large_image","twitter_misc":{"Szerz\u0151:":"Sulyok Gy\u00f6rgyi","Becs\u00fclt olvas\u00e1si id\u0151":"3 perc"},"schema":{"@context":"https:\/\/schema.org","@graph":[{"@type":"Article","@id":"https:\/\/coolinart.cafe\/blog\/2016\/05\/roma-gasztro-1-resz\/#article","isPartOf":{"@id":"https:\/\/coolinart.cafe\/blog\/2016\/05\/roma-gasztro-1-resz\/"},"author":{"name":"Sulyok Gy\u00f6rgyi","@id":"https:\/\/coolinart.cafe\/blog\/#\/schema\/person\/0b9046a8abdce332b3919b077f7376b2"},"headline":"R\u00f3ma gasztro \u2013 1. r\u00e9sz","datePublished":"2016-05-02T13:31:15+00:00","dateModified":"2016-07-30T20:12:05+00:00","mainEntityOfPage":{"@id":"https:\/\/coolinart.cafe\/blog\/2016\/05\/roma-gasztro-1-resz\/"},"wordCount":533,"commentCount":1,"image":{"@id":"https:\/\/coolinart.cafe\/blog\/2016\/05\/roma-gasztro-1-resz\/#primaryimage"},"thumbnailUrl":"https:\/\/coolinart.cafe\/blog\/wp-content\/uploads\/2016\/04\/tazza-300x225.jpg","keywords":["\u00datibesz\u00e1mol\u00f3"],"articleSection":["Utaz\u00e1s, \u00c9lm\u00e9ny"],"inLanguage":"hu","potentialAction":[{"@type":"CommentAction","name":"Comment","target":["https:\/\/coolinart.cafe\/blog\/2016\/05\/roma-gasztro-1-resz\/#respond"]}]},{"@type":"WebPage","@id":"https:\/\/coolinart.cafe\/blog\/2016\/05\/roma-gasztro-1-resz\/","url":"https:\/\/coolinart.cafe\/blog\/2016\/05\/roma-gasztro-1-resz\/","name":"R\u00f3ma gasztro \u2013 1. r\u00e9sz - Coolinart.cafe","isPartOf":{"@id":"https:\/\/coolinart.cafe\/blog\/#website"},"primaryImageOfPage":{"@id":"https:\/\/coolinart.cafe\/blog\/2016\/05\/roma-gasztro-1-resz\/#primaryimage"},"image":{"@id":"https:\/\/coolinart.cafe\/blog\/2016\/05\/roma-gasztro-1-resz\/#primaryimage"},"thumbnailUrl":"https:\/\/coolinart.cafe\/blog\/wp-content\/uploads\/2016\/04\/tazza-300x225.jpg","datePublished":"2016-05-02T13:31:15+00:00","dateModified":"2016-07-30T20:12:05+00:00","author":{"@id":"https:\/\/coolinart.cafe\/blog\/#\/schema\/person\/0b9046a8abdce332b3919b077f7376b2"},"description":"R\u00f3ma gasztro szemmel. Hol kell k\u00e1v\u00e9t inni, fagyizni \u00e9s mi az amit felt\u00e9tlen\u00fcl ki kell pr\u00f3b\u00e1lni \u00e9s nem szabad kihagyni, ha arra j\u00e1rtok? Itt megtal\u00e1lj\u00e1tok!","breadcrumb":{"@id":"https:\/\/coolinart.cafe\/blog\/2016\/05\/roma-gasztro-1-resz\/#breadcrumb"},"inLanguage":"hu","potentialAction":[{"@type":"ReadAction","target":["https:\/\/coolinart.cafe\/blog\/2016\/05\/roma-gasztro-1-resz\/"]}]},{"@type":"ImageObject","inLanguage":"hu","@id":"https:\/\/coolinart.cafe\/blog\/2016\/05\/roma-gasztro-1-resz\/#primaryimage","url":"https:\/\/i0.wp.com\/coolinart.cafe\/blog\/wp-content\/uploads\/2016\/04\/tazza.jpg?fit=1024%2C768&ssl=1","contentUrl":"https:\/\/i0.wp.com\/coolinart.cafe\/blog\/wp-content\/uploads\/2016\/04\/tazza.jpg?fit=1024%2C768&ssl=1","width":1024,"height":768},{"@type":"BreadcrumbList","@id":"https:\/\/coolinart.cafe\/blog\/2016\/05\/roma-gasztro-1-resz\/#breadcrumb","itemListElement":[{"@type":"ListItem","position":1,"name":"Home","item":"https:\/\/coolinart.cafe\/blog\/"},{"@type":"ListItem","position":2,"name":"R\u00f3ma gasztro \u2013 1. r\u00e9sz"}]},{"@type":"WebSite","@id":"https:\/\/coolinart.cafe\/blog\/#website","url":"https:\/\/coolinart.cafe\/blog\/","name":"Coolinart.cafe","description":"\u00e9tel, k\u00e1v\u00e9, kult\u00fara","potentialAction":[{"@type":"SearchAction","target":{"@type":"EntryPoint","urlTemplate":"https:\/\/coolinart.cafe\/blog\/?s={search_term_string}"},"query-input":{"@type":"PropertyValueSpecification","valueRequired":true,"valueName":"search_term_string"}}],"inLanguage":"hu"},{"@type":"Person","@id":"https:\/\/coolinart.cafe\/blog\/#\/schema\/person\/0b9046a8abdce332b3919b077f7376b2","name":"Sulyok Gy\u00f6rgyi","image":{"@type":"ImageObject","inLanguage":"hu","@id":"https:\/\/secure.gravatar.com\/avatar\/f7d80d7800220762f9cf31559c65e650bdc8299f18bca4e3ffde781c0422539c?s=96&d=mm&r=g","url":"https:\/\/secure.gravatar.com\/avatar\/f7d80d7800220762f9cf31559c65e650bdc8299f18bca4e3ffde781c0422539c?s=96&d=mm&r=g","contentUrl":"https:\/\/secure.gravatar.com\/avatar\/f7d80d7800220762f9cf31559c65e650bdc8299f18bca4e3ffde781c0422539c?s=96&d=mm&r=g","caption":"Sulyok Gy\u00f6rgyi"},"sameAs":["http:\/\/www.coolinart.cafe"],"url":"https:\/\/coolinart.cafe\/blog\/author\/gyorgyi\/"}]}},"jetpack_featured_media_url":"","jetpack_sharing_enabled":true,"_links":{"self":[{"href":"https:\/\/coolinart.cafe\/blog\/wp-json\/wp\/v2\/posts\/358","targetHints":{"allow":["GET"]}}],"collection":[{"href":"https:\/\/coolinart.cafe\/blog\/wp-json\/wp\/v2\/posts"}],"about":[{"href":"https:\/\/coolinart.cafe\/blog\/wp-json\/wp\/v2\/types\/post"}],"author":[{"embeddable":true,"href":"https:\/\/coolinart.cafe\/blog\/wp-json\/wp\/v2\/users\/2"}],"replies":[{"embeddable":true,"href":"https:\/\/coolinart.cafe\/blog\/wp-json\/wp\/v2\/comments?post=358"}],"version-history":[{"count":22,"href":"https:\/\/coolinart.cafe\/blog\/wp-json\/wp\/v2\/posts\/358\/revisions"}],"predecessor-version":[{"id":402,"href":"https:\/\/coolinart.cafe\/blog\/wp-json\/wp\/v2\/posts\/358\/revisions\/402"}],"wp:attachment":[{"href":"https:\/\/coolinart.cafe\/blog\/wp-json\/wp\/v2\/media?parent=358"}],"wp:term":[{"taxonomy":"category","embeddable":true,"href":"https:\/\/coolinart.cafe\/blog\/wp-json\/wp\/v2\/categories?post=358"},{"taxonomy":"post_tag","embeddable":true,"href":"https:\/\/coolinart.cafe\/blog\/wp-json\/wp\/v2\/tags?post=358"}],"curies":[{"name":"wp","href":"https:\/\/api.w.org\/{rel}","templated":true}]}}