{"id":2660,"date":"2018-03-07T16:47:50","date_gmt":"2018-03-07T14:47:50","guid":{"rendered":"http:\/\/coolinart.cafe\/blog\/?p=2660"},"modified":"2018-03-07T16:47:50","modified_gmt":"2018-03-07T14:47:50","slug":"pak-choi-az-uj-sztar","status":"publish","type":"post","link":"https:\/\/coolinart.cafe\/blog\/2018\/03\/pak-choi-az-uj-sztar\/","title":{"rendered":"Pak choi az \u00faj szt\u00e1r!"},"content":{"rendered":"<p>Pak choi-t (bord\u00e1skel) el\u0151sz\u00f6r k\u00e9t \u00e9ve ettem a szentendrei <a href=\"https:\/\/www.facebook.com\/Mjam-1382578311969323\/\">Mjam \u00e9tteremben<\/a>, \u00e9s r\u00f6gt\u00f6n beleszerettem. Kicsit roppan\u00f3s de a m\u00e9gis puha, \u00e1zsiai \u00edzekkel f\u0171szerezett finom k\u00f6retk\u00e9nt t\u00e1lalt\u00e1k. Tavaly nagyon boldog voltam, amikor lelkes, bio z\u00f6lds\u00e9geket termel\u0151 fiatalok el kezdt\u00e9k \u00e1rulni a szentendrei piacon. Vettem is j\u00f3 p\u00e1rszor. De most amikor a t\u00e9l v\u00e9g\u00e9n megl\u00e1ttam t\u00f6bb szupermarketben, nagyon meg\u00f6r\u00fcltem neki, hogy friss z\u00f6ld k\u00f6retet adhatok a t\u00e1ny\u00e9rra \u00fajb\u00f3l! Mindenk\u00e9ppen pr\u00f3b\u00e1lj\u00e1tok ki!<\/p>\n<p><img data-recalc-dims=\"1\" decoding=\"async\" class=\"aligncenter wp-image-2663 size-large lazyload\" data-src=\"https:\/\/i0.wp.com\/coolinart.cafe\/blog\/wp-content\/uploads\/2018\/03\/2018-02-23-13-17-19-e1520101817180-1024x768.jpg?resize=665%2C499&#038;ssl=1\" alt=\"\" width=\"665\" height=\"499\" data-srcset=\"https:\/\/i0.wp.com\/coolinart.cafe\/blog\/wp-content\/uploads\/2018\/03\/2018-02-23-13-17-19-e1520101817180.jpg?resize=1024%2C768&amp;ssl=1 1024w, https:\/\/i0.wp.com\/coolinart.cafe\/blog\/wp-content\/uploads\/2018\/03\/2018-02-23-13-17-19-e1520101817180.jpg?resize=600%2C450&amp;ssl=1 600w, https:\/\/i0.wp.com\/coolinart.cafe\/blog\/wp-content\/uploads\/2018\/03\/2018-02-23-13-17-19-e1520101817180.jpg?resize=300%2C225&amp;ssl=1 300w, https:\/\/i0.wp.com\/coolinart.cafe\/blog\/wp-content\/uploads\/2018\/03\/2018-02-23-13-17-19-e1520101817180.jpg?resize=768%2C576&amp;ssl=1 768w, https:\/\/i0.wp.com\/coolinart.cafe\/blog\/wp-content\/uploads\/2018\/03\/2018-02-23-13-17-19-e1520101817180.jpg?w=2048&amp;ssl=1 2048w, https:\/\/i0.wp.com\/coolinart.cafe\/blog\/wp-content\/uploads\/2018\/03\/2018-02-23-13-17-19-e1520101817180.jpg?w=1330&amp;ssl=1 1330w, https:\/\/i0.wp.com\/coolinart.cafe\/blog\/wp-content\/uploads\/2018\/03\/2018-02-23-13-17-19-e1520101817180.jpg?w=1995&amp;ssl=1 1995w\" data-sizes=\"(max-width: 665px) 100vw, 665px\" src=\"data:image\/svg+xml;base64,PHN2ZyB3aWR0aD0iMSIgaGVpZ2h0PSIxIiB4bWxucz0iaHR0cDovL3d3dy53My5vcmcvMjAwMC9zdmciPjwvc3ZnPg==\" style=\"--smush-placeholder-width: 665px; --smush-placeholder-aspect-ratio: 665\/499;\" \/><\/p>\n<p>Nek\u00fcnk ez a keleties verzi\u00f3 j\u00f6tt be a legjobban az eddigi vari\u00e1ci\u00f3k k\u00f6z\u00fcl:<\/p>\n<p><img data-recalc-dims=\"1\" decoding=\"async\" class=\"aligncenter wp-image-2664 size-large lazyload\" data-src=\"https:\/\/i0.wp.com\/coolinart.cafe\/blog\/wp-content\/uploads\/2018\/03\/2018-02-23-13-51-15-e1520101986926-1024x768.jpg?resize=665%2C499&#038;ssl=1\" alt=\"\" width=\"665\" height=\"499\" data-srcset=\"https:\/\/i0.wp.com\/coolinart.cafe\/blog\/wp-content\/uploads\/2018\/03\/2018-02-23-13-51-15-e1520101986926.jpg?resize=1024%2C768&amp;ssl=1 1024w, https:\/\/i0.wp.com\/coolinart.cafe\/blog\/wp-content\/uploads\/2018\/03\/2018-02-23-13-51-15-e1520101986926.jpg?resize=600%2C450&amp;ssl=1 600w, https:\/\/i0.wp.com\/coolinart.cafe\/blog\/wp-content\/uploads\/2018\/03\/2018-02-23-13-51-15-e1520101986926.jpg?resize=300%2C225&amp;ssl=1 300w, https:\/\/i0.wp.com\/coolinart.cafe\/blog\/wp-content\/uploads\/2018\/03\/2018-02-23-13-51-15-e1520101986926.jpg?resize=768%2C576&amp;ssl=1 768w, https:\/\/i0.wp.com\/coolinart.cafe\/blog\/wp-content\/uploads\/2018\/03\/2018-02-23-13-51-15-e1520101986926.jpg?w=2048&amp;ssl=1 2048w, https:\/\/i0.wp.com\/coolinart.cafe\/blog\/wp-content\/uploads\/2018\/03\/2018-02-23-13-51-15-e1520101986926.jpg?w=1330&amp;ssl=1 1330w, https:\/\/i0.wp.com\/coolinart.cafe\/blog\/wp-content\/uploads\/2018\/03\/2018-02-23-13-51-15-e1520101986926.jpg?w=1995&amp;ssl=1 1995w\" data-sizes=\"(max-width: 665px) 100vw, 665px\" src=\"data:image\/svg+xml;base64,PHN2ZyB3aWR0aD0iMSIgaGVpZ2h0PSIxIiB4bWxucz0iaHR0cDovL3d3dy53My5vcmcvMjAwMC9zdmciPjwvc3ZnPg==\" style=\"--smush-placeholder-width: 665px; --smush-placeholder-aspect-ratio: 665\/499;\" \/><\/p>\n<p><em>Hozz\u00e1val\u00f3k:<\/em><\/p>\n<ul>\n<li>fejenk\u00e9nt egy pak choi<\/li>\n<li>1 ek. mogyor\u00f3olaj<\/li>\n<li>2 ek. sz\u00f3jasz\u00f3sz<\/li>\n<li>2 ek. teryaki sz\u00f3sz<\/li>\n<li>1 ek. szez\u00e1molaj<\/li>\n<li>2 gerezd fokhagyma<\/li>\n<li>egy di\u00f3nyi gy\u00f6mb\u00e9r durv\u00e1ra reszelve<\/li>\n<li>t\u00e1lal\u00e1shoz szez\u00e1mmag<\/li>\n<\/ul>\n<p><!--more-->A pak choit megmosom, lecsepegtetem \u00e9s f\u00e9lbe v\u00e1gom. Egy nagy serpeny\u0151be belem\u00e9rem a sz\u00f3szokat \u00e9sz olajat, hozz\u00e1adom a durv\u00e1ra reszelt gy\u00f6mb\u00e9rt \u00e9s fokhagym\u00e1t. \u00d6sszeforralom. Mikor rotyog m\u00e9g hozz\u00e1adok f\u00e9l dl vizet, \u00e9s beleteszem a f\u00e9lbe v\u00e1gott pak choikat. Lefedem, \u00e9s kb 5-7 percig rotyogtatom, k\u00f6zben egyszer -k\u00e9tszer \u00e1tforgatom. Mivel a sz\u00f3szok s\u00f3sak, \u00e9n m\u00e1r pluszban nem s\u00f3ztam. T\u00e1lal\u00e1skor pir\u00edtott szez\u00e1mmaggal sz\u00f3rom meg, \u00e9s r\u00e1szedem az isteni szaftot amiben p\u00e1rol\u00f3dott. Szuper k\u00f6ret h\u00fasok mell\u00e9, de veg\u00e1knak \u00f6n\u00e1ll\u00f3 z\u00f6lds\u00e9ges \u00e9telnek is kiv\u00e1l\u00f3.<\/p>\n<p>Tov\u00e1bbi vari\u00e1ci\u00f3im:<\/p>\n<ul>\n<li>A pak choit f\u00e9lbev\u00e1gva forr\u00e1sban lev\u0151 s\u00f3s v\u00edzbe teszem, \u00e9s kb. 3 percet forralom. Kiveszem, lecs\u00f6p\u00f6gtetem, \u00e9s felmeleg\u00edtett ol\u00edvaolajra szedem, pr\u00e9selek r\u00e1 3-4 gerezd fokhagym\u00e1t. \u00e9s alaposan \u00e1tforgatom.<\/li>\n<li>Nyersen v\u00e9kony cs\u00edkokra v\u00e1gom, \u00e9s sal\u00e1t\u00e1nak k\u00e9sz\u00edtem el. Nagyon finom hozz\u00e1 a r\u00e9pa \u00e9s alma reszelve. Az \u00f6ntetbe ol\u00edvaolajat, szez\u00e1molajat, chilit, \u00e9s balzsamecetet keverek \u00f6ssze.<\/li>\n<\/ul>\n<p>&nbsp;<\/p>\n","protected":false},"excerpt":{"rendered":"<p>Pak choi-t (bord\u00e1skel) el\u0151sz\u00f6r k\u00e9t \u00e9ve ettem a szentendrei Mjam \u00e9tteremben, \u00e9s r\u00f6gt\u00f6n beleszerettem. Kicsit roppan\u00f3s de a m\u00e9gis puha, \u00e1zsiai \u00edzekkel f\u0171szerezett finom k\u00f6retk\u00e9nt t\u00e1lalt\u00e1k. Tavaly nagyon boldog voltam, amikor lelkes, bio z\u00f6lds\u00e9geket termel\u0151 fiatalok el kezdt\u00e9k \u00e1rulni a szentendrei piacon. Vettem is j\u00f3 p\u00e1rszor. De most amikor a t\u00e9l v\u00e9g\u00e9n megl\u00e1ttam t\u00f6bb szupermarketben, [&hellip;]<\/p>\n","protected":false},"author":2,"featured_media":0,"comment_status":"open","ping_status":"open","sticky":false,"template":"","format":"standard","meta":{"ngg_post_thumbnail":0,"_jetpack_memberships_contains_paid_content":false,"footnotes":""},"categories":[50,2,27],"tags":[61],"class_list":["post-2660","post","type-post","status-publish","format-standard","hentry","category-husmentes","category-recept","category-zoldseg","tag-vega"],"yoast_head":"<!-- This site is optimized with the Yoast SEO plugin v27.4 - https:\/\/yoast.com\/product\/yoast-seo-wordpress\/ -->\n<title>Pak choi az \u00faj szt\u00e1r! - Coolinart.cafe<\/title>\n<meta name=\"description\" content=\"A pak choi-t \u00e9n sem r\u00e9gen fedeztem fel, de szerintem egy zseni\u00e1lis k\u00f6ret h\u00fasok mell\u00e9. A legjobb, ha keleties \u00edzvil\u00e1g\u00fa dolgokkal vari\u00e1lj\u00e1tok. Ez nem v\u00e9letlen, hiszen K\u00edn\u00e1b\u00f3l sz\u00e1rmazik.\" \/>\n<meta name=\"robots\" content=\"index, follow, max-snippet:-1, max-image-preview:large, max-video-preview:-1\" \/>\n<link rel=\"canonical\" href=\"https:\/\/coolinart.cafe\/blog\/2018\/03\/pak-choi-az-uj-sztar\/\" \/>\n<meta property=\"og:locale\" content=\"hu_HU\" \/>\n<meta property=\"og:type\" content=\"article\" \/>\n<meta property=\"og:title\" content=\"Pak choi az \u00faj szt\u00e1r! - Coolinart.cafe\" \/>\n<meta property=\"og:description\" content=\"A pak choi-t \u00e9n sem r\u00e9gen fedeztem fel, de szerintem egy zseni\u00e1lis k\u00f6ret h\u00fasok mell\u00e9. A legjobb, ha keleties \u00edzvil\u00e1g\u00fa dolgokkal vari\u00e1lj\u00e1tok. Ez nem v\u00e9letlen, hiszen K\u00edn\u00e1b\u00f3l sz\u00e1rmazik.\" \/>\n<meta property=\"og:url\" content=\"https:\/\/coolinart.cafe\/blog\/2018\/03\/pak-choi-az-uj-sztar\/\" \/>\n<meta property=\"og:site_name\" content=\"Coolinart.cafe\" \/>\n<meta property=\"article:publisher\" content=\"https:\/\/www.facebook.com\/coolinart.cafe\/\" \/>\n<meta property=\"article:published_time\" content=\"2018-03-07T14:47:50+00:00\" \/>\n<meta property=\"og:image\" content=\"https:\/\/i2.wp.com\/coolinart.cafe\/blog\/wp-content\/uploads\/2018\/03\/FB2018-02-23-13-51-15.jpg?fit=1200%2C630&ssl=1\" \/>\n\t<meta property=\"og:image:width\" content=\"1200\" \/>\n\t<meta property=\"og:image:height\" content=\"630\" \/>\n\t<meta property=\"og:image:type\" content=\"image\/jpeg\" \/>\n<meta name=\"author\" content=\"Sulyok Gy\u00f6rgyi\" \/>\n<meta name=\"twitter:card\" content=\"summary_large_image\" \/>\n<meta name=\"twitter:label1\" content=\"Szerz\u0151:\" \/>\n\t<meta name=\"twitter:data1\" content=\"Sulyok Gy\u00f6rgyi\" \/>\n\t<meta name=\"twitter:label2\" content=\"Becs\u00fclt olvas\u00e1si id\u0151\" \/>\n\t<meta name=\"twitter:data2\" content=\"2 perc\" \/>\n<script type=\"application\/ld+json\" class=\"yoast-schema-graph\">{\"@context\":\"https:\\\/\\\/schema.org\",\"@graph\":[{\"@type\":\"Article\",\"@id\":\"https:\\\/\\\/coolinart.cafe\\\/blog\\\/2018\\\/03\\\/pak-choi-az-uj-sztar\\\/#article\",\"isPartOf\":{\"@id\":\"https:\\\/\\\/coolinart.cafe\\\/blog\\\/2018\\\/03\\\/pak-choi-az-uj-sztar\\\/\"},\"author\":{\"name\":\"Sulyok Gy\u00f6rgyi\",\"@id\":\"https:\\\/\\\/coolinart.cafe\\\/blog\\\/#\\\/schema\\\/person\\\/0b9046a8abdce332b3919b077f7376b2\"},\"headline\":\"Pak choi az \u00faj szt\u00e1r!\",\"datePublished\":\"2018-03-07T14:47:50+00:00\",\"mainEntityOfPage\":{\"@id\":\"https:\\\/\\\/coolinart.cafe\\\/blog\\\/2018\\\/03\\\/pak-choi-az-uj-sztar\\\/\"},\"wordCount\":360,\"commentCount\":0,\"image\":{\"@id\":\"https:\\\/\\\/coolinart.cafe\\\/blog\\\/2018\\\/03\\\/pak-choi-az-uj-sztar\\\/#primaryimage\"},\"thumbnailUrl\":\"https:\\\/\\\/coolinart.cafe\\\/blog\\\/wp-content\\\/uploads\\\/2018\\\/03\\\/2018-02-23-13-17-19-e1520101817180-1024x768.jpg\",\"keywords\":[\"Vega\"],\"articleSection\":[\"H\u00fasmentes\",\"Receptek\",\"Z\u00f6lds\u00e9g\"],\"inLanguage\":\"hu\",\"potentialAction\":[{\"@type\":\"CommentAction\",\"name\":\"Comment\",\"target\":[\"https:\\\/\\\/coolinart.cafe\\\/blog\\\/2018\\\/03\\\/pak-choi-az-uj-sztar\\\/#respond\"]}]},{\"@type\":\"WebPage\",\"@id\":\"https:\\\/\\\/coolinart.cafe\\\/blog\\\/2018\\\/03\\\/pak-choi-az-uj-sztar\\\/\",\"url\":\"https:\\\/\\\/coolinart.cafe\\\/blog\\\/2018\\\/03\\\/pak-choi-az-uj-sztar\\\/\",\"name\":\"Pak choi az \u00faj szt\u00e1r! - Coolinart.cafe\",\"isPartOf\":{\"@id\":\"https:\\\/\\\/coolinart.cafe\\\/blog\\\/#website\"},\"primaryImageOfPage\":{\"@id\":\"https:\\\/\\\/coolinart.cafe\\\/blog\\\/2018\\\/03\\\/pak-choi-az-uj-sztar\\\/#primaryimage\"},\"image\":{\"@id\":\"https:\\\/\\\/coolinart.cafe\\\/blog\\\/2018\\\/03\\\/pak-choi-az-uj-sztar\\\/#primaryimage\"},\"thumbnailUrl\":\"https:\\\/\\\/coolinart.cafe\\\/blog\\\/wp-content\\\/uploads\\\/2018\\\/03\\\/2018-02-23-13-17-19-e1520101817180-1024x768.jpg\",\"datePublished\":\"2018-03-07T14:47:50+00:00\",\"author\":{\"@id\":\"https:\\\/\\\/coolinart.cafe\\\/blog\\\/#\\\/schema\\\/person\\\/0b9046a8abdce332b3919b077f7376b2\"},\"description\":\"A pak choi-t \u00e9n sem r\u00e9gen fedeztem fel, de szerintem egy zseni\u00e1lis k\u00f6ret h\u00fasok mell\u00e9. A legjobb, ha keleties \u00edzvil\u00e1g\u00fa dolgokkal vari\u00e1lj\u00e1tok. Ez nem v\u00e9letlen, hiszen K\u00edn\u00e1b\u00f3l sz\u00e1rmazik.\",\"breadcrumb\":{\"@id\":\"https:\\\/\\\/coolinart.cafe\\\/blog\\\/2018\\\/03\\\/pak-choi-az-uj-sztar\\\/#breadcrumb\"},\"inLanguage\":\"hu\",\"potentialAction\":[{\"@type\":\"ReadAction\",\"target\":[\"https:\\\/\\\/coolinart.cafe\\\/blog\\\/2018\\\/03\\\/pak-choi-az-uj-sztar\\\/\"]}]},{\"@type\":\"ImageObject\",\"inLanguage\":\"hu\",\"@id\":\"https:\\\/\\\/coolinart.cafe\\\/blog\\\/2018\\\/03\\\/pak-choi-az-uj-sztar\\\/#primaryimage\",\"url\":\"https:\\\/\\\/i0.wp.com\\\/coolinart.cafe\\\/blog\\\/wp-content\\\/uploads\\\/2018\\\/03\\\/2018-02-23-13-17-19-e1520101817180.jpg?fit=2048%2C1536&ssl=1\",\"contentUrl\":\"https:\\\/\\\/i0.wp.com\\\/coolinart.cafe\\\/blog\\\/wp-content\\\/uploads\\\/2018\\\/03\\\/2018-02-23-13-17-19-e1520101817180.jpg?fit=2048%2C1536&ssl=1\",\"width\":2048,\"height\":1536},{\"@type\":\"BreadcrumbList\",\"@id\":\"https:\\\/\\\/coolinart.cafe\\\/blog\\\/2018\\\/03\\\/pak-choi-az-uj-sztar\\\/#breadcrumb\",\"itemListElement\":[{\"@type\":\"ListItem\",\"position\":1,\"name\":\"Home\",\"item\":\"https:\\\/\\\/coolinart.cafe\\\/blog\\\/\"},{\"@type\":\"ListItem\",\"position\":2,\"name\":\"Pak choi az \u00faj szt\u00e1r!\"}]},{\"@type\":\"WebSite\",\"@id\":\"https:\\\/\\\/coolinart.cafe\\\/blog\\\/#website\",\"url\":\"https:\\\/\\\/coolinart.cafe\\\/blog\\\/\",\"name\":\"Coolinart.cafe\",\"description\":\"\u00e9tel, k\u00e1v\u00e9, kult\u00fara\",\"potentialAction\":[{\"@type\":\"SearchAction\",\"target\":{\"@type\":\"EntryPoint\",\"urlTemplate\":\"https:\\\/\\\/coolinart.cafe\\\/blog\\\/?s={search_term_string}\"},\"query-input\":{\"@type\":\"PropertyValueSpecification\",\"valueRequired\":true,\"valueName\":\"search_term_string\"}}],\"inLanguage\":\"hu\"},{\"@type\":\"Person\",\"@id\":\"https:\\\/\\\/coolinart.cafe\\\/blog\\\/#\\\/schema\\\/person\\\/0b9046a8abdce332b3919b077f7376b2\",\"name\":\"Sulyok Gy\u00f6rgyi\",\"image\":{\"@type\":\"ImageObject\",\"inLanguage\":\"hu\",\"@id\":\"https:\\\/\\\/secure.gravatar.com\\\/avatar\\\/f7d80d7800220762f9cf31559c65e650bdc8299f18bca4e3ffde781c0422539c?s=96&d=mm&r=g\",\"url\":\"https:\\\/\\\/secure.gravatar.com\\\/avatar\\\/f7d80d7800220762f9cf31559c65e650bdc8299f18bca4e3ffde781c0422539c?s=96&d=mm&r=g\",\"contentUrl\":\"https:\\\/\\\/secure.gravatar.com\\\/avatar\\\/f7d80d7800220762f9cf31559c65e650bdc8299f18bca4e3ffde781c0422539c?s=96&d=mm&r=g\",\"caption\":\"Sulyok Gy\u00f6rgyi\"},\"sameAs\":[\"http:\\\/\\\/www.coolinart.cafe\"],\"url\":\"https:\\\/\\\/coolinart.cafe\\\/blog\\\/author\\\/gyorgyi\\\/\"}]}<\/script>\n<!-- \/ Yoast SEO plugin. -->","yoast_head_json":{"title":"Pak choi az \u00faj szt\u00e1r! - Coolinart.cafe","description":"A pak choi-t \u00e9n sem r\u00e9gen fedeztem fel, de szerintem egy zseni\u00e1lis k\u00f6ret h\u00fasok mell\u00e9. A legjobb, ha keleties \u00edzvil\u00e1g\u00fa dolgokkal vari\u00e1lj\u00e1tok. Ez nem v\u00e9letlen, hiszen K\u00edn\u00e1b\u00f3l sz\u00e1rmazik.","robots":{"index":"index","follow":"follow","max-snippet":"max-snippet:-1","max-image-preview":"max-image-preview:large","max-video-preview":"max-video-preview:-1"},"canonical":"https:\/\/coolinart.cafe\/blog\/2018\/03\/pak-choi-az-uj-sztar\/","og_locale":"hu_HU","og_type":"article","og_title":"Pak choi az \u00faj szt\u00e1r! - Coolinart.cafe","og_description":"A pak choi-t \u00e9n sem r\u00e9gen fedeztem fel, de szerintem egy zseni\u00e1lis k\u00f6ret h\u00fasok mell\u00e9. A legjobb, ha keleties \u00edzvil\u00e1g\u00fa dolgokkal vari\u00e1lj\u00e1tok. Ez nem v\u00e9letlen, hiszen K\u00edn\u00e1b\u00f3l sz\u00e1rmazik.","og_url":"https:\/\/coolinart.cafe\/blog\/2018\/03\/pak-choi-az-uj-sztar\/","og_site_name":"Coolinart.cafe","article_publisher":"https:\/\/www.facebook.com\/coolinart.cafe\/","article_published_time":"2018-03-07T14:47:50+00:00","og_image":[{"width":1200,"height":630,"url":"https:\/\/i2.wp.com\/coolinart.cafe\/blog\/wp-content\/uploads\/2018\/03\/FB2018-02-23-13-51-15.jpg?fit=1200%2C630&ssl=1","type":"image\/jpeg"}],"author":"Sulyok Gy\u00f6rgyi","twitter_card":"summary_large_image","twitter_misc":{"Szerz\u0151:":"Sulyok Gy\u00f6rgyi","Becs\u00fclt olvas\u00e1si id\u0151":"2 perc"},"schema":{"@context":"https:\/\/schema.org","@graph":[{"@type":"Article","@id":"https:\/\/coolinart.cafe\/blog\/2018\/03\/pak-choi-az-uj-sztar\/#article","isPartOf":{"@id":"https:\/\/coolinart.cafe\/blog\/2018\/03\/pak-choi-az-uj-sztar\/"},"author":{"name":"Sulyok Gy\u00f6rgyi","@id":"https:\/\/coolinart.cafe\/blog\/#\/schema\/person\/0b9046a8abdce332b3919b077f7376b2"},"headline":"Pak choi az \u00faj szt\u00e1r!","datePublished":"2018-03-07T14:47:50+00:00","mainEntityOfPage":{"@id":"https:\/\/coolinart.cafe\/blog\/2018\/03\/pak-choi-az-uj-sztar\/"},"wordCount":360,"commentCount":0,"image":{"@id":"https:\/\/coolinart.cafe\/blog\/2018\/03\/pak-choi-az-uj-sztar\/#primaryimage"},"thumbnailUrl":"https:\/\/coolinart.cafe\/blog\/wp-content\/uploads\/2018\/03\/2018-02-23-13-17-19-e1520101817180-1024x768.jpg","keywords":["Vega"],"articleSection":["H\u00fasmentes","Receptek","Z\u00f6lds\u00e9g"],"inLanguage":"hu","potentialAction":[{"@type":"CommentAction","name":"Comment","target":["https:\/\/coolinart.cafe\/blog\/2018\/03\/pak-choi-az-uj-sztar\/#respond"]}]},{"@type":"WebPage","@id":"https:\/\/coolinart.cafe\/blog\/2018\/03\/pak-choi-az-uj-sztar\/","url":"https:\/\/coolinart.cafe\/blog\/2018\/03\/pak-choi-az-uj-sztar\/","name":"Pak choi az \u00faj szt\u00e1r! - Coolinart.cafe","isPartOf":{"@id":"https:\/\/coolinart.cafe\/blog\/#website"},"primaryImageOfPage":{"@id":"https:\/\/coolinart.cafe\/blog\/2018\/03\/pak-choi-az-uj-sztar\/#primaryimage"},"image":{"@id":"https:\/\/coolinart.cafe\/blog\/2018\/03\/pak-choi-az-uj-sztar\/#primaryimage"},"thumbnailUrl":"https:\/\/coolinart.cafe\/blog\/wp-content\/uploads\/2018\/03\/2018-02-23-13-17-19-e1520101817180-1024x768.jpg","datePublished":"2018-03-07T14:47:50+00:00","author":{"@id":"https:\/\/coolinart.cafe\/blog\/#\/schema\/person\/0b9046a8abdce332b3919b077f7376b2"},"description":"A pak choi-t \u00e9n sem r\u00e9gen fedeztem fel, de szerintem egy zseni\u00e1lis k\u00f6ret h\u00fasok mell\u00e9. A legjobb, ha keleties \u00edzvil\u00e1g\u00fa dolgokkal vari\u00e1lj\u00e1tok. Ez nem v\u00e9letlen, hiszen K\u00edn\u00e1b\u00f3l sz\u00e1rmazik.","breadcrumb":{"@id":"https:\/\/coolinart.cafe\/blog\/2018\/03\/pak-choi-az-uj-sztar\/#breadcrumb"},"inLanguage":"hu","potentialAction":[{"@type":"ReadAction","target":["https:\/\/coolinart.cafe\/blog\/2018\/03\/pak-choi-az-uj-sztar\/"]}]},{"@type":"ImageObject","inLanguage":"hu","@id":"https:\/\/coolinart.cafe\/blog\/2018\/03\/pak-choi-az-uj-sztar\/#primaryimage","url":"https:\/\/i0.wp.com\/coolinart.cafe\/blog\/wp-content\/uploads\/2018\/03\/2018-02-23-13-17-19-e1520101817180.jpg?fit=2048%2C1536&ssl=1","contentUrl":"https:\/\/i0.wp.com\/coolinart.cafe\/blog\/wp-content\/uploads\/2018\/03\/2018-02-23-13-17-19-e1520101817180.jpg?fit=2048%2C1536&ssl=1","width":2048,"height":1536},{"@type":"BreadcrumbList","@id":"https:\/\/coolinart.cafe\/blog\/2018\/03\/pak-choi-az-uj-sztar\/#breadcrumb","itemListElement":[{"@type":"ListItem","position":1,"name":"Home","item":"https:\/\/coolinart.cafe\/blog\/"},{"@type":"ListItem","position":2,"name":"Pak choi az \u00faj szt\u00e1r!"}]},{"@type":"WebSite","@id":"https:\/\/coolinart.cafe\/blog\/#website","url":"https:\/\/coolinart.cafe\/blog\/","name":"Coolinart.cafe","description":"\u00e9tel, k\u00e1v\u00e9, kult\u00fara","potentialAction":[{"@type":"SearchAction","target":{"@type":"EntryPoint","urlTemplate":"https:\/\/coolinart.cafe\/blog\/?s={search_term_string}"},"query-input":{"@type":"PropertyValueSpecification","valueRequired":true,"valueName":"search_term_string"}}],"inLanguage":"hu"},{"@type":"Person","@id":"https:\/\/coolinart.cafe\/blog\/#\/schema\/person\/0b9046a8abdce332b3919b077f7376b2","name":"Sulyok Gy\u00f6rgyi","image":{"@type":"ImageObject","inLanguage":"hu","@id":"https:\/\/secure.gravatar.com\/avatar\/f7d80d7800220762f9cf31559c65e650bdc8299f18bca4e3ffde781c0422539c?s=96&d=mm&r=g","url":"https:\/\/secure.gravatar.com\/avatar\/f7d80d7800220762f9cf31559c65e650bdc8299f18bca4e3ffde781c0422539c?s=96&d=mm&r=g","contentUrl":"https:\/\/secure.gravatar.com\/avatar\/f7d80d7800220762f9cf31559c65e650bdc8299f18bca4e3ffde781c0422539c?s=96&d=mm&r=g","caption":"Sulyok Gy\u00f6rgyi"},"sameAs":["http:\/\/www.coolinart.cafe"],"url":"https:\/\/coolinart.cafe\/blog\/author\/gyorgyi\/"}]}},"jetpack_featured_media_url":"","jetpack_sharing_enabled":true,"_links":{"self":[{"href":"https:\/\/coolinart.cafe\/blog\/wp-json\/wp\/v2\/posts\/2660","targetHints":{"allow":["GET"]}}],"collection":[{"href":"https:\/\/coolinart.cafe\/blog\/wp-json\/wp\/v2\/posts"}],"about":[{"href":"https:\/\/coolinart.cafe\/blog\/wp-json\/wp\/v2\/types\/post"}],"author":[{"embeddable":true,"href":"https:\/\/coolinart.cafe\/blog\/wp-json\/wp\/v2\/users\/2"}],"replies":[{"embeddable":true,"href":"https:\/\/coolinart.cafe\/blog\/wp-json\/wp\/v2\/comments?post=2660"}],"version-history":[{"count":9,"href":"https:\/\/coolinart.cafe\/blog\/wp-json\/wp\/v2\/posts\/2660\/revisions"}],"predecessor-version":[{"id":2674,"href":"https:\/\/coolinart.cafe\/blog\/wp-json\/wp\/v2\/posts\/2660\/revisions\/2674"}],"wp:attachment":[{"href":"https:\/\/coolinart.cafe\/blog\/wp-json\/wp\/v2\/media?parent=2660"}],"wp:term":[{"taxonomy":"category","embeddable":true,"href":"https:\/\/coolinart.cafe\/blog\/wp-json\/wp\/v2\/categories?post=2660"},{"taxonomy":"post_tag","embeddable":true,"href":"https:\/\/coolinart.cafe\/blog\/wp-json\/wp\/v2\/tags?post=2660"}],"curies":[{"name":"wp","href":"https:\/\/api.w.org\/{rel}","templated":true}]}}