{"id":2050,"date":"2016-11-21T11:59:53","date_gmt":"2016-11-21T09:59:53","guid":{"rendered":"http:\/\/coolinart.cafe\/blog\/?p=2050"},"modified":"2016-11-21T11:59:53","modified_gmt":"2016-11-21T09:59:53","slug":"szilvalekvaros-makos-muffin-vagy-torta-2","status":"publish","type":"post","link":"https:\/\/coolinart.cafe\/blog\/2016\/11\/szilvalekvaros-makos-muffin-vagy-torta-2\/","title":{"rendered":"Szilvalekv\u00e1ros-m\u00e1kos muffin vagy torta"},"content":{"rendered":"<p style=\"text-align: justify;\">A muffin &#8211; \u00edgy a szilvalekv\u00e1ros-m\u00e1kos muffin is &#8211; t\u00f6k\u00e9letes aj\u00e1nd\u00e9k lehet akkor, ha t\u00f6bb embernek szeretn\u00e9tek ugyanazt az aj\u00e1nd\u00e9kot adni. Egy adag t\u00e9szt\u00e1b\u00f3l sok-sok aj\u00e1nd\u00e9k megs\u00fcthet\u0151, amit ut\u00e1na csak celof\u00e1nba csomagoltok, d\u00edsz\u00edtetek, \u00e9s \u00e1tadtok.ngg_shortcode_0_placeholder<\/p>\n<p style=\"text-align: justify;\">A szilvalekv\u00e1ros-m\u00e1kos muffin t\u00e9szt\u00e1ja nagyon hamar k\u00e9szen van, a k\u00f6zep\u00e9be szatm\u00e1ri szilvalekv\u00e1r ker\u00fclt. Nagyon kev\u00e9s cukor van benne, \u00e9s azoknak, akik szeretik a m\u00e1kot, enn\u00e9l nem kell finomabb s\u00fctem\u00e9ny! R\u00e1ad\u00e1sul nincs benne liszt, azaz glut\u00e9nmentes, \u00e9s a cukrot ha ny\u00edrfacukorra cser\u00e9litek, akkor paleolit is. De ebb\u0151l a mennyis\u00e9gb\u0151l k\u00e9sz\u00edthettek egy nagyon finom tort\u00e1t is.<\/p>\n<p><em>Hozz\u00e1val\u00f3k 24 db muffinhoz vagy egy 28 cm-es tort\u00e1hoz:<\/em><\/p>\n<ul>\n<li>20 dkg dar\u00e1lt m\u00e1k<\/li>\n<li>6 toj\u00e1s<\/li>\n<li>1 dl tej<\/li>\n<li>15 dkg vaj<\/li>\n<li>10 dkg porcukor vagy ny\u00edrfacukor<\/li>\n<li>1 (bio) citrom reszelt h\u00e9ja<\/li>\n<li>1 csipet s\u00f3<\/li>\n<li>24 k\u00e1v\u00e9skan\u00e1l szilvalekv\u00e1r<\/li>\n<li>a sz\u00f3r\u00e1shoz szemes m\u00e1k<\/li>\n<\/ul>\n<p><em>Cukorm\u00e1zhoz:<\/em><\/p>\n<ul>\n<li>10 dkg porcukor<\/li>\n<li>3 ev\u0151kan\u00e1l citroml\u00e9<\/li>\n<\/ul>\n<p><em>Csokim\u00e1zhoz:<\/em><\/p>\n<ul>\n<li>10 dkg \u00e9tcsokol\u00e1d\u00e9<\/li>\n<li>3 dkg vaj<\/li>\n<\/ul>\n<p><em>Mascarpon\u00e9s bevon\u00e1shoz:<\/em><\/p>\n<ul>\n<li>15 dkg mascarpone<\/li>\n<li>1 ek. porcukor<\/li>\n<\/ul>\n<p style=\"text-align: justify;\"><!--more-->A s\u00fct\u0151t el\u0151meleg\u00edtem 200 fokra, a muffin form\u00e1t kib\u00e9lelem a kapszlikkal. A toj\u00e1sokat sz\u00e9tv\u00e1lasztom. A s\u00e1rg\u00e1j\u00e1t habosra keverem a porcukorral, majd hozz\u00e1adom a tejet \u00e9s a mikroban felolvasztott, de nem forr\u00f3 vajat. Ezzel is m\u00e9g kicsit keverem. A feh\u00e9rj\u00e9t kem\u00e9ny habb\u00e1 verem a csipet s\u00f3val. A s\u00e1rg\u00e1j\u00e1hoz \u00f3vatosan hozz\u00e1keverem a m\u00e1kot, belereszelem a citromh\u00e9jat, majd laz\u00e1n hozz\u00e1keverem a toj\u00e1sfeh\u00e9rj\u00e9t. Egy-egy nagy ev\u0151kan\u00e1lnyi massz\u00e1t beleszedek a muffin form\u00e1kba, majd r\u00e1kupacolok egy-egy k\u00e1v\u00e9skan\u00e1lnyi szilvalekv\u00e1rt. Ut\u00e1na megint r\u00e1adagolok egy-egy kan\u00e1l t\u00e9szt\u00e1t. Beteszem a s\u00fct\u0151be, \u00e9s kb. 20-25 perc alatt k\u00e9szre s\u00fct\u00f6m (t\u0171pr\u00f3ba).<\/p>\n<p style=\"text-align: justify;\">A cukorm\u00e1zhoz a cukrot kikeverem a citroml\u00e9vel, s\u0171r\u0171 m\u00e9z \u00e1llag\u00fa kell, hogy legyen. Ha a muffin kih\u0171lt, r\u00e1adagolom a m\u00e1zat a tetej\u00fckre, \u00e9s megsz\u00f3rom a szemes m\u00e1kkal. Csokim\u00e1zn\u00e1l a csokit a vajjal g\u0151z f\u00f6l\u00f6tt megolvasztom, \u00e9s azt csorgatom r\u00e1, szint\u00e9n megsz\u00f3rom a m\u00e1kszemekkel. Ha megdermedt, akkor lehet csomagolni:<\/p>\n<p style=\"text-align: justify;\">ngg_shortcode_1_placeholder<\/p>\n<p style=\"text-align: justify;\">Ha tort\u00e1t s\u00fct\u00f6k, a massz\u00e1t egy 28 cm-es s\u00fct\u0151pap\u00edrral b\u00e9lelt tortaform\u00e1ba \u00f6nt\u00f6m, \u00e9s 200 fokon kb. 40-45 perc alatt k\u00e9szre s\u00fct\u00f6m (t\u0171pr\u00f3ba). Miut\u00e1n kih\u0171lt f\u00e9lbev\u00e1gom, megkenem a szilvalekv\u00e1rral kb. 1 cm vastagon. R\u00e1teszem a tetej\u00e9t, \u00e9s k\u00edv\u00fclr\u0151l pedig bevonom csokim\u00e1zzal, amit a fent le\u00edrtak szerint k\u00e9sz\u00edtek el. Vagy a mascarpon\u00e9t kikeverem a cukorral habosra, \u00e9s azzal kenem k\u00f6rbe a tort\u00e1t, ahogy a k\u00e9pen alul l\u00e1tj\u00e1tok. A m\u00e1kszemek ezen is nagyon j\u00f3l mutatnak. \u00c9n m\u00e9g egy kis kand\u00edrozott narancsot is sz\u00f3rtam r\u00e1. H\u0171t\u0151be teszem p\u00e1r \u00f3r\u00e1ra.<\/p>\nngg_shortcode_2_placeholder\n<p>&nbsp;<\/p>\n<p>&nbsp;<\/p>\n<p>&nbsp;<\/p>\n","protected":false},"excerpt":{"rendered":"<p>A muffin &#8211; \u00edgy a szilvalekv\u00e1ros-m\u00e1kos muffin is &#8211; t\u00f6k\u00e9letes aj\u00e1nd\u00e9k lehet akkor, ha t\u00f6bb embernek szeretn\u00e9tek ugyanazt az aj\u00e1nd\u00e9kot adni. Egy adag t\u00e9szt\u00e1b\u00f3l sok-sok aj\u00e1nd\u00e9k megs\u00fcthet\u0151, amit ut\u00e1na csak celof\u00e1nba csomagoltok, d\u00edsz\u00edtetek, \u00e9s \u00e1tadtok. A szilvalekv\u00e1ros-m\u00e1kos muffin t\u00e9szt\u00e1ja nagyon hamar k\u00e9szen van, a k\u00f6zep\u00e9be szatm\u00e1ri szilvalekv\u00e1r ker\u00fclt. Nagyon kev\u00e9s cukor van benne, \u00e9s azoknak, [&hellip;]<\/p>\n","protected":false},"author":2,"featured_media":0,"comment_status":"open","ping_status":"open","sticky":false,"template":"","format":"standard","meta":{"ngg_post_thumbnail":0,"_jetpack_memberships_contains_paid_content":false,"footnotes":""},"categories":[14,125,2],"tags":[124,36,123,58,37],"class_list":["post-2050","post","type-post","status-publish","format-standard","hentry","category-edessegek","category-karacsony","category-recept","tag-eheto-ajandek","tag-glutenmentes","tag-karacsony","tag-mak","tag-paleolit"],"yoast_head":"<!-- This site is optimized with the Yoast SEO plugin v27.5 - https:\/\/yoast.com\/product\/yoast-seo-wordpress\/ -->\n<title>Szilvalekv\u00e1ros-m\u00e1kos muffin vagy torta - Coolinart.cafe<\/title>\n<meta name=\"description\" content=\"A m\u00e1k \u00e9s a szatm\u00e1ri szilvalekv\u00e1r egy\u00fctt No.1! S\u00fcss\u00e9tek meg ezt a szilvalekv\u00e1ros-m\u00e1kos muffin-t vagy tort\u00e1t, \u00e9s ti is ezen a v\u00e9lem\u00e9nyem lesztek!\" \/>\n<meta name=\"robots\" content=\"index, follow, max-snippet:-1, max-image-preview:large, max-video-preview:-1\" \/>\n<link rel=\"canonical\" href=\"https:\/\/coolinart.cafe\/blog\/2016\/11\/szilvalekvaros-makos-muffin-vagy-torta-2\/\" \/>\n<meta property=\"og:locale\" content=\"hu_HU\" \/>\n<meta property=\"og:type\" content=\"article\" \/>\n<meta property=\"og:title\" content=\"Szilvalekv\u00e1ros-m\u00e1kos muffin vagy torta - Coolinart.cafe\" \/>\n<meta property=\"og:description\" content=\"A m\u00e1k \u00e9s a szatm\u00e1ri szilvalekv\u00e1r egy\u00fctt No.1! S\u00fcss\u00e9tek meg ezt a szilvalekv\u00e1ros-m\u00e1kos muffin-t vagy tort\u00e1t, \u00e9s ti is ezen a v\u00e9lem\u00e9nyem lesztek!\" \/>\n<meta property=\"og:url\" content=\"https:\/\/coolinart.cafe\/blog\/2016\/11\/szilvalekvaros-makos-muffin-vagy-torta-2\/\" \/>\n<meta property=\"og:site_name\" content=\"Coolinart.cafe\" \/>\n<meta property=\"article:publisher\" content=\"https:\/\/www.facebook.com\/coolinart.cafe\/\" \/>\n<meta property=\"article:published_time\" content=\"2016-11-21T09:59:53+00:00\" \/>\n<meta property=\"og:image\" content=\"https:\/\/i1.wp.com\/coolinart.cafe\/blog\/wp-content\/uploads\/2016\/11\/FB2016-11-16-12-13-21.jpg?fit=1200%2C630&ssl=1\" \/>\n\t<meta property=\"og:image:width\" content=\"1200\" \/>\n\t<meta property=\"og:image:height\" content=\"630\" \/>\n\t<meta property=\"og:image:type\" content=\"image\/jpeg\" \/>\n<meta name=\"author\" content=\"Sulyok Gy\u00f6rgyi\" \/>\n<meta name=\"twitter:card\" content=\"summary_large_image\" \/>\n<meta name=\"twitter:label1\" content=\"Szerz\u0151:\" \/>\n\t<meta name=\"twitter:data1\" content=\"Sulyok Gy\u00f6rgyi\" \/>\n\t<meta name=\"twitter:label2\" content=\"Becs\u00fclt olvas\u00e1si id\u0151\" \/>\n\t<meta name=\"twitter:data2\" content=\"3 perc\" \/>\n<script type=\"application\/ld+json\" class=\"yoast-schema-graph\">{\"@context\":\"https:\\\/\\\/schema.org\",\"@graph\":[{\"@type\":\"Article\",\"@id\":\"https:\\\/\\\/coolinart.cafe\\\/blog\\\/2016\\\/11\\\/szilvalekvaros-makos-muffin-vagy-torta-2\\\/#article\",\"isPartOf\":{\"@id\":\"https:\\\/\\\/coolinart.cafe\\\/blog\\\/2016\\\/11\\\/szilvalekvaros-makos-muffin-vagy-torta-2\\\/\"},\"author\":{\"name\":\"Sulyok Gy\u00f6rgyi\",\"@id\":\"https:\\\/\\\/coolinart.cafe\\\/blog\\\/#\\\/schema\\\/person\\\/0b9046a8abdce332b3919b077f7376b2\"},\"headline\":\"Szilvalekv\u00e1ros-m\u00e1kos muffin vagy torta\",\"datePublished\":\"2016-11-21T09:59:53+00:00\",\"mainEntityOfPage\":{\"@id\":\"https:\\\/\\\/coolinart.cafe\\\/blog\\\/2016\\\/11\\\/szilvalekvaros-makos-muffin-vagy-torta-2\\\/\"},\"wordCount\":561,\"commentCount\":0,\"keywords\":[\"Ehet\u0151 aj\u00e1nd\u00e9k\",\"Glut\u00e9nmentes\",\"Kar\u00e1csony\",\"M\u00e1k\",\"Paleolit\"],\"articleSection\":[\"Desszertek\",\"Kar\u00e1csony\",\"Receptek\"],\"inLanguage\":\"hu\",\"potentialAction\":[{\"@type\":\"CommentAction\",\"name\":\"Comment\",\"target\":[\"https:\\\/\\\/coolinart.cafe\\\/blog\\\/2016\\\/11\\\/szilvalekvaros-makos-muffin-vagy-torta-2\\\/#respond\"]}]},{\"@type\":\"WebPage\",\"@id\":\"https:\\\/\\\/coolinart.cafe\\\/blog\\\/2016\\\/11\\\/szilvalekvaros-makos-muffin-vagy-torta-2\\\/\",\"url\":\"https:\\\/\\\/coolinart.cafe\\\/blog\\\/2016\\\/11\\\/szilvalekvaros-makos-muffin-vagy-torta-2\\\/\",\"name\":\"Szilvalekv\u00e1ros-m\u00e1kos muffin vagy torta - Coolinart.cafe\",\"isPartOf\":{\"@id\":\"https:\\\/\\\/coolinart.cafe\\\/blog\\\/#website\"},\"datePublished\":\"2016-11-21T09:59:53+00:00\",\"author\":{\"@id\":\"https:\\\/\\\/coolinart.cafe\\\/blog\\\/#\\\/schema\\\/person\\\/0b9046a8abdce332b3919b077f7376b2\"},\"description\":\"A m\u00e1k \u00e9s a szatm\u00e1ri szilvalekv\u00e1r egy\u00fctt No.1! S\u00fcss\u00e9tek meg ezt a szilvalekv\u00e1ros-m\u00e1kos muffin-t vagy tort\u00e1t, \u00e9s ti is ezen a v\u00e9lem\u00e9nyem lesztek!\",\"breadcrumb\":{\"@id\":\"https:\\\/\\\/coolinart.cafe\\\/blog\\\/2016\\\/11\\\/szilvalekvaros-makos-muffin-vagy-torta-2\\\/#breadcrumb\"},\"inLanguage\":\"hu\",\"potentialAction\":[{\"@type\":\"ReadAction\",\"target\":[\"https:\\\/\\\/coolinart.cafe\\\/blog\\\/2016\\\/11\\\/szilvalekvaros-makos-muffin-vagy-torta-2\\\/\"]}]},{\"@type\":\"BreadcrumbList\",\"@id\":\"https:\\\/\\\/coolinart.cafe\\\/blog\\\/2016\\\/11\\\/szilvalekvaros-makos-muffin-vagy-torta-2\\\/#breadcrumb\",\"itemListElement\":[{\"@type\":\"ListItem\",\"position\":1,\"name\":\"Home\",\"item\":\"https:\\\/\\\/coolinart.cafe\\\/blog\\\/\"},{\"@type\":\"ListItem\",\"position\":2,\"name\":\"Szilvalekv\u00e1ros-m\u00e1kos muffin vagy torta\"}]},{\"@type\":\"WebSite\",\"@id\":\"https:\\\/\\\/coolinart.cafe\\\/blog\\\/#website\",\"url\":\"https:\\\/\\\/coolinart.cafe\\\/blog\\\/\",\"name\":\"Coolinart.cafe\",\"description\":\"\u00e9tel, k\u00e1v\u00e9, kult\u00fara\",\"potentialAction\":[{\"@type\":\"SearchAction\",\"target\":{\"@type\":\"EntryPoint\",\"urlTemplate\":\"https:\\\/\\\/coolinart.cafe\\\/blog\\\/?s={search_term_string}\"},\"query-input\":{\"@type\":\"PropertyValueSpecification\",\"valueRequired\":true,\"valueName\":\"search_term_string\"}}],\"inLanguage\":\"hu\"},{\"@type\":\"Person\",\"@id\":\"https:\\\/\\\/coolinart.cafe\\\/blog\\\/#\\\/schema\\\/person\\\/0b9046a8abdce332b3919b077f7376b2\",\"name\":\"Sulyok Gy\u00f6rgyi\",\"image\":{\"@type\":\"ImageObject\",\"inLanguage\":\"hu\",\"@id\":\"https:\\\/\\\/secure.gravatar.com\\\/avatar\\\/f7d80d7800220762f9cf31559c65e650bdc8299f18bca4e3ffde781c0422539c?s=96&d=mm&r=g\",\"url\":\"https:\\\/\\\/secure.gravatar.com\\\/avatar\\\/f7d80d7800220762f9cf31559c65e650bdc8299f18bca4e3ffde781c0422539c?s=96&d=mm&r=g\",\"contentUrl\":\"https:\\\/\\\/secure.gravatar.com\\\/avatar\\\/f7d80d7800220762f9cf31559c65e650bdc8299f18bca4e3ffde781c0422539c?s=96&d=mm&r=g\",\"caption\":\"Sulyok Gy\u00f6rgyi\"},\"sameAs\":[\"http:\\\/\\\/www.coolinart.cafe\"],\"url\":\"https:\\\/\\\/coolinart.cafe\\\/blog\\\/author\\\/gyorgyi\\\/\"}]}<\/script>\n<!-- \/ Yoast SEO plugin. -->","yoast_head_json":{"title":"Szilvalekv\u00e1ros-m\u00e1kos muffin vagy torta - Coolinart.cafe","description":"A m\u00e1k \u00e9s a szatm\u00e1ri szilvalekv\u00e1r egy\u00fctt No.1! S\u00fcss\u00e9tek meg ezt a szilvalekv\u00e1ros-m\u00e1kos muffin-t vagy tort\u00e1t, \u00e9s ti is ezen a v\u00e9lem\u00e9nyem lesztek!","robots":{"index":"index","follow":"follow","max-snippet":"max-snippet:-1","max-image-preview":"max-image-preview:large","max-video-preview":"max-video-preview:-1"},"canonical":"https:\/\/coolinart.cafe\/blog\/2016\/11\/szilvalekvaros-makos-muffin-vagy-torta-2\/","og_locale":"hu_HU","og_type":"article","og_title":"Szilvalekv\u00e1ros-m\u00e1kos muffin vagy torta - Coolinart.cafe","og_description":"A m\u00e1k \u00e9s a szatm\u00e1ri szilvalekv\u00e1r egy\u00fctt No.1! S\u00fcss\u00e9tek meg ezt a szilvalekv\u00e1ros-m\u00e1kos muffin-t vagy tort\u00e1t, \u00e9s ti is ezen a v\u00e9lem\u00e9nyem lesztek!","og_url":"https:\/\/coolinart.cafe\/blog\/2016\/11\/szilvalekvaros-makos-muffin-vagy-torta-2\/","og_site_name":"Coolinart.cafe","article_publisher":"https:\/\/www.facebook.com\/coolinart.cafe\/","article_published_time":"2016-11-21T09:59:53+00:00","og_image":[{"width":1200,"height":630,"url":"https:\/\/i1.wp.com\/coolinart.cafe\/blog\/wp-content\/uploads\/2016\/11\/FB2016-11-16-12-13-21.jpg?fit=1200%2C630&ssl=1","type":"image\/jpeg"}],"author":"Sulyok Gy\u00f6rgyi","twitter_card":"summary_large_image","twitter_misc":{"Szerz\u0151:":"Sulyok Gy\u00f6rgyi","Becs\u00fclt olvas\u00e1si id\u0151":"3 perc"},"schema":{"@context":"https:\/\/schema.org","@graph":[{"@type":"Article","@id":"https:\/\/coolinart.cafe\/blog\/2016\/11\/szilvalekvaros-makos-muffin-vagy-torta-2\/#article","isPartOf":{"@id":"https:\/\/coolinart.cafe\/blog\/2016\/11\/szilvalekvaros-makos-muffin-vagy-torta-2\/"},"author":{"name":"Sulyok Gy\u00f6rgyi","@id":"https:\/\/coolinart.cafe\/blog\/#\/schema\/person\/0b9046a8abdce332b3919b077f7376b2"},"headline":"Szilvalekv\u00e1ros-m\u00e1kos muffin vagy torta","datePublished":"2016-11-21T09:59:53+00:00","mainEntityOfPage":{"@id":"https:\/\/coolinart.cafe\/blog\/2016\/11\/szilvalekvaros-makos-muffin-vagy-torta-2\/"},"wordCount":561,"commentCount":0,"keywords":["Ehet\u0151 aj\u00e1nd\u00e9k","Glut\u00e9nmentes","Kar\u00e1csony","M\u00e1k","Paleolit"],"articleSection":["Desszertek","Kar\u00e1csony","Receptek"],"inLanguage":"hu","potentialAction":[{"@type":"CommentAction","name":"Comment","target":["https:\/\/coolinart.cafe\/blog\/2016\/11\/szilvalekvaros-makos-muffin-vagy-torta-2\/#respond"]}]},{"@type":"WebPage","@id":"https:\/\/coolinart.cafe\/blog\/2016\/11\/szilvalekvaros-makos-muffin-vagy-torta-2\/","url":"https:\/\/coolinart.cafe\/blog\/2016\/11\/szilvalekvaros-makos-muffin-vagy-torta-2\/","name":"Szilvalekv\u00e1ros-m\u00e1kos muffin vagy torta - Coolinart.cafe","isPartOf":{"@id":"https:\/\/coolinart.cafe\/blog\/#website"},"datePublished":"2016-11-21T09:59:53+00:00","author":{"@id":"https:\/\/coolinart.cafe\/blog\/#\/schema\/person\/0b9046a8abdce332b3919b077f7376b2"},"description":"A m\u00e1k \u00e9s a szatm\u00e1ri szilvalekv\u00e1r egy\u00fctt No.1! S\u00fcss\u00e9tek meg ezt a szilvalekv\u00e1ros-m\u00e1kos muffin-t vagy tort\u00e1t, \u00e9s ti is ezen a v\u00e9lem\u00e9nyem lesztek!","breadcrumb":{"@id":"https:\/\/coolinart.cafe\/blog\/2016\/11\/szilvalekvaros-makos-muffin-vagy-torta-2\/#breadcrumb"},"inLanguage":"hu","potentialAction":[{"@type":"ReadAction","target":["https:\/\/coolinart.cafe\/blog\/2016\/11\/szilvalekvaros-makos-muffin-vagy-torta-2\/"]}]},{"@type":"BreadcrumbList","@id":"https:\/\/coolinart.cafe\/blog\/2016\/11\/szilvalekvaros-makos-muffin-vagy-torta-2\/#breadcrumb","itemListElement":[{"@type":"ListItem","position":1,"name":"Home","item":"https:\/\/coolinart.cafe\/blog\/"},{"@type":"ListItem","position":2,"name":"Szilvalekv\u00e1ros-m\u00e1kos muffin vagy torta"}]},{"@type":"WebSite","@id":"https:\/\/coolinart.cafe\/blog\/#website","url":"https:\/\/coolinart.cafe\/blog\/","name":"Coolinart.cafe","description":"\u00e9tel, k\u00e1v\u00e9, kult\u00fara","potentialAction":[{"@type":"SearchAction","target":{"@type":"EntryPoint","urlTemplate":"https:\/\/coolinart.cafe\/blog\/?s={search_term_string}"},"query-input":{"@type":"PropertyValueSpecification","valueRequired":true,"valueName":"search_term_string"}}],"inLanguage":"hu"},{"@type":"Person","@id":"https:\/\/coolinart.cafe\/blog\/#\/schema\/person\/0b9046a8abdce332b3919b077f7376b2","name":"Sulyok Gy\u00f6rgyi","image":{"@type":"ImageObject","inLanguage":"hu","@id":"https:\/\/secure.gravatar.com\/avatar\/f7d80d7800220762f9cf31559c65e650bdc8299f18bca4e3ffde781c0422539c?s=96&d=mm&r=g","url":"https:\/\/secure.gravatar.com\/avatar\/f7d80d7800220762f9cf31559c65e650bdc8299f18bca4e3ffde781c0422539c?s=96&d=mm&r=g","contentUrl":"https:\/\/secure.gravatar.com\/avatar\/f7d80d7800220762f9cf31559c65e650bdc8299f18bca4e3ffde781c0422539c?s=96&d=mm&r=g","caption":"Sulyok Gy\u00f6rgyi"},"sameAs":["http:\/\/www.coolinart.cafe"],"url":"https:\/\/coolinart.cafe\/blog\/author\/gyorgyi\/"}]}},"jetpack_featured_media_url":"","jetpack_sharing_enabled":true,"_links":{"self":[{"href":"https:\/\/coolinart.cafe\/blog\/wp-json\/wp\/v2\/posts\/2050","targetHints":{"allow":["GET"]}}],"collection":[{"href":"https:\/\/coolinart.cafe\/blog\/wp-json\/wp\/v2\/posts"}],"about":[{"href":"https:\/\/coolinart.cafe\/blog\/wp-json\/wp\/v2\/types\/post"}],"author":[{"embeddable":true,"href":"https:\/\/coolinart.cafe\/blog\/wp-json\/wp\/v2\/users\/2"}],"replies":[{"embeddable":true,"href":"https:\/\/coolinart.cafe\/blog\/wp-json\/wp\/v2\/comments?post=2050"}],"version-history":[{"count":6,"href":"https:\/\/coolinart.cafe\/blog\/wp-json\/wp\/v2\/posts\/2050\/revisions"}],"predecessor-version":[{"id":2062,"href":"https:\/\/coolinart.cafe\/blog\/wp-json\/wp\/v2\/posts\/2050\/revisions\/2062"}],"wp:attachment":[{"href":"https:\/\/coolinart.cafe\/blog\/wp-json\/wp\/v2\/media?parent=2050"}],"wp:term":[{"taxonomy":"category","embeddable":true,"href":"https:\/\/coolinart.cafe\/blog\/wp-json\/wp\/v2\/categories?post=2050"},{"taxonomy":"post_tag","embeddable":true,"href":"https:\/\/coolinart.cafe\/blog\/wp-json\/wp\/v2\/tags?post=2050"}],"curies":[{"name":"wp","href":"https:\/\/api.w.org\/{rel}","templated":true}]}}