{"id":1963,"date":"2016-11-18T15:36:54","date_gmt":"2016-11-18T13:36:54","guid":{"rendered":"http:\/\/coolinart.cafe\/blog\/?p=1963"},"modified":"2016-11-18T15:36:54","modified_gmt":"2016-11-18T13:36:54","slug":"csirketorta","status":"publish","type":"post","link":"https:\/\/coolinart.cafe\/blog\/2016\/11\/csirketorta\/","title":{"rendered":"Csirketorta"},"content":{"rendered":"<p style=\"text-align: justify;\">A csirketorta eddig m\u00e9g mindig sikert aratott mindenkin\u00e9l, \u00e9s enn\u00e9l jobb vend\u00e9gv\u00e1r\u00f3 \u00e9telt el sem tudok k\u00e9pzelni! Kiad\u00f3s, laktat\u00f3, \u00e9s szuper finom! Az elk\u00e9sz\u00edt\u00e9s\u00e9hez kell egy pici \u00fcgyess\u00e9g, de biztos vagyok, hogy mindenki meg tudja oldani.<\/p>\nngg_shortcode_0_placeholder\n<p><em>Hozz\u00e1val\u00f3k egy 28 cm-es tortaform\u00e1hoz:<\/em><\/p>\n<ul>\n<li>4-5 db eg\u00e9sz csirkemell (m\u00e9rett\u0151l f\u00fcgg)<\/li>\n<li>2&nbsp; csomag (2 x 20 dkg) szeletelt bacon<\/li>\n<li>4 toj\u00e1s<\/li>\n<li>15 dkg parmez\u00e1n<\/li>\n<li>10-15 dkg aszalt paradicsom<\/li>\n<li>15-20 dkg sonka (prosciutto)<\/li>\n<li>s\u00f3, bors, bazsalikom vagy olasz f\u0171szerkever\u00e9k<\/li>\n<\/ul>\n<p style=\"text-align: justify;\"><!--more-->Ez a recept is \u00fagy kezd\u0151dik, mint egy szok\u00e1sos tortarecept: a s\u00fct\u0151t el\u0151meleg\u00edtem 200 fokra. \ud83d\ude42 A csirkemelleket f\u00e9lbev\u00e1gom, majd v\u00edzszintesen is elfelezem, \u00edgy egy csirkemellb\u0151l 4 szeletet kapok, \u00f6sszesen 16-20 szeletet. S\u00f3zom, borsozom, \u00e9s a v\u00e1lasztott f\u0171szerrel f\u0171szerezem \u0151ket. A toj\u00e1sokat felverem, belereszelem a parmez\u00e1nt, elkeverem. A tortaform\u00e1t kib\u00e9lelem s\u00fct\u0151pap\u00edrral, majd k\u00f6rberakom a bacon szeletetekkel \u00fagy, hogy kb. a fele t\u00fal l\u00f3gjon a perem\u00e9n. V\u00e9g\u00e9n a forma alj\u00e1t\/k\u00f6zep\u00e9t is kib\u00e9lelem a szalonn\u00e1val. Egy g\u00e1ztepsibe s\u00fct\u0151pap\u00edrt fektetek, \u00e9s arra teszem r\u00e1 a tortaform\u00e1t. \u00cdgy a s\u00fcl\u00e9s k\u00f6zben esetleg kifoly\u00f3 l\u00e9 nem cs\u00f6p\u00f6g, \u00e9s \u00e9g oda a s\u00fct\u0151re.<\/p>\n<p style=\"text-align: justify;\"><a class=\"nggobasic-fancybox\" title=\"Tortaforma b\u00e9lel\u00e9se\" href=\"https:\/\/i0.wp.com\/coolinart.cafe\/blog\/wp-content\/gallery\/csirketorta\/M%C3%B3d20161028_111253.jpg?ssl=1\" class=\"gallery_colorbox\" rel=\"\" data-image-id=\"62\" data-src=\"https:\/\/coolinart.cafe\/blog\/wp-content\/gallery\/csirketorta\/M%C3%B3d20161028_111253.jpg\" data-thumbnail=\"https:\/\/coolinart.cafe\/blog\/wp-content\/gallery\/csirketorta\/thumbs\/thumbs_M%C3%B3d20161028_111253.jpg\" data-lightbox=\"gal[1963]\" data-title=\"M\u00f3d20161028_111253\" data-description=\"Tortaforma b\u00e9lel\u00e9se\"><img data-recalc-dims=\"1\" decoding=\"async\" class=\"ngg-singlepic ngg-center lazyload\" data-src=\"https:\/\/i0.wp.com\/coolinart.cafe\/blog\/wp-content\/gallery\/csirketorta\/thumbs\/thumbs_M%C3%B3d20161028_111253.jpg?w=665&#038;ssl=1\"  alt=\"M\u00f3d20161028_111253\" src=\"data:image\/svg+xml;base64,PHN2ZyB3aWR0aD0iMSIgaGVpZ2h0PSIxIiB4bWxucz0iaHR0cDovL3d3dy53My5vcmcvMjAwMC9zdmciPjwvc3ZnPg==\"><\/a><\/p>\n<p style=\"text-align: justify;\">A h\u00fasszeleteket egyes\u00e9vel belem\u00e1rtom a sajtos toj\u00e1sba, \u00e9s belefektetem a tortaform\u00e1ba. Egy szintre 5-6 szelet h\u00fas jut, att\u00f3l f\u00fcgg\u0151en, hogy mekkor\u00e1k a csirkemellek.<\/p>\n<p style=\"text-align: justify;\"><a class=\"nggobasic-fancybox\" title=\"Els\u0151 r\u00e9teg csirke\" href=\"https:\/\/i0.wp.com\/coolinart.cafe\/blog\/wp-content\/gallery\/csirketorta\/M%C3%B3d20161028_111644.jpg?ssl=1\" class=\"gallery_colorbox\" rel=\"\" data-image-id=\"63\" data-src=\"https:\/\/coolinart.cafe\/blog\/wp-content\/gallery\/csirketorta\/M%C3%B3d20161028_111644.jpg\" data-thumbnail=\"https:\/\/coolinart.cafe\/blog\/wp-content\/gallery\/csirketorta\/thumbs\/thumbs_M%C3%B3d20161028_111644.jpg\" data-lightbox=\"gal[1963]\" data-title=\"M\u00f3d20161028_111644\" data-description=\"Els\u0151 r\u00e9teg csirke\"><img data-recalc-dims=\"1\" decoding=\"async\" class=\"ngg-singlepic ngg-center lazyload\" data-src=\"https:\/\/i0.wp.com\/coolinart.cafe\/blog\/wp-content\/gallery\/csirketorta\/thumbs\/thumbs_M%C3%B3d20161028_111644.jpg?w=665&#038;ssl=1\"  alt=\"M\u00f3d20161028_111644\" src=\"data:image\/svg+xml;base64,PHN2ZyB3aWR0aD0iMSIgaGVpZ2h0PSIxIiB4bWxucz0iaHR0cDovL3d3dy53My5vcmcvMjAwMC9zdmciPjwvc3ZnPg==\"><\/a><\/p>\n<p style=\"text-align: center;\">R\u00e1teszem az aszalt paradicsom fel\u00e9t, majd letakarom a sonkaszeletekkel.<\/p>\n<p style=\"text-align: justify;\"><a class=\"nggobasic-fancybox\" title=\"Paradicsom r\u00e9teg\" href=\"https:\/\/i0.wp.com\/coolinart.cafe\/blog\/wp-content\/gallery\/csirketorta\/m%C3%B3d20161028_111736.jpg?ssl=1\" class=\"gallery_colorbox\" rel=\"\" data-image-id=\"69\" data-src=\"https:\/\/coolinart.cafe\/blog\/wp-content\/gallery\/csirketorta\/m%C3%B3d20161028_111736.jpg\" data-thumbnail=\"https:\/\/coolinart.cafe\/blog\/wp-content\/gallery\/csirketorta\/thumbs\/thumbs_m%C3%B3d20161028_111736.jpg\" data-lightbox=\"gal[1963]\" data-title=\"m\u00f3d20161028_111736\" data-description=\"Paradicsom r\u00e9teg\"><img data-recalc-dims=\"1\" decoding=\"async\" class=\"ngg-singlepic ngg-left lazyload\" data-src=\"https:\/\/i0.wp.com\/coolinart.cafe\/blog\/wp-content\/gallery\/csirketorta\/thumbs\/thumbs_m%C3%B3d20161028_111736.jpg?w=665&#038;ssl=1\"  alt=\"m\u00f3d20161028_111736\" src=\"data:image\/svg+xml;base64,PHN2ZyB3aWR0aD0iMSIgaGVpZ2h0PSIxIiB4bWxucz0iaHR0cDovL3d3dy53My5vcmcvMjAwMC9zdmciPjwvc3ZnPg==\"><\/a><a class=\"nggobasic-fancybox\" title=\"Els\u0151 szint sonk\u00e1val fedve\" href=\"https:\/\/i0.wp.com\/coolinart.cafe\/blog\/wp-content\/gallery\/csirketorta\/M%C3%B3s20161028_111906.jpg?ssl=1\" class=\"gallery_colorbox\" rel=\"\" data-image-id=\"68\" data-src=\"https:\/\/coolinart.cafe\/blog\/wp-content\/gallery\/csirketorta\/M%C3%B3s20161028_111906.jpg\" data-thumbnail=\"https:\/\/coolinart.cafe\/blog\/wp-content\/gallery\/csirketorta\/thumbs\/thumbs_M%C3%B3s20161028_111906.jpg\" data-lightbox=\"gal[1963]\" data-title=\"M\u00f3s20161028_111906\" data-description=\"Els\u0151 szint sonk\u00e1val fedve\"><img data-recalc-dims=\"1\" decoding=\"async\" class=\"ngg-singlepic ngg-right lazyload\" data-src=\"https:\/\/i0.wp.com\/coolinart.cafe\/blog\/wp-content\/gallery\/csirketorta\/thumbs\/thumbs_M%C3%B3s20161028_111906.jpg?w=665&#038;ssl=1\"  alt=\"M\u00f3s20161028_111906\" src=\"data:image\/svg+xml;base64,PHN2ZyB3aWR0aD0iMSIgaGVpZ2h0PSIxIiB4bWxucz0iaHR0cDovL3d3dy53My5vcmcvMjAwMC9zdmciPjwvc3ZnPg==\"><\/a><\/p>\n<p style=\"text-align: justify;\">Megint j\u00f6n egy r\u00e9teg sajtos toj\u00e1sba m\u00e1rtott csirke, majd paradicsom, sonka, \u00e9s v\u00e9g\u00fcl egy r\u00e9teg csirk\u00e9vel z\u00e1rom a sort. Ut\u00e1na sz\u00e9pen r\u00e1hajtom a kil\u00f3g\u00f3 bacon szeleteket.<\/p>\n<p style=\"text-align: justify;\"><a class=\"nggobasic-fancybox\" title=\"Beburkolva\" href=\"https:\/\/i0.wp.com\/coolinart.cafe\/blog\/wp-content\/gallery\/csirketorta\/m%C3%B3d20161028_112543.jpg?ssl=1\" class=\"gallery_colorbox\" rel=\"\" data-image-id=\"64\" data-src=\"https:\/\/coolinart.cafe\/blog\/wp-content\/gallery\/csirketorta\/m%C3%B3d20161028_112543.jpg\" data-thumbnail=\"https:\/\/coolinart.cafe\/blog\/wp-content\/gallery\/csirketorta\/thumbs\/thumbs_m%C3%B3d20161028_112543.jpg\" data-lightbox=\"gal[1963]\" data-title=\"m\u00f3d20161028_112543\" data-description=\"Beburkolva\"><img data-recalc-dims=\"1\" decoding=\"async\" class=\"ngg-singlepic ngg-center lazyload\" data-src=\"https:\/\/i0.wp.com\/coolinart.cafe\/blog\/wp-content\/gallery\/csirketorta\/thumbs\/thumbs_m%C3%B3d20161028_112543.jpg?w=665&#038;ssl=1\"  alt=\"m\u00f3d20161028_112543\" src=\"data:image\/svg+xml;base64,PHN2ZyB3aWR0aD0iMSIgaGVpZ2h0PSIxIiB4bWxucz0iaHR0cDovL3d3dy53My5vcmcvMjAwMC9zdmciPjwvc3ZnPg==\"><\/a><\/p>\n<p style=\"text-align: justify;\">A tetej\u00e9re is v\u00e1gok egy s\u00fct\u0151pap\u00edr karik\u00e1t, r\u00e1teszem, majd az eg\u00e9szet betakarom aluf\u00f3li\u00e1val. (Az\u00e9rt teszek az aluf\u00f3lia al\u00e1 s\u00fct\u0151pap\u00edrt, mert ha a szalonna hozz\u00e1\u00e9r a f\u00e9m f\u00f3li\u00e1hoz, kimarja, \u00e9s r\u00e1ragad.)&nbsp;&nbsp; Tepsist\u0151l beteszem az el\u0151meleg\u00edtett s\u00fct\u0151be, \u00e9s 200 fokon egy \u00f3r\u00e1t s\u00fct\u00f6m. Kiveszem a s\u00fct\u0151b\u0151l, leveszem a tetej\u00e9r\u0151l az aluf\u00f3li\u00e1t, \u00e9s a s\u00fct\u0151pap\u00edrt, majd a tortaforma karim\u00e1j\u00e1t. Ilyenkor biztos, hogy ki fog folyni a l\u00e9 a tepsire, nem kell megijedni. K\u00f6zben feljebb veszem a h\u0151t 220 fokra, majd visszateszem a tort\u00e1t kb. 15-20 percre, hogy barnuljon a szalonna.<\/p>\n<p style=\"text-align: justify;\"><a class=\"nggobasic-fancybox\" title=\"Els\u0151 oldal megs\u00fclt\" href=\"https:\/\/i0.wp.com\/coolinart.cafe\/blog\/wp-content\/gallery\/csirketorta\/m%C3%B3d20161028_134933.jpg?ssl=1\" class=\"gallery_colorbox\" rel=\"\" data-image-id=\"65\" data-src=\"https:\/\/coolinart.cafe\/blog\/wp-content\/gallery\/csirketorta\/m%C3%B3d20161028_134933.jpg\" data-thumbnail=\"https:\/\/coolinart.cafe\/blog\/wp-content\/gallery\/csirketorta\/thumbs\/thumbs_m%C3%B3d20161028_134933.jpg\" data-lightbox=\"gal[1963]\" data-title=\"m\u00f3d20161028_134933\" data-description=\"Els\u0151 oldal megs\u00fclt\"><img data-recalc-dims=\"1\" decoding=\"async\" class=\"ngg-singlepic ngg-center lazyload\" data-src=\"https:\/\/i0.wp.com\/coolinart.cafe\/blog\/wp-content\/gallery\/csirketorta\/thumbs\/thumbs_m%C3%B3d20161028_134933.jpg?w=665&#038;ssl=1\"  alt=\"m\u00f3d20161028_134933\" src=\"data:image\/svg+xml;base64,PHN2ZyB3aWR0aD0iMSIgaGVpZ2h0PSIxIiB4bWxucz0iaHR0cDovL3d3dy53My5vcmcvMjAwMC9zdmciPjwvc3ZnPg==\"><\/a><\/p>\n<p style=\"text-align: justify;\">Egy m\u00e1sik g\u00e1ztepsire is s\u00fct\u0151pap\u00edrt fektetek. Ha m\u00e1r sz\u00e9p sz\u00edne van a bacon-nek kiveszem a tort\u00e1t, \u00e9s \u00f3vatosan ki\u00f6nt\u00f6m egy t\u00e1lba a tepsib\u0151l a kifolyt levet. Ut\u00e1na leteszem a pultra, r\u00e1fektetem a m\u00e1sik kib\u00e9lelt g\u00e1ztepsit a torta tetej\u00e9re. A k\u00e9t tepsi sz\u00e9l\u00e9t \u00f6sszefogom, \u00e9s egy gyors mozdulattal megford\u00edtom. (Ezt az\u00e9rt \u00e9rdemes a mosogat\u00f3 felett csin\u00e1lni, mert m\u00e9g biztosan fog egy kis l\u00e9 kifolyni.) \u00cdgy most a tortaforma alja ker\u00fclt fel\u00fclre, amit leemelek a h\u00fasr\u00f3l. Megint visszateszem a s\u00fct\u0151be a tort\u00e1t, hogy ezen az oldal\u00e1n is megpiruljon a szalonna.<\/p>\n<p style=\"text-align: justify;\"><a class=\"nggobasic-fancybox\" title=\"\u00c1tforgat\u00e1s ut\u00e1n\" href=\"https:\/\/i0.wp.com\/coolinart.cafe\/blog\/wp-content\/gallery\/csirketorta\/m%C3%B3d20161028_135106.jpg?ssl=1\" class=\"gallery_colorbox\" rel=\"\" data-image-id=\"66\" data-src=\"https:\/\/coolinart.cafe\/blog\/wp-content\/gallery\/csirketorta\/m%C3%B3d20161028_135106.jpg\" data-thumbnail=\"https:\/\/coolinart.cafe\/blog\/wp-content\/gallery\/csirketorta\/thumbs\/thumbs_m%C3%B3d20161028_135106.jpg\" data-lightbox=\"gal[1963]\" data-title=\"m\u00f3d20161028_135106\" data-description=\"\u00c1tforgat\u00e1s ut\u00e1n\"><img data-recalc-dims=\"1\" decoding=\"async\" class=\"ngg-singlepic ngg-center lazyload\" data-src=\"https:\/\/i0.wp.com\/coolinart.cafe\/blog\/wp-content\/gallery\/csirketorta\/thumbs\/thumbs_m%C3%B3d20161028_135106.jpg?w=665&#038;ssl=1\"  alt=\"m\u00f3d20161028_135106\" src=\"data:image\/svg+xml;base64,PHN2ZyB3aWR0aD0iMSIgaGVpZ2h0PSIxIiB4bWxucz0iaHR0cDovL3d3dy53My5vcmcvMjAwMC9zdmciPjwvc3ZnPg==\"><\/a><\/p>\n<p style=\"text-align: justify;\">&nbsp;Kb. m\u00e9g 15-20 perc, \u00e9s k\u00e9szen is van a tort\u00e1nk. Hagyom pihenni, majd ha kicsit kih\u0171lt, \u00e1temelem egy tortat\u00e1lra. El\u0151re meg lehet csin\u00e1lni, sok\u00e1ig meleg marad. Ez az adag legal\u00e1bb 12-15 embernek el\u00e9g. Krumplip\u00fcr\u00e9t \u00e9s z\u00f6ld sal\u00e1t\u00e1t szoktam mell\u00e9 adni. H\u00fasim\u00e1d\u00f3k sz\u00fclet\u00e9snapj\u00e1ra a legjobb aj\u00e1nd\u00e9k, gyerty\u00e1val, \u00e9s t\u0171zij\u00e1t\u00e9kkal a tetej\u00e9n!<\/p>\n<p><a class=\"nggobasic-fancybox\" title=\"Egy szelet torta\" href=\"https:\/\/i0.wp.com\/coolinart.cafe\/blog\/wp-content\/gallery\/csirketorta\/m%C3%B3d20161028_195544.jpg?ssl=1\" class=\"gallery_colorbox\" rel=\"\" data-image-id=\"67\" data-src=\"https:\/\/coolinart.cafe\/blog\/wp-content\/gallery\/csirketorta\/m%C3%B3d20161028_195544.jpg\" data-thumbnail=\"https:\/\/coolinart.cafe\/blog\/wp-content\/gallery\/csirketorta\/thumbs\/thumbs_m%C3%B3d20161028_195544.jpg\" data-lightbox=\"gal[1963]\" data-title=\"m\u00f3d20161028_195544\" data-description=\"Egy szelet torta\"><img data-recalc-dims=\"1\" decoding=\"async\" class=\"ngg-singlepic ngg-center lazyload\" data-src=\"https:\/\/i0.wp.com\/coolinart.cafe\/blog\/wp-content\/gallery\/csirketorta\/thumbs\/thumbs_m%C3%B3d20161028_195544.jpg?w=665&#038;ssl=1\"  alt=\"m\u00f3d20161028_195544\" src=\"data:image\/svg+xml;base64,PHN2ZyB3aWR0aD0iMSIgaGVpZ2h0PSIxIiB4bWxucz0iaHR0cDovL3d3dy53My5vcmcvMjAwMC9zdmciPjwvc3ZnPg==\"><\/a><\/p>\n<p>&nbsp;<\/p>\n<p>&nbsp;<\/p>\n","protected":false},"excerpt":{"rendered":"<p>A csirketorta eddig m\u00e9g mindig sikert aratott mindenkin\u00e9l, \u00e9s enn\u00e9l jobb vend\u00e9gv\u00e1r\u00f3 \u00e9telt el sem tudok k\u00e9pzelni! Kiad\u00f3s, laktat\u00f3, \u00e9s szuper finom! Az elk\u00e9sz\u00edt\u00e9s\u00e9hez kell egy pici \u00fcgyess\u00e9g, de biztos vagyok, hogy mindenki meg tudja oldani. Hozz\u00e1val\u00f3k egy 28 cm-es tortaform\u00e1hoz: 4-5 db eg\u00e9sz csirkemell (m\u00e9rett\u0151l f\u00fcgg) 2&nbsp; csomag (2 x 20 dkg) szeletelt bacon [&hellip;]<\/p>\n","protected":false},"author":2,"featured_media":0,"comment_status":"open","ping_status":"open","sticky":false,"template":"","format":"standard","meta":{"ngg_post_thumbnail":0,"_jetpack_memberships_contains_paid_content":false,"footnotes":""},"categories":[51,2],"tags":[42,37,49],"class_list":["post-1963","post","type-post","status-publish","format-standard","hentry","category-husos","category-recept","tag-csirke","tag-paleolit","tag-vendegvaro"],"yoast_head":"<!-- This site is optimized with the Yoast SEO plugin v27.5 - https:\/\/yoast.com\/product\/yoast-seo-wordpress\/ -->\n<title>Csirketorta - Coolinart.cafe<\/title>\n<meta name=\"description\" content=\"A csirketorta eszm\u00e9letlen\u00fcl finom, \u00e9s mutat\u00f3s vend\u00e9gv\u00e1r\u00f3 \u00e9tel. S\u0151t h\u00fasim\u00e1d\u00f3knak sz\u00fclinapi aj\u00e1nd\u00e9knak is isteni egy gyerty\u00e1val a tetej\u00e9n.\" \/>\n<meta name=\"robots\" content=\"index, follow, max-snippet:-1, max-image-preview:large, max-video-preview:-1\" \/>\n<link rel=\"canonical\" href=\"https:\/\/coolinart.cafe\/blog\/2016\/11\/csirketorta\/\" \/>\n<meta property=\"og:locale\" content=\"hu_HU\" \/>\n<meta property=\"og:type\" content=\"article\" \/>\n<meta property=\"og:title\" content=\"Csirketorta - Coolinart.cafe\" \/>\n<meta property=\"og:description\" content=\"A csirketorta eszm\u00e9letlen\u00fcl finom, \u00e9s mutat\u00f3s vend\u00e9gv\u00e1r\u00f3 \u00e9tel. S\u0151t h\u00fasim\u00e1d\u00f3knak sz\u00fclinapi aj\u00e1nd\u00e9knak is isteni egy gyerty\u00e1val a tetej\u00e9n.\" \/>\n<meta property=\"og:url\" content=\"https:\/\/coolinart.cafe\/blog\/2016\/11\/csirketorta\/\" \/>\n<meta property=\"og:site_name\" content=\"Coolinart.cafe\" \/>\n<meta property=\"article:publisher\" content=\"https:\/\/www.facebook.com\/coolinart.cafe\/\" \/>\n<meta property=\"article:published_time\" content=\"2016-11-18T13:36:54+00:00\" \/>\n<meta property=\"og:image\" content=\"https:\/\/i1.wp.com\/coolinart.cafe\/blog\/wp-content\/uploads\/2016\/11\/FB2016-10-28-14-16-55.jpg?fit=1200%2C630&ssl=1\" \/>\n\t<meta property=\"og:image:width\" content=\"1200\" \/>\n\t<meta property=\"og:image:height\" content=\"630\" \/>\n\t<meta property=\"og:image:type\" content=\"image\/jpeg\" \/>\n<meta name=\"author\" content=\"Sulyok Gy\u00f6rgyi\" \/>\n<meta name=\"twitter:card\" content=\"summary_large_image\" \/>\n<meta name=\"twitter:label1\" content=\"Szerz\u0151:\" \/>\n\t<meta name=\"twitter:data1\" content=\"Sulyok Gy\u00f6rgyi\" \/>\n\t<meta name=\"twitter:label2\" content=\"Becs\u00fclt olvas\u00e1si id\u0151\" \/>\n\t<meta name=\"twitter:data2\" content=\"3 perc\" \/>\n<script type=\"application\/ld+json\" class=\"yoast-schema-graph\">{\"@context\":\"https:\\\/\\\/schema.org\",\"@graph\":[{\"@type\":\"Article\",\"@id\":\"https:\\\/\\\/coolinart.cafe\\\/blog\\\/2016\\\/11\\\/csirketorta\\\/#article\",\"isPartOf\":{\"@id\":\"https:\\\/\\\/coolinart.cafe\\\/blog\\\/2016\\\/11\\\/csirketorta\\\/\"},\"author\":{\"name\":\"Sulyok Gy\u00f6rgyi\",\"@id\":\"https:\\\/\\\/coolinart.cafe\\\/blog\\\/#\\\/schema\\\/person\\\/0b9046a8abdce332b3919b077f7376b2\"},\"headline\":\"Csirketorta\",\"datePublished\":\"2016-11-18T13:36:54+00:00\",\"mainEntityOfPage\":{\"@id\":\"https:\\\/\\\/coolinart.cafe\\\/blog\\\/2016\\\/11\\\/csirketorta\\\/\"},\"wordCount\":654,\"commentCount\":2,\"image\":{\"@id\":\"https:\\\/\\\/coolinart.cafe\\\/blog\\\/2016\\\/11\\\/csirketorta\\\/#primaryimage\"},\"thumbnailUrl\":\"https:\\\/\\\/coolinart.cafe\\\/blog\\\/wp-content\\\/gallery\\\/csirketorta\\\/thumbs\\\/thumbs_M%C3%B3d20161028_111253.jpg\",\"keywords\":[\"Csirke\",\"Paleolit\",\"Vend\u00e9gv\u00e1r\u00f3\"],\"articleSection\":[\"H\u00fasos\",\"Receptek\"],\"inLanguage\":\"hu\",\"potentialAction\":[{\"@type\":\"CommentAction\",\"name\":\"Comment\",\"target\":[\"https:\\\/\\\/coolinart.cafe\\\/blog\\\/2016\\\/11\\\/csirketorta\\\/#respond\"]}]},{\"@type\":\"WebPage\",\"@id\":\"https:\\\/\\\/coolinart.cafe\\\/blog\\\/2016\\\/11\\\/csirketorta\\\/\",\"url\":\"https:\\\/\\\/coolinart.cafe\\\/blog\\\/2016\\\/11\\\/csirketorta\\\/\",\"name\":\"Csirketorta - Coolinart.cafe\",\"isPartOf\":{\"@id\":\"https:\\\/\\\/coolinart.cafe\\\/blog\\\/#website\"},\"primaryImageOfPage\":{\"@id\":\"https:\\\/\\\/coolinart.cafe\\\/blog\\\/2016\\\/11\\\/csirketorta\\\/#primaryimage\"},\"image\":{\"@id\":\"https:\\\/\\\/coolinart.cafe\\\/blog\\\/2016\\\/11\\\/csirketorta\\\/#primaryimage\"},\"thumbnailUrl\":\"https:\\\/\\\/coolinart.cafe\\\/blog\\\/wp-content\\\/gallery\\\/csirketorta\\\/thumbs\\\/thumbs_M%C3%B3d20161028_111253.jpg\",\"datePublished\":\"2016-11-18T13:36:54+00:00\",\"author\":{\"@id\":\"https:\\\/\\\/coolinart.cafe\\\/blog\\\/#\\\/schema\\\/person\\\/0b9046a8abdce332b3919b077f7376b2\"},\"description\":\"A csirketorta eszm\u00e9letlen\u00fcl finom, \u00e9s mutat\u00f3s vend\u00e9gv\u00e1r\u00f3 \u00e9tel. S\u0151t h\u00fasim\u00e1d\u00f3knak sz\u00fclinapi aj\u00e1nd\u00e9knak is isteni egy gyerty\u00e1val a tetej\u00e9n.\",\"breadcrumb\":{\"@id\":\"https:\\\/\\\/coolinart.cafe\\\/blog\\\/2016\\\/11\\\/csirketorta\\\/#breadcrumb\"},\"inLanguage\":\"hu\",\"potentialAction\":[{\"@type\":\"ReadAction\",\"target\":[\"https:\\\/\\\/coolinart.cafe\\\/blog\\\/2016\\\/11\\\/csirketorta\\\/\"]}]},{\"@type\":\"ImageObject\",\"inLanguage\":\"hu\",\"@id\":\"https:\\\/\\\/coolinart.cafe\\\/blog\\\/2016\\\/11\\\/csirketorta\\\/#primaryimage\",\"url\":\"https:\\\/\\\/coolinart.cafe\\\/blog\\\/wp-content\\\/gallery\\\/csirketorta\\\/thumbs\\\/thumbs_M%C3%B3d20161028_111253.jpg\",\"contentUrl\":\"https:\\\/\\\/coolinart.cafe\\\/blog\\\/wp-content\\\/gallery\\\/csirketorta\\\/thumbs\\\/thumbs_M%C3%B3d20161028_111253.jpg\"},{\"@type\":\"BreadcrumbList\",\"@id\":\"https:\\\/\\\/coolinart.cafe\\\/blog\\\/2016\\\/11\\\/csirketorta\\\/#breadcrumb\",\"itemListElement\":[{\"@type\":\"ListItem\",\"position\":1,\"name\":\"Home\",\"item\":\"https:\\\/\\\/coolinart.cafe\\\/blog\\\/\"},{\"@type\":\"ListItem\",\"position\":2,\"name\":\"Csirketorta\"}]},{\"@type\":\"WebSite\",\"@id\":\"https:\\\/\\\/coolinart.cafe\\\/blog\\\/#website\",\"url\":\"https:\\\/\\\/coolinart.cafe\\\/blog\\\/\",\"name\":\"Coolinart.cafe\",\"description\":\"\u00e9tel, k\u00e1v\u00e9, kult\u00fara\",\"potentialAction\":[{\"@type\":\"SearchAction\",\"target\":{\"@type\":\"EntryPoint\",\"urlTemplate\":\"https:\\\/\\\/coolinart.cafe\\\/blog\\\/?s={search_term_string}\"},\"query-input\":{\"@type\":\"PropertyValueSpecification\",\"valueRequired\":true,\"valueName\":\"search_term_string\"}}],\"inLanguage\":\"hu\"},{\"@type\":\"Person\",\"@id\":\"https:\\\/\\\/coolinart.cafe\\\/blog\\\/#\\\/schema\\\/person\\\/0b9046a8abdce332b3919b077f7376b2\",\"name\":\"Sulyok Gy\u00f6rgyi\",\"image\":{\"@type\":\"ImageObject\",\"inLanguage\":\"hu\",\"@id\":\"https:\\\/\\\/secure.gravatar.com\\\/avatar\\\/f7d80d7800220762f9cf31559c65e650bdc8299f18bca4e3ffde781c0422539c?s=96&d=mm&r=g\",\"url\":\"https:\\\/\\\/secure.gravatar.com\\\/avatar\\\/f7d80d7800220762f9cf31559c65e650bdc8299f18bca4e3ffde781c0422539c?s=96&d=mm&r=g\",\"contentUrl\":\"https:\\\/\\\/secure.gravatar.com\\\/avatar\\\/f7d80d7800220762f9cf31559c65e650bdc8299f18bca4e3ffde781c0422539c?s=96&d=mm&r=g\",\"caption\":\"Sulyok Gy\u00f6rgyi\"},\"sameAs\":[\"http:\\\/\\\/www.coolinart.cafe\"],\"url\":\"https:\\\/\\\/coolinart.cafe\\\/blog\\\/author\\\/gyorgyi\\\/\"}]}<\/script>\n<!-- \/ Yoast SEO plugin. -->","yoast_head_json":{"title":"Csirketorta - Coolinart.cafe","description":"A csirketorta eszm\u00e9letlen\u00fcl finom, \u00e9s mutat\u00f3s vend\u00e9gv\u00e1r\u00f3 \u00e9tel. S\u0151t h\u00fasim\u00e1d\u00f3knak sz\u00fclinapi aj\u00e1nd\u00e9knak is isteni egy gyerty\u00e1val a tetej\u00e9n.","robots":{"index":"index","follow":"follow","max-snippet":"max-snippet:-1","max-image-preview":"max-image-preview:large","max-video-preview":"max-video-preview:-1"},"canonical":"https:\/\/coolinart.cafe\/blog\/2016\/11\/csirketorta\/","og_locale":"hu_HU","og_type":"article","og_title":"Csirketorta - Coolinart.cafe","og_description":"A csirketorta eszm\u00e9letlen\u00fcl finom, \u00e9s mutat\u00f3s vend\u00e9gv\u00e1r\u00f3 \u00e9tel. S\u0151t h\u00fasim\u00e1d\u00f3knak sz\u00fclinapi aj\u00e1nd\u00e9knak is isteni egy gyerty\u00e1val a tetej\u00e9n.","og_url":"https:\/\/coolinart.cafe\/blog\/2016\/11\/csirketorta\/","og_site_name":"Coolinart.cafe","article_publisher":"https:\/\/www.facebook.com\/coolinart.cafe\/","article_published_time":"2016-11-18T13:36:54+00:00","og_image":[{"width":1200,"height":630,"url":"https:\/\/i1.wp.com\/coolinart.cafe\/blog\/wp-content\/uploads\/2016\/11\/FB2016-10-28-14-16-55.jpg?fit=1200%2C630&ssl=1","type":"image\/jpeg"}],"author":"Sulyok Gy\u00f6rgyi","twitter_card":"summary_large_image","twitter_misc":{"Szerz\u0151:":"Sulyok Gy\u00f6rgyi","Becs\u00fclt olvas\u00e1si id\u0151":"3 perc"},"schema":{"@context":"https:\/\/schema.org","@graph":[{"@type":"Article","@id":"https:\/\/coolinart.cafe\/blog\/2016\/11\/csirketorta\/#article","isPartOf":{"@id":"https:\/\/coolinart.cafe\/blog\/2016\/11\/csirketorta\/"},"author":{"name":"Sulyok Gy\u00f6rgyi","@id":"https:\/\/coolinart.cafe\/blog\/#\/schema\/person\/0b9046a8abdce332b3919b077f7376b2"},"headline":"Csirketorta","datePublished":"2016-11-18T13:36:54+00:00","mainEntityOfPage":{"@id":"https:\/\/coolinart.cafe\/blog\/2016\/11\/csirketorta\/"},"wordCount":654,"commentCount":2,"image":{"@id":"https:\/\/coolinart.cafe\/blog\/2016\/11\/csirketorta\/#primaryimage"},"thumbnailUrl":"https:\/\/coolinart.cafe\/blog\/wp-content\/gallery\/csirketorta\/thumbs\/thumbs_M%C3%B3d20161028_111253.jpg","keywords":["Csirke","Paleolit","Vend\u00e9gv\u00e1r\u00f3"],"articleSection":["H\u00fasos","Receptek"],"inLanguage":"hu","potentialAction":[{"@type":"CommentAction","name":"Comment","target":["https:\/\/coolinart.cafe\/blog\/2016\/11\/csirketorta\/#respond"]}]},{"@type":"WebPage","@id":"https:\/\/coolinart.cafe\/blog\/2016\/11\/csirketorta\/","url":"https:\/\/coolinart.cafe\/blog\/2016\/11\/csirketorta\/","name":"Csirketorta - Coolinart.cafe","isPartOf":{"@id":"https:\/\/coolinart.cafe\/blog\/#website"},"primaryImageOfPage":{"@id":"https:\/\/coolinart.cafe\/blog\/2016\/11\/csirketorta\/#primaryimage"},"image":{"@id":"https:\/\/coolinart.cafe\/blog\/2016\/11\/csirketorta\/#primaryimage"},"thumbnailUrl":"https:\/\/coolinart.cafe\/blog\/wp-content\/gallery\/csirketorta\/thumbs\/thumbs_M%C3%B3d20161028_111253.jpg","datePublished":"2016-11-18T13:36:54+00:00","author":{"@id":"https:\/\/coolinart.cafe\/blog\/#\/schema\/person\/0b9046a8abdce332b3919b077f7376b2"},"description":"A csirketorta eszm\u00e9letlen\u00fcl finom, \u00e9s mutat\u00f3s vend\u00e9gv\u00e1r\u00f3 \u00e9tel. S\u0151t h\u00fasim\u00e1d\u00f3knak sz\u00fclinapi aj\u00e1nd\u00e9knak is isteni egy gyerty\u00e1val a tetej\u00e9n.","breadcrumb":{"@id":"https:\/\/coolinart.cafe\/blog\/2016\/11\/csirketorta\/#breadcrumb"},"inLanguage":"hu","potentialAction":[{"@type":"ReadAction","target":["https:\/\/coolinart.cafe\/blog\/2016\/11\/csirketorta\/"]}]},{"@type":"ImageObject","inLanguage":"hu","@id":"https:\/\/coolinart.cafe\/blog\/2016\/11\/csirketorta\/#primaryimage","url":"https:\/\/coolinart.cafe\/blog\/wp-content\/gallery\/csirketorta\/thumbs\/thumbs_M%C3%B3d20161028_111253.jpg","contentUrl":"https:\/\/coolinart.cafe\/blog\/wp-content\/gallery\/csirketorta\/thumbs\/thumbs_M%C3%B3d20161028_111253.jpg"},{"@type":"BreadcrumbList","@id":"https:\/\/coolinart.cafe\/blog\/2016\/11\/csirketorta\/#breadcrumb","itemListElement":[{"@type":"ListItem","position":1,"name":"Home","item":"https:\/\/coolinart.cafe\/blog\/"},{"@type":"ListItem","position":2,"name":"Csirketorta"}]},{"@type":"WebSite","@id":"https:\/\/coolinart.cafe\/blog\/#website","url":"https:\/\/coolinart.cafe\/blog\/","name":"Coolinart.cafe","description":"\u00e9tel, k\u00e1v\u00e9, kult\u00fara","potentialAction":[{"@type":"SearchAction","target":{"@type":"EntryPoint","urlTemplate":"https:\/\/coolinart.cafe\/blog\/?s={search_term_string}"},"query-input":{"@type":"PropertyValueSpecification","valueRequired":true,"valueName":"search_term_string"}}],"inLanguage":"hu"},{"@type":"Person","@id":"https:\/\/coolinart.cafe\/blog\/#\/schema\/person\/0b9046a8abdce332b3919b077f7376b2","name":"Sulyok Gy\u00f6rgyi","image":{"@type":"ImageObject","inLanguage":"hu","@id":"https:\/\/secure.gravatar.com\/avatar\/f7d80d7800220762f9cf31559c65e650bdc8299f18bca4e3ffde781c0422539c?s=96&d=mm&r=g","url":"https:\/\/secure.gravatar.com\/avatar\/f7d80d7800220762f9cf31559c65e650bdc8299f18bca4e3ffde781c0422539c?s=96&d=mm&r=g","contentUrl":"https:\/\/secure.gravatar.com\/avatar\/f7d80d7800220762f9cf31559c65e650bdc8299f18bca4e3ffde781c0422539c?s=96&d=mm&r=g","caption":"Sulyok Gy\u00f6rgyi"},"sameAs":["http:\/\/www.coolinart.cafe"],"url":"https:\/\/coolinart.cafe\/blog\/author\/gyorgyi\/"}]}},"jetpack_featured_media_url":"","jetpack_sharing_enabled":true,"_links":{"self":[{"href":"https:\/\/coolinart.cafe\/blog\/wp-json\/wp\/v2\/posts\/1963","targetHints":{"allow":["GET"]}}],"collection":[{"href":"https:\/\/coolinart.cafe\/blog\/wp-json\/wp\/v2\/posts"}],"about":[{"href":"https:\/\/coolinart.cafe\/blog\/wp-json\/wp\/v2\/types\/post"}],"author":[{"embeddable":true,"href":"https:\/\/coolinart.cafe\/blog\/wp-json\/wp\/v2\/users\/2"}],"replies":[{"embeddable":true,"href":"https:\/\/coolinart.cafe\/blog\/wp-json\/wp\/v2\/comments?post=1963"}],"version-history":[{"count":30,"href":"https:\/\/coolinart.cafe\/blog\/wp-json\/wp\/v2\/posts\/1963\/revisions"}],"predecessor-version":[{"id":2015,"href":"https:\/\/coolinart.cafe\/blog\/wp-json\/wp\/v2\/posts\/1963\/revisions\/2015"}],"wp:attachment":[{"href":"https:\/\/coolinart.cafe\/blog\/wp-json\/wp\/v2\/media?parent=1963"}],"wp:term":[{"taxonomy":"category","embeddable":true,"href":"https:\/\/coolinart.cafe\/blog\/wp-json\/wp\/v2\/categories?post=1963"},{"taxonomy":"post_tag","embeddable":true,"href":"https:\/\/coolinart.cafe\/blog\/wp-json\/wp\/v2\/tags?post=1963"}],"curies":[{"name":"wp","href":"https:\/\/api.w.org\/{rel}","templated":true}]}}