{"id":1831,"date":"2016-11-10T15:33:06","date_gmt":"2016-11-10T13:33:06","guid":{"rendered":"http:\/\/coolinart.cafe\/blog\/?p=1831"},"modified":"2016-11-10T15:41:20","modified_gmt":"2016-11-10T13:41:20","slug":"kaves-mogyorotorta","status":"publish","type":"post","link":"https:\/\/coolinart.cafe\/blog\/2016\/11\/kaves-mogyorotorta\/","title":{"rendered":"K\u00e1v\u00e9s mogyor\u00f3torta"},"content":{"rendered":"<p style=\"text-align: justify;\">Apuk\u00e1m 80. sz\u00fclet\u00e9snapj\u00e1ra k\u00e9sz\u00edtettem ezt a finoms\u00e1got, mivel nagyon szereti a k\u00e1v\u00e9s \u00e9dess\u00e9geket. Megint eg\u00e9szs\u00e9ges receptben gondolkodtam, ne legyen benne liszt, \u00e9s csak nagyon kev\u00e9s cukor. \u00d6sszesen 4 dkg ker\u00fclt bele! De a paleolitok azt is kicser\u00e9lhetik ny\u00edrfacukorra. Ja, \u00e9s a f\u00e9rjem miatt pedig lakt\u00f3zmentesnek kellett lennie, \u00edgy a kr\u00e9m mandulatejb\u0151l k\u00e9sz\u00fclt. A k\u00e1v\u00e9s mogyor\u00f3torta m\u00e1sik k\u00fcl\u00f6nlegess\u00e9ge, hogy csak toj\u00e1sfeh\u00e9rj\u00e9b\u0151l k\u00e9sz\u00fclt a t\u00e9szta. \u00c9n rendszeresen lefagyasztom a feh\u00e9rj\u00e9ket, \u00e9s amikor \u00f6sszegy\u0171lik 8-10 db, akkor k\u00e9sz\u00fcl bel\u0151le valami finoms\u00e1g. Most ez a k\u00e1v\u00e9s mogyor\u00f3torta:<\/p>\nngg_shortcode_0_placeholder\n<p><em>Hozz\u00e1val\u00f3k:<\/em><\/p>\n<p>A t\u00e9szt\u00e1hoz:<\/p>\n<ul>\n<li>8-10 db toj\u00e1sfeh\u00e9rje<\/li>\n<li>30 dkg mogyor\u00f3<\/li>\n<li>5 dkg mandulaliszt<\/li>\n<li>2 csomag van\u00edli\u00e1s cukor (paleolitoknak 1 ek. ny\u00edrfacukor)<\/li>\n<li>1-2 csipet s\u00f3<\/li>\n<li>1 kk. frissen reszelt szerecsendi\u00f3<\/li>\n<\/ul>\n<p>A kr\u00e9mhez:<\/p>\n<ul>\n<li>4 toj\u00e1s s\u00e1rg\u00e1ja<\/li>\n<li>7 dkg (glut\u00e9nmentes) liszt<\/li>\n<li>1 dl (4 adag) er\u0151s pressz\u00f3k\u00e1v\u00e9<\/li>\n<li>0,5 l mandulatej (vagy sima tej)<\/li>\n<li>f\u00e9l r\u00fad van\u00edlia<\/li>\n<li>2 csomag van\u00edli\u00e1s cukor (paleolitoknak 1 ek. ny\u00edrfacukor)<\/li>\n<\/ul>\n<p style=\"text-align: justify;\"><!--more-->A s\u00fct\u0151t 180 fokra bekapcsolom. egy 26-28 cm-es tortaform\u00e1t kib\u00e9lelek s\u00fct\u0151pap\u00edrral. A mogyor\u00f3t egy serpeny\u0151ben aranybarn\u00e1ra pir\u00edtom, majd led\u00f6rzs\u00f6l\u00f6m r\u00f3la a h\u00e9j\u00e1t. 16 szemet f\u00e9lreteszek a torta d\u00edsz\u00edt\u00e9s\u00e9hez, a t\u00f6bbit ledar\u00e1lom k\u00e9ses dar\u00e1l\u00f3ban. A toj\u00e1sfeh\u00e9rj\u00e9ket a s\u00f3val kem\u00e9ny habb\u00e1 verem, f\u00e9l\u00faton hozz\u00e1adom a van\u00edli\u00e1s cukrot. Ut\u00e1na laz\u00e1n, t\u00f6bb r\u00e9szletben belekeverem a mogyor\u00f3t \u00e9s a mandulalisztet, belereszelem a szerecsendi\u00f3t. A kib\u00e9lelt tortaform\u00e1ba sim\u00edtom a massz\u00e1t, \u00e9s beteszem a&nbsp; s\u00fct\u0151be, kb. 35-40 perc alatt megs\u00fcl. Kiveszem, hagyom kih\u0171lni.<\/p>\n<p style=\"text-align: justify;\">A kr\u00e9mhez a mandulatejet a van\u00edlia r\u00faddal felforralom, \u00e9s hagyom langyosra h\u0171lni. Lef\u0151z\u00f6m a k\u00e1v\u00e9t A toj\u00e1ss\u00e1rg\u00e1kat (egy l\u00e1bosban, amit azut\u00e1n g\u0151z f\u00f6l\u00e9 tudok helyezni) habosod\u00e1sig keverem a van\u00edli\u00e1s cukorral, majd folyamatos kever\u00e9s mellett hozz\u00e1adom apr\u00f3 r\u00e9szletekben a lisztet, \u00e9s szint\u00e9n apr\u00e1nk\u00e9nt a tejet, \u00e9s a k\u00e1v\u00e9t. K\u00f6zben egy m\u00e1sik l\u00e1bosban vizet forralok, \u00e9s e f\u00f6l\u00e9 helyezem a toj\u00e1sos massz\u00e1t, \u00e9s folyamatosan kevergetve bes\u0171r\u00edtem. Hagyom langyosra h\u0171lni, k\u00f6zben n\u00e9ha keverek rajta egyet, hogy ne b\u0151r\u00f6s\u00f6dj\u00f6n be. A kih\u0171lt tortalapot f\u00e9lbev\u00e1gom, \u00e9s belet\u00f6lt\u00f6m a k\u00e1v\u00e9kr\u00e9m fel\u00e9t. Ut\u00e1na r\u00e1teszem a fels\u0151 lapot, k\u00edv\u00fclr\u0151l k\u00f6rbekenem a kr\u00e9m m\u00e1sik fel\u00e9vel. D\u00edsz\u00edtem a tetej\u00e9t a f\u00e9lretett mogyor\u00f3szemekkel, s\u0151t \u00e9n m\u00e9g eg\u00e9sz k\u00e1v\u00e9szemeket is tettem r\u00e1, \u00e9s beh\u0171t\u00f6m legal\u00e1bb f\u00e9l napra. Nagyon-nagyon finom lett! B\u00e1tran aj\u00e1nlom minden alkalomra!<\/p>\n<p>&nbsp;<\/p>\n","protected":false},"excerpt":{"rendered":"<p>Apuk\u00e1m 80. sz\u00fclet\u00e9snapj\u00e1ra k\u00e9sz\u00edtettem ezt a finoms\u00e1got, mivel nagyon szereti a k\u00e1v\u00e9s \u00e9dess\u00e9geket. Megint eg\u00e9szs\u00e9ges receptben gondolkodtam, ne legyen benne liszt, \u00e9s csak nagyon kev\u00e9s cukor. \u00d6sszesen 4 dkg ker\u00fclt bele! De a paleolitok azt is kicser\u00e9lhetik ny\u00edrfacukorra. Ja, \u00e9s a f\u00e9rjem miatt pedig lakt\u00f3zmentesnek kellett lennie, \u00edgy a kr\u00e9m mandulatejb\u0151l k\u00e9sz\u00fclt. A k\u00e1v\u00e9s mogyor\u00f3torta [&hellip;]<\/p>\n","protected":false},"author":2,"featured_media":0,"comment_status":"open","ping_status":"open","sticky":false,"template":"","format":"standard","meta":{"ngg_post_thumbnail":0,"_jetpack_memberships_contains_paid_content":false,"footnotes":""},"categories":[14,2],"tags":[36,118,104,117],"class_list":["post-1831","post","type-post","status-publish","format-standard","hentry","category-edessegek","category-recept","tag-glutenmentes","tag-kave","tag-laktozmentes","tag-mogyoro"],"yoast_head":"<!-- This site is optimized with the Yoast SEO plugin v27.5 - https:\/\/yoast.com\/product\/yoast-seo-wordpress\/ -->\n<title>K\u00e1v\u00e9s mogyor\u00f3torta - Coolinart.cafe<\/title>\n<meta name=\"description\" content=\"Szinte a minden mentes kateg\u00f3ri\u00e1ba tartozik ez az isteni k\u00e1v\u00e9s mogyor\u00f3torta. A M\u00e1rton napi men\u00fc lez\u00e1r\u00e1s\u00e1ra kiv\u00e1l\u00f3an alkalmas, pr\u00f3b\u00e1lj\u00e1tok ki!\" \/>\n<meta name=\"robots\" content=\"index, follow, max-snippet:-1, max-image-preview:large, max-video-preview:-1\" \/>\n<link rel=\"canonical\" href=\"https:\/\/coolinart.cafe\/blog\/2016\/11\/kaves-mogyorotorta\/\" \/>\n<meta property=\"og:locale\" content=\"hu_HU\" \/>\n<meta property=\"og:type\" content=\"article\" \/>\n<meta property=\"og:title\" content=\"K\u00e1v\u00e9s mogyor\u00f3torta - Coolinart.cafe\" \/>\n<meta property=\"og:description\" content=\"Szinte a minden mentes kateg\u00f3ri\u00e1ba tartozik ez az isteni k\u00e1v\u00e9s mogyor\u00f3torta. A M\u00e1rton napi men\u00fc lez\u00e1r\u00e1s\u00e1ra kiv\u00e1l\u00f3an alkalmas, pr\u00f3b\u00e1lj\u00e1tok ki!\" \/>\n<meta property=\"og:url\" content=\"https:\/\/coolinart.cafe\/blog\/2016\/11\/kaves-mogyorotorta\/\" \/>\n<meta property=\"og:site_name\" content=\"Coolinart.cafe\" \/>\n<meta property=\"article:publisher\" content=\"https:\/\/www.facebook.com\/coolinart.cafe\/\" \/>\n<meta property=\"article:published_time\" content=\"2016-11-10T13:33:06+00:00\" \/>\n<meta property=\"article:modified_time\" content=\"2016-11-10T13:41:20+00:00\" \/>\n<meta property=\"og:image\" content=\"https:\/\/i0.wp.com\/coolinart.cafe\/blog\/wp-content\/uploads\/2016\/11\/FB-2-2016-10-28-12-04-34.jpg?fit=1200%2C630&ssl=1\" \/>\n\t<meta property=\"og:image:width\" content=\"1200\" \/>\n\t<meta property=\"og:image:height\" content=\"630\" \/>\n\t<meta property=\"og:image:type\" content=\"image\/jpeg\" \/>\n<meta name=\"author\" content=\"Sulyok Gy\u00f6rgyi\" \/>\n<meta name=\"twitter:card\" content=\"summary_large_image\" \/>\n<meta name=\"twitter:label1\" content=\"Szerz\u0151:\" \/>\n\t<meta name=\"twitter:data1\" content=\"Sulyok Gy\u00f6rgyi\" \/>\n\t<meta name=\"twitter:label2\" content=\"Becs\u00fclt olvas\u00e1si id\u0151\" \/>\n\t<meta name=\"twitter:data2\" content=\"3 perc\" \/>\n<script type=\"application\/ld+json\" class=\"yoast-schema-graph\">{\"@context\":\"https:\\\/\\\/schema.org\",\"@graph\":[{\"@type\":\"Article\",\"@id\":\"https:\\\/\\\/coolinart.cafe\\\/blog\\\/2016\\\/11\\\/kaves-mogyorotorta\\\/#article\",\"isPartOf\":{\"@id\":\"https:\\\/\\\/coolinart.cafe\\\/blog\\\/2016\\\/11\\\/kaves-mogyorotorta\\\/\"},\"author\":{\"name\":\"Sulyok Gy\u00f6rgyi\",\"@id\":\"https:\\\/\\\/coolinart.cafe\\\/blog\\\/#\\\/schema\\\/person\\\/0b9046a8abdce332b3919b077f7376b2\"},\"headline\":\"K\u00e1v\u00e9s mogyor\u00f3torta\",\"datePublished\":\"2016-11-10T13:33:06+00:00\",\"dateModified\":\"2016-11-10T13:41:20+00:00\",\"mainEntityOfPage\":{\"@id\":\"https:\\\/\\\/coolinart.cafe\\\/blog\\\/2016\\\/11\\\/kaves-mogyorotorta\\\/\"},\"wordCount\":533,\"commentCount\":0,\"keywords\":[\"Glut\u00e9nmentes\",\"K\u00e1v\u00e9\",\"Lakt\u00f3zmentes\",\"Mogyor\u00f3\"],\"articleSection\":[\"Desszertek\",\"Receptek\"],\"inLanguage\":\"hu\",\"potentialAction\":[{\"@type\":\"CommentAction\",\"name\":\"Comment\",\"target\":[\"https:\\\/\\\/coolinart.cafe\\\/blog\\\/2016\\\/11\\\/kaves-mogyorotorta\\\/#respond\"]}]},{\"@type\":\"WebPage\",\"@id\":\"https:\\\/\\\/coolinart.cafe\\\/blog\\\/2016\\\/11\\\/kaves-mogyorotorta\\\/\",\"url\":\"https:\\\/\\\/coolinart.cafe\\\/blog\\\/2016\\\/11\\\/kaves-mogyorotorta\\\/\",\"name\":\"K\u00e1v\u00e9s mogyor\u00f3torta - Coolinart.cafe\",\"isPartOf\":{\"@id\":\"https:\\\/\\\/coolinart.cafe\\\/blog\\\/#website\"},\"datePublished\":\"2016-11-10T13:33:06+00:00\",\"dateModified\":\"2016-11-10T13:41:20+00:00\",\"author\":{\"@id\":\"https:\\\/\\\/coolinart.cafe\\\/blog\\\/#\\\/schema\\\/person\\\/0b9046a8abdce332b3919b077f7376b2\"},\"description\":\"Szinte a minden mentes kateg\u00f3ri\u00e1ba tartozik ez az isteni k\u00e1v\u00e9s mogyor\u00f3torta. A M\u00e1rton napi men\u00fc lez\u00e1r\u00e1s\u00e1ra kiv\u00e1l\u00f3an alkalmas, pr\u00f3b\u00e1lj\u00e1tok ki!\",\"breadcrumb\":{\"@id\":\"https:\\\/\\\/coolinart.cafe\\\/blog\\\/2016\\\/11\\\/kaves-mogyorotorta\\\/#breadcrumb\"},\"inLanguage\":\"hu\",\"potentialAction\":[{\"@type\":\"ReadAction\",\"target\":[\"https:\\\/\\\/coolinart.cafe\\\/blog\\\/2016\\\/11\\\/kaves-mogyorotorta\\\/\"]}]},{\"@type\":\"BreadcrumbList\",\"@id\":\"https:\\\/\\\/coolinart.cafe\\\/blog\\\/2016\\\/11\\\/kaves-mogyorotorta\\\/#breadcrumb\",\"itemListElement\":[{\"@type\":\"ListItem\",\"position\":1,\"name\":\"Home\",\"item\":\"https:\\\/\\\/coolinart.cafe\\\/blog\\\/\"},{\"@type\":\"ListItem\",\"position\":2,\"name\":\"K\u00e1v\u00e9s mogyor\u00f3torta\"}]},{\"@type\":\"WebSite\",\"@id\":\"https:\\\/\\\/coolinart.cafe\\\/blog\\\/#website\",\"url\":\"https:\\\/\\\/coolinart.cafe\\\/blog\\\/\",\"name\":\"Coolinart.cafe\",\"description\":\"\u00e9tel, k\u00e1v\u00e9, kult\u00fara\",\"potentialAction\":[{\"@type\":\"SearchAction\",\"target\":{\"@type\":\"EntryPoint\",\"urlTemplate\":\"https:\\\/\\\/coolinart.cafe\\\/blog\\\/?s={search_term_string}\"},\"query-input\":{\"@type\":\"PropertyValueSpecification\",\"valueRequired\":true,\"valueName\":\"search_term_string\"}}],\"inLanguage\":\"hu\"},{\"@type\":\"Person\",\"@id\":\"https:\\\/\\\/coolinart.cafe\\\/blog\\\/#\\\/schema\\\/person\\\/0b9046a8abdce332b3919b077f7376b2\",\"name\":\"Sulyok Gy\u00f6rgyi\",\"image\":{\"@type\":\"ImageObject\",\"inLanguage\":\"hu\",\"@id\":\"https:\\\/\\\/secure.gravatar.com\\\/avatar\\\/f7d80d7800220762f9cf31559c65e650bdc8299f18bca4e3ffde781c0422539c?s=96&d=mm&r=g\",\"url\":\"https:\\\/\\\/secure.gravatar.com\\\/avatar\\\/f7d80d7800220762f9cf31559c65e650bdc8299f18bca4e3ffde781c0422539c?s=96&d=mm&r=g\",\"contentUrl\":\"https:\\\/\\\/secure.gravatar.com\\\/avatar\\\/f7d80d7800220762f9cf31559c65e650bdc8299f18bca4e3ffde781c0422539c?s=96&d=mm&r=g\",\"caption\":\"Sulyok Gy\u00f6rgyi\"},\"sameAs\":[\"http:\\\/\\\/www.coolinart.cafe\"],\"url\":\"https:\\\/\\\/coolinart.cafe\\\/blog\\\/author\\\/gyorgyi\\\/\"}]}<\/script>\n<!-- \/ Yoast SEO plugin. -->","yoast_head_json":{"title":"K\u00e1v\u00e9s mogyor\u00f3torta - Coolinart.cafe","description":"Szinte a minden mentes kateg\u00f3ri\u00e1ba tartozik ez az isteni k\u00e1v\u00e9s mogyor\u00f3torta. A M\u00e1rton napi men\u00fc lez\u00e1r\u00e1s\u00e1ra kiv\u00e1l\u00f3an alkalmas, pr\u00f3b\u00e1lj\u00e1tok ki!","robots":{"index":"index","follow":"follow","max-snippet":"max-snippet:-1","max-image-preview":"max-image-preview:large","max-video-preview":"max-video-preview:-1"},"canonical":"https:\/\/coolinart.cafe\/blog\/2016\/11\/kaves-mogyorotorta\/","og_locale":"hu_HU","og_type":"article","og_title":"K\u00e1v\u00e9s mogyor\u00f3torta - Coolinart.cafe","og_description":"Szinte a minden mentes kateg\u00f3ri\u00e1ba tartozik ez az isteni k\u00e1v\u00e9s mogyor\u00f3torta. A M\u00e1rton napi men\u00fc lez\u00e1r\u00e1s\u00e1ra kiv\u00e1l\u00f3an alkalmas, pr\u00f3b\u00e1lj\u00e1tok ki!","og_url":"https:\/\/coolinart.cafe\/blog\/2016\/11\/kaves-mogyorotorta\/","og_site_name":"Coolinart.cafe","article_publisher":"https:\/\/www.facebook.com\/coolinart.cafe\/","article_published_time":"2016-11-10T13:33:06+00:00","article_modified_time":"2016-11-10T13:41:20+00:00","og_image":[{"width":1200,"height":630,"url":"https:\/\/i0.wp.com\/coolinart.cafe\/blog\/wp-content\/uploads\/2016\/11\/FB-2-2016-10-28-12-04-34.jpg?fit=1200%2C630&ssl=1","type":"image\/jpeg"}],"author":"Sulyok Gy\u00f6rgyi","twitter_card":"summary_large_image","twitter_misc":{"Szerz\u0151:":"Sulyok Gy\u00f6rgyi","Becs\u00fclt olvas\u00e1si id\u0151":"3 perc"},"schema":{"@context":"https:\/\/schema.org","@graph":[{"@type":"Article","@id":"https:\/\/coolinart.cafe\/blog\/2016\/11\/kaves-mogyorotorta\/#article","isPartOf":{"@id":"https:\/\/coolinart.cafe\/blog\/2016\/11\/kaves-mogyorotorta\/"},"author":{"name":"Sulyok Gy\u00f6rgyi","@id":"https:\/\/coolinart.cafe\/blog\/#\/schema\/person\/0b9046a8abdce332b3919b077f7376b2"},"headline":"K\u00e1v\u00e9s mogyor\u00f3torta","datePublished":"2016-11-10T13:33:06+00:00","dateModified":"2016-11-10T13:41:20+00:00","mainEntityOfPage":{"@id":"https:\/\/coolinart.cafe\/blog\/2016\/11\/kaves-mogyorotorta\/"},"wordCount":533,"commentCount":0,"keywords":["Glut\u00e9nmentes","K\u00e1v\u00e9","Lakt\u00f3zmentes","Mogyor\u00f3"],"articleSection":["Desszertek","Receptek"],"inLanguage":"hu","potentialAction":[{"@type":"CommentAction","name":"Comment","target":["https:\/\/coolinart.cafe\/blog\/2016\/11\/kaves-mogyorotorta\/#respond"]}]},{"@type":"WebPage","@id":"https:\/\/coolinart.cafe\/blog\/2016\/11\/kaves-mogyorotorta\/","url":"https:\/\/coolinart.cafe\/blog\/2016\/11\/kaves-mogyorotorta\/","name":"K\u00e1v\u00e9s mogyor\u00f3torta - Coolinart.cafe","isPartOf":{"@id":"https:\/\/coolinart.cafe\/blog\/#website"},"datePublished":"2016-11-10T13:33:06+00:00","dateModified":"2016-11-10T13:41:20+00:00","author":{"@id":"https:\/\/coolinart.cafe\/blog\/#\/schema\/person\/0b9046a8abdce332b3919b077f7376b2"},"description":"Szinte a minden mentes kateg\u00f3ri\u00e1ba tartozik ez az isteni k\u00e1v\u00e9s mogyor\u00f3torta. A M\u00e1rton napi men\u00fc lez\u00e1r\u00e1s\u00e1ra kiv\u00e1l\u00f3an alkalmas, pr\u00f3b\u00e1lj\u00e1tok ki!","breadcrumb":{"@id":"https:\/\/coolinart.cafe\/blog\/2016\/11\/kaves-mogyorotorta\/#breadcrumb"},"inLanguage":"hu","potentialAction":[{"@type":"ReadAction","target":["https:\/\/coolinart.cafe\/blog\/2016\/11\/kaves-mogyorotorta\/"]}]},{"@type":"BreadcrumbList","@id":"https:\/\/coolinart.cafe\/blog\/2016\/11\/kaves-mogyorotorta\/#breadcrumb","itemListElement":[{"@type":"ListItem","position":1,"name":"Home","item":"https:\/\/coolinart.cafe\/blog\/"},{"@type":"ListItem","position":2,"name":"K\u00e1v\u00e9s mogyor\u00f3torta"}]},{"@type":"WebSite","@id":"https:\/\/coolinart.cafe\/blog\/#website","url":"https:\/\/coolinart.cafe\/blog\/","name":"Coolinart.cafe","description":"\u00e9tel, k\u00e1v\u00e9, kult\u00fara","potentialAction":[{"@type":"SearchAction","target":{"@type":"EntryPoint","urlTemplate":"https:\/\/coolinart.cafe\/blog\/?s={search_term_string}"},"query-input":{"@type":"PropertyValueSpecification","valueRequired":true,"valueName":"search_term_string"}}],"inLanguage":"hu"},{"@type":"Person","@id":"https:\/\/coolinart.cafe\/blog\/#\/schema\/person\/0b9046a8abdce332b3919b077f7376b2","name":"Sulyok Gy\u00f6rgyi","image":{"@type":"ImageObject","inLanguage":"hu","@id":"https:\/\/secure.gravatar.com\/avatar\/f7d80d7800220762f9cf31559c65e650bdc8299f18bca4e3ffde781c0422539c?s=96&d=mm&r=g","url":"https:\/\/secure.gravatar.com\/avatar\/f7d80d7800220762f9cf31559c65e650bdc8299f18bca4e3ffde781c0422539c?s=96&d=mm&r=g","contentUrl":"https:\/\/secure.gravatar.com\/avatar\/f7d80d7800220762f9cf31559c65e650bdc8299f18bca4e3ffde781c0422539c?s=96&d=mm&r=g","caption":"Sulyok Gy\u00f6rgyi"},"sameAs":["http:\/\/www.coolinart.cafe"],"url":"https:\/\/coolinart.cafe\/blog\/author\/gyorgyi\/"}]}},"jetpack_featured_media_url":"","jetpack_sharing_enabled":true,"_links":{"self":[{"href":"https:\/\/coolinart.cafe\/blog\/wp-json\/wp\/v2\/posts\/1831","targetHints":{"allow":["GET"]}}],"collection":[{"href":"https:\/\/coolinart.cafe\/blog\/wp-json\/wp\/v2\/posts"}],"about":[{"href":"https:\/\/coolinart.cafe\/blog\/wp-json\/wp\/v2\/types\/post"}],"author":[{"embeddable":true,"href":"https:\/\/coolinart.cafe\/blog\/wp-json\/wp\/v2\/users\/2"}],"replies":[{"embeddable":true,"href":"https:\/\/coolinart.cafe\/blog\/wp-json\/wp\/v2\/comments?post=1831"}],"version-history":[{"count":11,"href":"https:\/\/coolinart.cafe\/blog\/wp-json\/wp\/v2\/posts\/1831\/revisions"}],"predecessor-version":[{"id":1907,"href":"https:\/\/coolinart.cafe\/blog\/wp-json\/wp\/v2\/posts\/1831\/revisions\/1907"}],"wp:attachment":[{"href":"https:\/\/coolinart.cafe\/blog\/wp-json\/wp\/v2\/media?parent=1831"}],"wp:term":[{"taxonomy":"category","embeddable":true,"href":"https:\/\/coolinart.cafe\/blog\/wp-json\/wp\/v2\/categories?post=1831"},{"taxonomy":"post_tag","embeddable":true,"href":"https:\/\/coolinart.cafe\/blog\/wp-json\/wp\/v2\/tags?post=1831"}],"curies":[{"name":"wp","href":"https:\/\/api.w.org\/{rel}","templated":true}]}}