{"id":178,"date":"2016-04-25T18:03:21","date_gmt":"2016-04-25T17:03:21","guid":{"rendered":"http:\/\/coolinart.cafe\/blog\/?p=178"},"modified":"2016-06-10T16:10:15","modified_gmt":"2016-06-10T14:10:15","slug":"glutenmentes-repatorta","status":"publish","type":"post","link":"https:\/\/coolinart.cafe\/blog\/2016\/04\/glutenmentes-repatorta\/","title":{"rendered":"Glut\u00e9nmentes r\u00e9patorta"},"content":{"rendered":"<p><img data-recalc-dims=\"1\" decoding=\"async\" class=\"wp-image-183 size-large aligncenter lazyload\" data-src=\"https:\/\/i0.wp.com\/coolinart.cafe\/blog\/wp-content\/uploads\/2016\/03\/2016-03-15-15-22-58.jpg?resize=665%2C887&#038;ssl=1\" alt=\"2016-03-15-15-22-58\" width=\"665\" height=\"887\" data-srcset=\"https:\/\/i0.wp.com\/coolinart.cafe\/blog\/wp-content\/uploads\/2016\/03\/2016-03-15-15-22-58.jpg?resize=768%2C1024&amp;ssl=1 768w, https:\/\/i0.wp.com\/coolinart.cafe\/blog\/wp-content\/uploads\/2016\/03\/2016-03-15-15-22-58.jpg?resize=225%2C300&amp;ssl=1 225w, https:\/\/i0.wp.com\/coolinart.cafe\/blog\/wp-content\/uploads\/2016\/03\/2016-03-15-15-22-58.jpg?w=1536&amp;ssl=1 1536w, https:\/\/i0.wp.com\/coolinart.cafe\/blog\/wp-content\/uploads\/2016\/03\/2016-03-15-15-22-58.jpg?w=1330&amp;ssl=1 1330w\" data-sizes=\"(max-width: 665px) 100vw, 665px\" src=\"data:image\/svg+xml;base64,PHN2ZyB3aWR0aD0iMSIgaGVpZ2h0PSIxIiB4bWxucz0iaHR0cDovL3d3dy53My5vcmcvMjAwMC9zdmciPjwvc3ZnPg==\" style=\"--smush-placeholder-width: 665px; --smush-placeholder-aspect-ratio: 665\/887;\" \/><\/p>\n<p style=\"text-align: justify;\">Rossz id\u0151 volt vas\u00e1rnap, fel kellett valamivel dobni a d\u00e9lut\u00e1nt. A h\u0171t\u0151ben tal\u00e1ltam s\u00e1rgar\u00e9p\u00e1t, toj\u00e1st, a kamr\u00e1ban pedig <a href=\"http:\/\/naturecookta.hu\/kokuszliszt\/\">k\u00f3kuszlisztet<\/a>, \u00fagyhogy nem volt akad\u00e1lya egy gyors \u00e9s isteni, s\u0151t glut\u00e9nmentes r\u00e9patorta elk\u00e9sz\u00edt\u00e9s\u00e9nek. A k\u00f3kuszliszt haszn\u00e1lat\u00e1r\u00f3l annyit kell tudni, hogy sokkal jobban megsz\u00edvja mag\u00e1t, mint a b\u00fazaliszt, ez\u00e9rt kb. fele annyi el\u00e9g bel\u0151le. \u00cdgy a hagyom\u00e1nyos 6 toj\u00e1sos pisk\u00f3t\u00e1ban lev\u0151 20 dkg lisztet 7 dkg k\u00f3kuszlisztre \u00e9s 6 dkg di\u00f3ra cser\u00e9ltem. Tudatosan cs\u00f6kkentem a cukor mennyis\u00e9g\u00e9t is, ebben \u00f6sszesen 8 dkg van, \u00e9s el\u00e9g bele!!! Ha b\u00edrj\u00e1tok \u00e9s szeretitek a ny\u00edrfacukrot, csin\u00e1lhatj\u00e1tok azzal. \u00dagy nem csak glut\u00e9nmentes, de paleolit is lesz a s\u00fctitek! Azt tapasztaltam, hogy ny\u00edrfacukorb\u00f3l m\u00e9g kevesebb kell, mint a rendes cukorb\u00f3l, szerintem jobban \u00e9des\u00edt.<\/p>\n<p style=\"text-align: justify;\"><!--more--><\/p>\n<p><em>Hozz\u00e1val\u00f3k<\/em><\/p>\n<ul>\n<li>6 db toj\u00e1s<\/li>\n<li>7 dkg <a href=\"http:\/\/www.naturecookta.hu\/kokuszliszt\/\">k\u00f3kuszliszt<\/a><\/li>\n<li>6 dkg dar\u00e1lt di\u00f3<\/li>\n<li>egy mar\u00e9k mazsola<\/li>\n<li>8 dkg cukor vagy 5 dkg ny\u00edrfacukor<\/li>\n<li>20 dkg reszelt s\u00e1rgar\u00e9pa<\/li>\n<li>1 cs van\u00edli\u00e1s cukor<\/li>\n<li>1 tk. s\u00fct\u0151por<\/li>\n<li>\u0151r\u00f6lt fah\u00e9j, szerecsendi\u00f3<\/li>\n<li>egy narancs h\u00e9ja vagy egy ek. narancsvir\u00e1g v\u00edz<\/li>\n<\/ul>\n<p style=\"text-align: justify;\"><span style=\"color: #000000;\">A s\u00fct\u0151t 200 fokra felmeleg\u00edtj\u00fck. A toj\u00e1sokat a cukorral robotg\u00e9ppel habosra, feh\u00e9red\u00e9sig keverj\u00fck, k\u00f6zben lereszelj\u00fck a s\u00e1rgar\u00e9p\u00e1t. Ut\u00e1na a cukros toj\u00e1smassz\u00e1ba sz\u00e9p k\u00f6nnyed\u00e9n, laz\u00e1n belekeverj\u00fck a s\u00fct\u0151porral \u00f6sszekevert <a style=\"color: #000000;\" href=\"http:\/\/www.naturecookta.hu\/kokuszliszt\/\">k\u00f3kuszlisztet<\/a>, a di\u00f3t, a f\u0171szereket, a mazsol\u00e1t, a narancsh\u00e9jat vagy narancsvir\u00e1g vizet, \u00e9s legv\u00e9g\u00e9n a reszelt s\u00e1rgar\u00e9p\u00e1t. 20-22 cm-es s\u00fct\u0151pap\u00edrral kib\u00e9lelt tortaform\u00e1ba \u00f6ntj\u00fck a massz\u00e1t. 200 fokon s\u00fctj\u00fck 15 percet, ut\u00e1na m\u00e9g 40 percet 180 fokon. Kicsit hagyjuk h\u0171lni, az illata miatt sokat nem tudtok vele v\u00e1rni. \ud83d\ude42 Mehet mell\u00e9 van\u00edlia fagyi. \u00c9n mascarpon\u00e9t kevertem ki kicsi cukorral, tejsz\u00ednnel \u00e9s narancsvir\u00e1g v\u00edzzel, de mag\u00e1ban is nagyon finom!<\/span><\/p>\n","protected":false},"excerpt":{"rendered":"<p>Rossz id\u0151 volt vas\u00e1rnap, fel kellett valamivel dobni a d\u00e9lut\u00e1nt. A h\u0171t\u0151ben tal\u00e1ltam s\u00e1rgar\u00e9p\u00e1t, toj\u00e1st, a kamr\u00e1ban pedig k\u00f3kuszlisztet, \u00fagyhogy nem volt akad\u00e1lya egy gyors \u00e9s isteni, s\u0151t glut\u00e9nmentes r\u00e9patorta elk\u00e9sz\u00edt\u00e9s\u00e9nek. A k\u00f3kuszliszt haszn\u00e1lat\u00e1r\u00f3l annyit kell tudni, hogy sokkal jobban megsz\u00edvja mag\u00e1t, mint a b\u00fazaliszt, ez\u00e9rt kb. fele annyi el\u00e9g bel\u0151le. \u00cdgy a hagyom\u00e1nyos 6 [&hellip;]<\/p>\n","protected":false},"author":2,"featured_media":0,"comment_status":"open","ping_status":"open","sticky":false,"template":"","format":"standard","meta":{"ngg_post_thumbnail":0,"_jetpack_memberships_contains_paid_content":false,"footnotes":""},"categories":[14,2],"tags":[36,71],"class_list":["post-178","post","type-post","status-publish","format-standard","hentry","category-edessegek","category-recept","tag-glutenmentes","tag-kokuszliszt"],"yoast_head":"<!-- This site is optimized with the Yoast SEO plugin v27.5 - https:\/\/yoast.com\/product\/yoast-seo-wordpress\/ -->\n<title>Glut\u00e9nmentes r\u00e9patorta - Coolinart.cafe<\/title>\n<meta name=\"description\" content=\"Ez egy igaz\u00e1n egyszer\u0171, 20 perc alatt elk\u00e9sz\u00edthet\u0151 glut\u00e9nmentes r\u00e9patorta recept! Ha ny\u00edrfacukorral k\u00e9sz\u00edtitek, akkor igazi paleolit s\u00fctem\u00e9nyt kaptok!\" \/>\n<meta name=\"robots\" content=\"index, follow, max-snippet:-1, max-image-preview:large, max-video-preview:-1\" \/>\n<link rel=\"canonical\" href=\"https:\/\/coolinart.cafe\/blog\/2016\/04\/glutenmentes-repatorta\/\" \/>\n<meta property=\"og:locale\" content=\"hu_HU\" \/>\n<meta property=\"og:type\" content=\"article\" \/>\n<meta property=\"og:title\" content=\"Glut\u00e9nmentes r\u00e9patorta - Coolinart.cafe\" \/>\n<meta property=\"og:description\" content=\"Ez egy igaz\u00e1n egyszer\u0171, 20 perc alatt elk\u00e9sz\u00edthet\u0151 glut\u00e9nmentes r\u00e9patorta recept! Ha ny\u00edrfacukorral k\u00e9sz\u00edtitek, akkor igazi paleolit s\u00fctem\u00e9nyt kaptok!\" \/>\n<meta property=\"og:url\" content=\"https:\/\/coolinart.cafe\/blog\/2016\/04\/glutenmentes-repatorta\/\" \/>\n<meta property=\"og:site_name\" content=\"Coolinart.cafe\" \/>\n<meta property=\"article:publisher\" content=\"https:\/\/www.facebook.com\/coolinart.cafe\/\" \/>\n<meta property=\"article:published_time\" content=\"2016-04-25T17:03:21+00:00\" \/>\n<meta property=\"article:modified_time\" content=\"2016-06-10T14:10:15+00:00\" \/>\n<meta property=\"og:image\" content=\"https:\/\/i2.wp.com\/coolinart.cafe\/blog\/wp-content\/uploads\/2016\/03\/2016-03-15-15-23-22-e1461786694930.jpg?fit=1203%2C629&ssl=1\" \/>\n\t<meta property=\"og:image:width\" content=\"1203\" \/>\n\t<meta property=\"og:image:height\" content=\"629\" \/>\n\t<meta property=\"og:image:type\" content=\"image\/jpeg\" \/>\n<meta name=\"author\" content=\"Sulyok Gy\u00f6rgyi\" \/>\n<meta name=\"twitter:card\" content=\"summary_large_image\" \/>\n<meta name=\"twitter:label1\" content=\"Szerz\u0151:\" \/>\n\t<meta name=\"twitter:data1\" content=\"Sulyok Gy\u00f6rgyi\" \/>\n\t<meta name=\"twitter:label2\" content=\"Becs\u00fclt olvas\u00e1si id\u0151\" \/>\n\t<meta name=\"twitter:data2\" content=\"2 perc\" \/>\n<script type=\"application\/ld+json\" class=\"yoast-schema-graph\">{\"@context\":\"https:\\\/\\\/schema.org\",\"@graph\":[{\"@type\":\"Article\",\"@id\":\"https:\\\/\\\/coolinart.cafe\\\/blog\\\/2016\\\/04\\\/glutenmentes-repatorta\\\/#article\",\"isPartOf\":{\"@id\":\"https:\\\/\\\/coolinart.cafe\\\/blog\\\/2016\\\/04\\\/glutenmentes-repatorta\\\/\"},\"author\":{\"name\":\"Sulyok Gy\u00f6rgyi\",\"@id\":\"https:\\\/\\\/coolinart.cafe\\\/blog\\\/#\\\/schema\\\/person\\\/0b9046a8abdce332b3919b077f7376b2\"},\"headline\":\"Glut\u00e9nmentes r\u00e9patorta\",\"datePublished\":\"2016-04-25T17:03:21+00:00\",\"dateModified\":\"2016-06-10T14:10:15+00:00\",\"mainEntityOfPage\":{\"@id\":\"https:\\\/\\\/coolinart.cafe\\\/blog\\\/2016\\\/04\\\/glutenmentes-repatorta\\\/\"},\"wordCount\":363,\"commentCount\":1,\"image\":{\"@id\":\"https:\\\/\\\/coolinart.cafe\\\/blog\\\/2016\\\/04\\\/glutenmentes-repatorta\\\/#primaryimage\"},\"thumbnailUrl\":\"https:\\\/\\\/coolinart.cafe\\\/blog\\\/wp-content\\\/uploads\\\/2016\\\/03\\\/2016-03-15-15-22-58-768x1024.jpg\",\"keywords\":[\"Glut\u00e9nmentes\",\"K\u00f3kuszliszt\"],\"articleSection\":[\"Desszertek\",\"Receptek\"],\"inLanguage\":\"hu\",\"potentialAction\":[{\"@type\":\"CommentAction\",\"name\":\"Comment\",\"target\":[\"https:\\\/\\\/coolinart.cafe\\\/blog\\\/2016\\\/04\\\/glutenmentes-repatorta\\\/#respond\"]}]},{\"@type\":\"WebPage\",\"@id\":\"https:\\\/\\\/coolinart.cafe\\\/blog\\\/2016\\\/04\\\/glutenmentes-repatorta\\\/\",\"url\":\"https:\\\/\\\/coolinart.cafe\\\/blog\\\/2016\\\/04\\\/glutenmentes-repatorta\\\/\",\"name\":\"Glut\u00e9nmentes r\u00e9patorta - Coolinart.cafe\",\"isPartOf\":{\"@id\":\"https:\\\/\\\/coolinart.cafe\\\/blog\\\/#website\"},\"primaryImageOfPage\":{\"@id\":\"https:\\\/\\\/coolinart.cafe\\\/blog\\\/2016\\\/04\\\/glutenmentes-repatorta\\\/#primaryimage\"},\"image\":{\"@id\":\"https:\\\/\\\/coolinart.cafe\\\/blog\\\/2016\\\/04\\\/glutenmentes-repatorta\\\/#primaryimage\"},\"thumbnailUrl\":\"https:\\\/\\\/coolinart.cafe\\\/blog\\\/wp-content\\\/uploads\\\/2016\\\/03\\\/2016-03-15-15-22-58-768x1024.jpg\",\"datePublished\":\"2016-04-25T17:03:21+00:00\",\"dateModified\":\"2016-06-10T14:10:15+00:00\",\"author\":{\"@id\":\"https:\\\/\\\/coolinart.cafe\\\/blog\\\/#\\\/schema\\\/person\\\/0b9046a8abdce332b3919b077f7376b2\"},\"description\":\"Ez egy igaz\u00e1n egyszer\u0171, 20 perc alatt elk\u00e9sz\u00edthet\u0151 glut\u00e9nmentes r\u00e9patorta recept! Ha ny\u00edrfacukorral k\u00e9sz\u00edtitek, akkor igazi paleolit s\u00fctem\u00e9nyt kaptok!\",\"breadcrumb\":{\"@id\":\"https:\\\/\\\/coolinart.cafe\\\/blog\\\/2016\\\/04\\\/glutenmentes-repatorta\\\/#breadcrumb\"},\"inLanguage\":\"hu\",\"potentialAction\":[{\"@type\":\"ReadAction\",\"target\":[\"https:\\\/\\\/coolinart.cafe\\\/blog\\\/2016\\\/04\\\/glutenmentes-repatorta\\\/\"]}]},{\"@type\":\"ImageObject\",\"inLanguage\":\"hu\",\"@id\":\"https:\\\/\\\/coolinart.cafe\\\/blog\\\/2016\\\/04\\\/glutenmentes-repatorta\\\/#primaryimage\",\"url\":\"https:\\\/\\\/i0.wp.com\\\/coolinart.cafe\\\/blog\\\/wp-content\\\/uploads\\\/2016\\\/03\\\/2016-03-15-15-22-58.jpg?fit=1536%2C2048&ssl=1\",\"contentUrl\":\"https:\\\/\\\/i0.wp.com\\\/coolinart.cafe\\\/blog\\\/wp-content\\\/uploads\\\/2016\\\/03\\\/2016-03-15-15-22-58.jpg?fit=1536%2C2048&ssl=1\",\"width\":1536,\"height\":2048},{\"@type\":\"BreadcrumbList\",\"@id\":\"https:\\\/\\\/coolinart.cafe\\\/blog\\\/2016\\\/04\\\/glutenmentes-repatorta\\\/#breadcrumb\",\"itemListElement\":[{\"@type\":\"ListItem\",\"position\":1,\"name\":\"Home\",\"item\":\"https:\\\/\\\/coolinart.cafe\\\/blog\\\/\"},{\"@type\":\"ListItem\",\"position\":2,\"name\":\"Glut\u00e9nmentes r\u00e9patorta\"}]},{\"@type\":\"WebSite\",\"@id\":\"https:\\\/\\\/coolinart.cafe\\\/blog\\\/#website\",\"url\":\"https:\\\/\\\/coolinart.cafe\\\/blog\\\/\",\"name\":\"Coolinart.cafe\",\"description\":\"\u00e9tel, k\u00e1v\u00e9, kult\u00fara\",\"potentialAction\":[{\"@type\":\"SearchAction\",\"target\":{\"@type\":\"EntryPoint\",\"urlTemplate\":\"https:\\\/\\\/coolinart.cafe\\\/blog\\\/?s={search_term_string}\"},\"query-input\":{\"@type\":\"PropertyValueSpecification\",\"valueRequired\":true,\"valueName\":\"search_term_string\"}}],\"inLanguage\":\"hu\"},{\"@type\":\"Person\",\"@id\":\"https:\\\/\\\/coolinart.cafe\\\/blog\\\/#\\\/schema\\\/person\\\/0b9046a8abdce332b3919b077f7376b2\",\"name\":\"Sulyok Gy\u00f6rgyi\",\"image\":{\"@type\":\"ImageObject\",\"inLanguage\":\"hu\",\"@id\":\"https:\\\/\\\/secure.gravatar.com\\\/avatar\\\/f7d80d7800220762f9cf31559c65e650bdc8299f18bca4e3ffde781c0422539c?s=96&d=mm&r=g\",\"url\":\"https:\\\/\\\/secure.gravatar.com\\\/avatar\\\/f7d80d7800220762f9cf31559c65e650bdc8299f18bca4e3ffde781c0422539c?s=96&d=mm&r=g\",\"contentUrl\":\"https:\\\/\\\/secure.gravatar.com\\\/avatar\\\/f7d80d7800220762f9cf31559c65e650bdc8299f18bca4e3ffde781c0422539c?s=96&d=mm&r=g\",\"caption\":\"Sulyok Gy\u00f6rgyi\"},\"sameAs\":[\"http:\\\/\\\/www.coolinart.cafe\"],\"url\":\"https:\\\/\\\/coolinart.cafe\\\/blog\\\/author\\\/gyorgyi\\\/\"}]}<\/script>\n<!-- \/ Yoast SEO plugin. -->","yoast_head_json":{"title":"Glut\u00e9nmentes r\u00e9patorta - Coolinart.cafe","description":"Ez egy igaz\u00e1n egyszer\u0171, 20 perc alatt elk\u00e9sz\u00edthet\u0151 glut\u00e9nmentes r\u00e9patorta recept! Ha ny\u00edrfacukorral k\u00e9sz\u00edtitek, akkor igazi paleolit s\u00fctem\u00e9nyt kaptok!","robots":{"index":"index","follow":"follow","max-snippet":"max-snippet:-1","max-image-preview":"max-image-preview:large","max-video-preview":"max-video-preview:-1"},"canonical":"https:\/\/coolinart.cafe\/blog\/2016\/04\/glutenmentes-repatorta\/","og_locale":"hu_HU","og_type":"article","og_title":"Glut\u00e9nmentes r\u00e9patorta - Coolinart.cafe","og_description":"Ez egy igaz\u00e1n egyszer\u0171, 20 perc alatt elk\u00e9sz\u00edthet\u0151 glut\u00e9nmentes r\u00e9patorta recept! Ha ny\u00edrfacukorral k\u00e9sz\u00edtitek, akkor igazi paleolit s\u00fctem\u00e9nyt kaptok!","og_url":"https:\/\/coolinart.cafe\/blog\/2016\/04\/glutenmentes-repatorta\/","og_site_name":"Coolinart.cafe","article_publisher":"https:\/\/www.facebook.com\/coolinart.cafe\/","article_published_time":"2016-04-25T17:03:21+00:00","article_modified_time":"2016-06-10T14:10:15+00:00","og_image":[{"width":1203,"height":629,"url":"https:\/\/i2.wp.com\/coolinart.cafe\/blog\/wp-content\/uploads\/2016\/03\/2016-03-15-15-23-22-e1461786694930.jpg?fit=1203%2C629&ssl=1","type":"image\/jpeg"}],"author":"Sulyok Gy\u00f6rgyi","twitter_card":"summary_large_image","twitter_misc":{"Szerz\u0151:":"Sulyok Gy\u00f6rgyi","Becs\u00fclt olvas\u00e1si id\u0151":"2 perc"},"schema":{"@context":"https:\/\/schema.org","@graph":[{"@type":"Article","@id":"https:\/\/coolinart.cafe\/blog\/2016\/04\/glutenmentes-repatorta\/#article","isPartOf":{"@id":"https:\/\/coolinart.cafe\/blog\/2016\/04\/glutenmentes-repatorta\/"},"author":{"name":"Sulyok Gy\u00f6rgyi","@id":"https:\/\/coolinart.cafe\/blog\/#\/schema\/person\/0b9046a8abdce332b3919b077f7376b2"},"headline":"Glut\u00e9nmentes r\u00e9patorta","datePublished":"2016-04-25T17:03:21+00:00","dateModified":"2016-06-10T14:10:15+00:00","mainEntityOfPage":{"@id":"https:\/\/coolinart.cafe\/blog\/2016\/04\/glutenmentes-repatorta\/"},"wordCount":363,"commentCount":1,"image":{"@id":"https:\/\/coolinart.cafe\/blog\/2016\/04\/glutenmentes-repatorta\/#primaryimage"},"thumbnailUrl":"https:\/\/coolinart.cafe\/blog\/wp-content\/uploads\/2016\/03\/2016-03-15-15-22-58-768x1024.jpg","keywords":["Glut\u00e9nmentes","K\u00f3kuszliszt"],"articleSection":["Desszertek","Receptek"],"inLanguage":"hu","potentialAction":[{"@type":"CommentAction","name":"Comment","target":["https:\/\/coolinart.cafe\/blog\/2016\/04\/glutenmentes-repatorta\/#respond"]}]},{"@type":"WebPage","@id":"https:\/\/coolinart.cafe\/blog\/2016\/04\/glutenmentes-repatorta\/","url":"https:\/\/coolinart.cafe\/blog\/2016\/04\/glutenmentes-repatorta\/","name":"Glut\u00e9nmentes r\u00e9patorta - Coolinart.cafe","isPartOf":{"@id":"https:\/\/coolinart.cafe\/blog\/#website"},"primaryImageOfPage":{"@id":"https:\/\/coolinart.cafe\/blog\/2016\/04\/glutenmentes-repatorta\/#primaryimage"},"image":{"@id":"https:\/\/coolinart.cafe\/blog\/2016\/04\/glutenmentes-repatorta\/#primaryimage"},"thumbnailUrl":"https:\/\/coolinart.cafe\/blog\/wp-content\/uploads\/2016\/03\/2016-03-15-15-22-58-768x1024.jpg","datePublished":"2016-04-25T17:03:21+00:00","dateModified":"2016-06-10T14:10:15+00:00","author":{"@id":"https:\/\/coolinart.cafe\/blog\/#\/schema\/person\/0b9046a8abdce332b3919b077f7376b2"},"description":"Ez egy igaz\u00e1n egyszer\u0171, 20 perc alatt elk\u00e9sz\u00edthet\u0151 glut\u00e9nmentes r\u00e9patorta recept! Ha ny\u00edrfacukorral k\u00e9sz\u00edtitek, akkor igazi paleolit s\u00fctem\u00e9nyt kaptok!","breadcrumb":{"@id":"https:\/\/coolinart.cafe\/blog\/2016\/04\/glutenmentes-repatorta\/#breadcrumb"},"inLanguage":"hu","potentialAction":[{"@type":"ReadAction","target":["https:\/\/coolinart.cafe\/blog\/2016\/04\/glutenmentes-repatorta\/"]}]},{"@type":"ImageObject","inLanguage":"hu","@id":"https:\/\/coolinart.cafe\/blog\/2016\/04\/glutenmentes-repatorta\/#primaryimage","url":"https:\/\/i0.wp.com\/coolinart.cafe\/blog\/wp-content\/uploads\/2016\/03\/2016-03-15-15-22-58.jpg?fit=1536%2C2048&ssl=1","contentUrl":"https:\/\/i0.wp.com\/coolinart.cafe\/blog\/wp-content\/uploads\/2016\/03\/2016-03-15-15-22-58.jpg?fit=1536%2C2048&ssl=1","width":1536,"height":2048},{"@type":"BreadcrumbList","@id":"https:\/\/coolinart.cafe\/blog\/2016\/04\/glutenmentes-repatorta\/#breadcrumb","itemListElement":[{"@type":"ListItem","position":1,"name":"Home","item":"https:\/\/coolinart.cafe\/blog\/"},{"@type":"ListItem","position":2,"name":"Glut\u00e9nmentes r\u00e9patorta"}]},{"@type":"WebSite","@id":"https:\/\/coolinart.cafe\/blog\/#website","url":"https:\/\/coolinart.cafe\/blog\/","name":"Coolinart.cafe","description":"\u00e9tel, k\u00e1v\u00e9, kult\u00fara","potentialAction":[{"@type":"SearchAction","target":{"@type":"EntryPoint","urlTemplate":"https:\/\/coolinart.cafe\/blog\/?s={search_term_string}"},"query-input":{"@type":"PropertyValueSpecification","valueRequired":true,"valueName":"search_term_string"}}],"inLanguage":"hu"},{"@type":"Person","@id":"https:\/\/coolinart.cafe\/blog\/#\/schema\/person\/0b9046a8abdce332b3919b077f7376b2","name":"Sulyok Gy\u00f6rgyi","image":{"@type":"ImageObject","inLanguage":"hu","@id":"https:\/\/secure.gravatar.com\/avatar\/f7d80d7800220762f9cf31559c65e650bdc8299f18bca4e3ffde781c0422539c?s=96&d=mm&r=g","url":"https:\/\/secure.gravatar.com\/avatar\/f7d80d7800220762f9cf31559c65e650bdc8299f18bca4e3ffde781c0422539c?s=96&d=mm&r=g","contentUrl":"https:\/\/secure.gravatar.com\/avatar\/f7d80d7800220762f9cf31559c65e650bdc8299f18bca4e3ffde781c0422539c?s=96&d=mm&r=g","caption":"Sulyok Gy\u00f6rgyi"},"sameAs":["http:\/\/www.coolinart.cafe"],"url":"https:\/\/coolinart.cafe\/blog\/author\/gyorgyi\/"}]}},"jetpack_featured_media_url":"","jetpack_sharing_enabled":true,"_links":{"self":[{"href":"https:\/\/coolinart.cafe\/blog\/wp-json\/wp\/v2\/posts\/178","targetHints":{"allow":["GET"]}}],"collection":[{"href":"https:\/\/coolinart.cafe\/blog\/wp-json\/wp\/v2\/posts"}],"about":[{"href":"https:\/\/coolinart.cafe\/blog\/wp-json\/wp\/v2\/types\/post"}],"author":[{"embeddable":true,"href":"https:\/\/coolinart.cafe\/blog\/wp-json\/wp\/v2\/users\/2"}],"replies":[{"embeddable":true,"href":"https:\/\/coolinart.cafe\/blog\/wp-json\/wp\/v2\/comments?post=178"}],"version-history":[{"count":16,"href":"https:\/\/coolinart.cafe\/blog\/wp-json\/wp\/v2\/posts\/178\/revisions"}],"predecessor-version":[{"id":261,"href":"https:\/\/coolinart.cafe\/blog\/wp-json\/wp\/v2\/posts\/178\/revisions\/261"}],"wp:attachment":[{"href":"https:\/\/coolinart.cafe\/blog\/wp-json\/wp\/v2\/media?parent=178"}],"wp:term":[{"taxonomy":"category","embeddable":true,"href":"https:\/\/coolinart.cafe\/blog\/wp-json\/wp\/v2\/categories?post=178"},{"taxonomy":"post_tag","embeddable":true,"href":"https:\/\/coolinart.cafe\/blog\/wp-json\/wp\/v2\/tags?post=178"}],"curies":[{"name":"wp","href":"https:\/\/api.w.org\/{rel}","templated":true}]}}