{"id":1754,"date":"2016-10-18T14:06:58","date_gmt":"2016-10-18T12:06:58","guid":{"rendered":"http:\/\/coolinart.cafe\/blog\/?p=1754"},"modified":"2016-10-18T14:06:58","modified_gmt":"2016-10-18T12:06:58","slug":"kultur-froccs-ujratoltve","status":"publish","type":"post","link":"https:\/\/coolinart.cafe\/blog\/2016\/10\/kultur-froccs-ujratoltve\/","title":{"rendered":"Kult\u00far-fr\u00f6ccs \u00fajrat\u00f6ltve"},"content":{"rendered":"<p style=\"text-align: justify;\">Ism\u00e9t R\u00e1calm\u00e1son t\u00f6lt\u00f6tt\u00fck a szombat est\u00e9t.\u00a0 A <a href=\"https:\/\/jankovichhotel.hu\/hu\/elmenyek-es-programok\/kultur-froccs\">Jankovich K\u00faria Kult\u00far-fr\u00f6ccs program<\/a>j\u00e1nak vend\u00e9ge &#8211; <a href=\"https:\/\/coolinart.cafe\/blog\/2016\/09\/a-racalmasi-kultur-froccs-2\/\">Bihon Gy\u0151z\u0151 ut\u00e1n<\/a> &#8211; P\u00e9terfy Gergely volt. A kit\u00f6m\u00f6tt barb\u00e1r c\u00edm\u0171 reg\u00e9ny\u00e9t 2015 nyar\u00e1n, szinte egy \u00fclt\u0151 helyemben faltam fel a tengerparton. A k\u00f6nyv ugyanebben az \u00e9vben az \u00e9v reg\u00e9nye d\u00edjat is elnyerte, nem v\u00e9letlen\u00fcl. Nagyon \u00f6r\u00fcltem, hogy egy ilyen bens\u0151s\u00e9ges k\u00f6rnyezetben tal\u00e1lkozhattunk, \u00e9s besz\u00e9lgethett\u00fcnk Gergellyel. Mes\u00e9lt nek\u00fcnk a reg\u00e9ny keletkez\u00e9s\u00e9r\u0151l, a kulisszatitkokr\u00f3l, majd a csod\u00e1latos vacsora, finom borok \u00e9s konyak ut\u00e1n, egy hossz\u00fa, \u00e9jszak\u00e1ba ny\u00fal\u00f3 eszmecser\u00e9v\u00e9 &#8222;fajult&#8221; a program.<\/p>\n<p style=\"text-align: justify;\">ngg_shortcode_0_placeholder<\/p>\n<p style=\"text-align: justify;\"><!--more-->Persze, azt is meg kell, hogy valljam, hogy nemcsak az \u00edr\u00f3 szem\u00e9lye vonzott R\u00e1calm\u00e1sra \u00fajb\u00f3l, hanem Ruprecht L\u00e1szl\u00f3 kreat\u00edv s\u00e9f csod\u00e1latos remekm\u0171vei is. Ahogy minden egyes <a href=\"https:\/\/jankovichhotel.hu\/hu\/elmenyek-es-programok\/kultur-froccs\">Kult\u00far-fr\u00f6ccs<\/a> alkalm\u00e1val ez lenni szokott, a s\u00e9f Gergely k\u00f6nyve kapcs\u00e1n is belesz\u0151tte szem\u00e9lyes gondolatait az egyes fog\u00e1sokba, \u00e9s osztotta meg vel\u00fcnk azokat \u00edr\u00e1sban, a men\u00fck\u00e1rty\u00e1n is.<\/p>\n<p style=\"text-align: justify;\"><a class=\"nggobasic-fancybox\" title=\"Fogas pofa kukoric\u00e1val, kapros birsalm\u00e1val\" href=\"https:\/\/i0.wp.com\/coolinart.cafe\/blog\/wp-content\/gallery\/peterfy\/20161015_204805.jpg?ssl=1\" class=\"gallery_colorbox\" rel=\"\" data-image-id=\"38\" data-src=\"https:\/\/coolinart.cafe\/blog\/wp-content\/gallery\/peterfy\/20161015_204805.jpg\" data-thumbnail=\"https:\/\/coolinart.cafe\/blog\/wp-content\/gallery\/peterfy\/thumbs\/thumbs_20161015_204805.jpg\" data-lightbox=\"gal[1754]\" data-title=\"20161015_204805\" data-description=\"Fogas pofa kukoric\u00e1val, kapros birsalm\u00e1val\"><img data-recalc-dims=\"1\" decoding=\"async\" class=\"ngg-singlepic ngg-left lazyload\" data-src=\"https:\/\/i0.wp.com\/coolinart.cafe\/blog\/wp-content\/gallery\/peterfy\/thumbs\/thumbs_20161015_204805.jpg?w=665&#038;ssl=1\"  alt=\"20161015_204805\" src=\"data:image\/svg+xml;base64,PHN2ZyB3aWR0aD0iMSIgaGVpZ2h0PSIxIiB4bWxucz0iaHR0cDovL3d3dy53My5vcmcvMjAwMC9zdmciPjwvc3ZnPg==\" \/><\/a><a class=\"nggobasic-fancybox\" title=\"Gondolatok az el\u0151\u00e9telhez\" href=\"https:\/\/i0.wp.com\/coolinart.cafe\/blog\/wp-content\/gallery\/peterfy\/Blog20161017_144006.jpg?ssl=1\" class=\"gallery_colorbox\" rel=\"\" data-image-id=\"41\" data-src=\"https:\/\/coolinart.cafe\/blog\/wp-content\/gallery\/peterfy\/Blog20161017_144006.jpg\" data-thumbnail=\"https:\/\/coolinart.cafe\/blog\/wp-content\/gallery\/peterfy\/thumbs\/thumbs_Blog20161017_144006.jpg\" data-lightbox=\"gal[1754]\" data-title=\"Blog20161017_144006\" data-description=\"Gondolatok az el\u0151\u00e9telhez\"><img data-recalc-dims=\"1\" decoding=\"async\" class=\"ngg-singlepic ngg-right lazyload\" data-src=\"https:\/\/i0.wp.com\/coolinart.cafe\/blog\/wp-content\/gallery\/peterfy\/thumbs\/thumbs_Blog20161017_144006.jpg?w=665&#038;ssl=1\"  alt=\"Blog20161017_144006\" src=\"data:image\/svg+xml;base64,PHN2ZyB3aWR0aD0iMSIgaGVpZ2h0PSIxIiB4bWxucz0iaHR0cDovL3d3dy53My5vcmcvMjAwMC9zdmciPjwvc3ZnPg==\" \/><\/a><\/p>\n<p style=\"text-align: justify;\">Az el\u0151\u00e9tel: fogas pofa kukoric\u00e1val, kapros birsalm\u00e1val. Gy\u00f6ny\u00f6r\u0171 t\u00e1ny\u00e9r \u00e9rkezett, nagyon finom \u00edzekkel. Azt m\u00e1r tudtam, hogy a borj\u00fa- \u00e9s marhapofa a legjobb h\u00fasok egyike, de a halak kapcs\u00e1n is csak szuperlat\u00edvuszokban lehet err\u0151l besz\u00e9lni. K\u00eds\u00e9r\u0151nek Nyakas Pince 2015-\u00f6s Irsai Oliv\u00e9rj\u00e9t kaptuk.<\/p>\n<p style=\"text-align: justify;\"><a class=\"nggobasic-fancybox\" title=\"Borj\u00facomb Kazinczy m\u00f3dra r\u00e1ntott sert\u00e9sl\u00e1bbal, forr\u00e1zott sal\u00e1t\u00e1val\" href=\"https:\/\/i0.wp.com\/coolinart.cafe\/blog\/wp-content\/gallery\/peterfy\/20161015_211806.jpg?ssl=1\" class=\"gallery_colorbox\" rel=\"\" data-image-id=\"39\" data-src=\"https:\/\/coolinart.cafe\/blog\/wp-content\/gallery\/peterfy\/20161015_211806.jpg\" data-thumbnail=\"https:\/\/coolinart.cafe\/blog\/wp-content\/gallery\/peterfy\/thumbs\/thumbs_20161015_211806.jpg\" data-lightbox=\"gal[1754]\" data-title=\"20161015_211806\" data-description=\"Borj\u00facomb Kazinczy m\u00f3dra r\u00e1ntott sert\u00e9sl\u00e1bbal, forr\u00e1zott sal\u00e1t\u00e1val\"><img data-recalc-dims=\"1\" decoding=\"async\" class=\"ngg-singlepic ngg-left lazyload\" data-src=\"https:\/\/i0.wp.com\/coolinart.cafe\/blog\/wp-content\/gallery\/peterfy\/thumbs\/thumbs_20161015_211806.jpg?w=665&#038;ssl=1\"  alt=\"20161015_211806\" src=\"data:image\/svg+xml;base64,PHN2ZyB3aWR0aD0iMSIgaGVpZ2h0PSIxIiB4bWxucz0iaHR0cDovL3d3dy53My5vcmcvMjAwMC9zdmciPjwvc3ZnPg==\" \/><\/a><a class=\"nggobasic-fancybox\" title=\"Gondolatok a f\u0151\u00e9telhez\" href=\"https:\/\/i0.wp.com\/coolinart.cafe\/blog\/wp-content\/gallery\/peterfy\/Blog20161017_144017.jpg?ssl=1\" class=\"gallery_colorbox\" rel=\"\" data-image-id=\"42\" data-src=\"https:\/\/coolinart.cafe\/blog\/wp-content\/gallery\/peterfy\/Blog20161017_144017.jpg\" data-thumbnail=\"https:\/\/coolinart.cafe\/blog\/wp-content\/gallery\/peterfy\/thumbs\/thumbs_Blog20161017_144017.jpg\" data-lightbox=\"gal[1754]\" data-title=\"Blog20161017_144017\" data-description=\"Gondolatok a f\u0151\u00e9telhez\"><img data-recalc-dims=\"1\" decoding=\"async\" class=\"ngg-singlepic ngg-right lazyload\" data-src=\"https:\/\/i0.wp.com\/coolinart.cafe\/blog\/wp-content\/gallery\/peterfy\/thumbs\/thumbs_Blog20161017_144017.jpg?w=665&#038;ssl=1\"  alt=\"Blog20161017_144017\" src=\"data:image\/svg+xml;base64,PHN2ZyB3aWR0aD0iMSIgaGVpZ2h0PSIxIiB4bWxucz0iaHR0cDovL3d3dy53My5vcmcvMjAwMC9zdmciPjwvc3ZnPg==\" \/><\/a><\/p>\n<p style=\"text-align: justify;\">A f\u0151\u00e9tel: borj\u00facomb Kazinczy Ferenc m\u00f3dra r\u00e1ntott sert\u00e9sl\u00e1bbal, konyakos csics\u00f3k\u00e1val, forr\u00e1zott sal\u00e1t\u00e1val. A t\u00e1ny\u00e9ron egyszerre volt jelen a nemesebb \u00e9rt\u00e9ket k\u00e9pvisel\u0151 borj\u00fa, az alantasabb sert\u00e9ssel. \u00c9s ugyan\u00edgy a csics\u00f3ka a konyakkal p\u00e1ros\u00edtva is mag\u00e1ban hordozta ezt a kett\u0151ss\u00e9get.\u00a0 Ahogy a reg\u00e9nyben is jelen van k\u00e9t szellemi szint. Azonban Ruprecht L\u00e1szl\u00f3 a t\u00e1ny\u00e9runkra a kev\u00e9sb\u00e9 \u00e9rt\u00e9kes alapanyagb\u00f3l is fels\u0151bbrend\u0171 min\u0151s\u00e9get var\u00e1zsolt. Sauska Roz\u00e9val \u00f6bl\u00edtett\u00fck. Az \u00f6sszhat\u00e1s pazar.<\/p>\n<p style=\"text-align: justify;\"><a class=\"nggobasic-fancybox\" title=\"Fekete-feh\u00e9r\" href=\"https:\/\/i0.wp.com\/coolinart.cafe\/blog\/wp-content\/gallery\/peterfy\/20161015_213734.jpg?ssl=1\" class=\"gallery_colorbox\" rel=\"\" data-image-id=\"40\" data-src=\"https:\/\/coolinart.cafe\/blog\/wp-content\/gallery\/peterfy\/20161015_213734.jpg\" data-thumbnail=\"https:\/\/coolinart.cafe\/blog\/wp-content\/gallery\/peterfy\/thumbs\/thumbs_20161015_213734.jpg\" data-lightbox=\"gal[1754]\" data-title=\"20161015_213734\" data-description=\"Fekete-feh\u00e9r\"><img data-recalc-dims=\"1\" decoding=\"async\" class=\"ngg-singlepic ngg-left lazyload\" data-src=\"https:\/\/i0.wp.com\/coolinart.cafe\/blog\/wp-content\/gallery\/peterfy\/thumbs\/thumbs_20161015_213734.jpg?w=665&#038;ssl=1\"  alt=\"20161015_213734\" src=\"data:image\/svg+xml;base64,PHN2ZyB3aWR0aD0iMSIgaGVpZ2h0PSIxIiB4bWxucz0iaHR0cDovL3d3dy53My5vcmcvMjAwMC9zdmciPjwvc3ZnPg==\" \/><\/a><a class=\"nggobasic-fancybox\" title=\"Gondolatok a desszerthez\" href=\"https:\/\/i0.wp.com\/coolinart.cafe\/blog\/wp-content\/gallery\/peterfy\/Blog20161017_144038.jpg?ssl=1\" class=\"gallery_colorbox\" rel=\"\" data-image-id=\"43\" data-src=\"https:\/\/coolinart.cafe\/blog\/wp-content\/gallery\/peterfy\/Blog20161017_144038.jpg\" data-thumbnail=\"https:\/\/coolinart.cafe\/blog\/wp-content\/gallery\/peterfy\/thumbs\/thumbs_Blog20161017_144038.jpg\" data-lightbox=\"gal[1754]\" data-title=\"Blog20161017_144038\" data-description=\"Gondolatok a desszerthez\"><img data-recalc-dims=\"1\" decoding=\"async\" class=\"ngg-singlepic ngg-right lazyload\" data-src=\"https:\/\/i0.wp.com\/coolinart.cafe\/blog\/wp-content\/gallery\/peterfy\/thumbs\/thumbs_Blog20161017_144038.jpg?w=665&#038;ssl=1\"  alt=\"Blog20161017_144038\" src=\"data:image\/svg+xml;base64,PHN2ZyB3aWR0aD0iMSIgaGVpZ2h0PSIxIiB4bWxucz0iaHR0cDovL3d3dy53My5vcmcvMjAwMC9zdmciPjwvc3ZnPg==\" \/><\/a><\/p>\n<p style=\"text-align: justify;\">\u00c9s j\u00f6tt a desszert: fekete-feh\u00e9r. Soliman-Kazinczy. Mintha r\u00e9gi id\u0151k n\u00e9gercs\u00f3kja ker\u00fclt volna el\u00e9nk. De nem. K\u00f6ze nem volt hozz\u00e1. H\u00e1l&#8217; Isten! Mennyei sajtszufl\u00e9, kis birsalm\u00e1val, hecsedli p\u00f6tty\u00f6kkel. Mell\u00e9 Francois Voyer VSOP.<\/p>\n<p style=\"text-align: justify;\">Csak ism\u00e9telni tudom magamat: k\u00f6sz\u00f6n\u00f6m az \u00e9lm\u00e9nyt! Az egyik legjobb ami egy emberrel t\u00f6rt\u00e9nhet, hogy j\u00f3 t\u00e1rsas\u00e1gban, finom \u00e9telek \u00e9s italok mellett j\u00f3t besz\u00e9lget, \u00e9s felt\u00f6lt\u0151dve t\u00e1vozik.<\/p>\n<p>&nbsp;<\/p>\n","protected":false},"excerpt":{"rendered":"<p>Ism\u00e9t R\u00e1calm\u00e1son t\u00f6lt\u00f6tt\u00fck a szombat est\u00e9t.\u00a0 A Jankovich K\u00faria Kult\u00far-fr\u00f6ccs programj\u00e1nak vend\u00e9ge &#8211; Bihon Gy\u0151z\u0151 ut\u00e1n &#8211; P\u00e9terfy Gergely volt. A kit\u00f6m\u00f6tt barb\u00e1r c\u00edm\u0171 reg\u00e9ny\u00e9t 2015 nyar\u00e1n, szinte egy \u00fclt\u0151 helyemben faltam fel a tengerparton. A k\u00f6nyv ugyanebben az \u00e9vben az \u00e9v reg\u00e9nye d\u00edjat is elnyerte, nem v\u00e9letlen\u00fcl. Nagyon \u00f6r\u00fcltem, hogy egy ilyen bens\u0151s\u00e9ges k\u00f6rnyezetben [&hellip;]<\/p>\n","protected":false},"author":2,"featured_media":0,"comment_status":"open","ping_status":"open","sticky":false,"template":"","format":"standard","meta":{"ngg_post_thumbnail":0,"_jetpack_memberships_contains_paid_content":false,"footnotes":""},"categories":[4],"tags":[91,113,100],"class_list":["post-1754","post","type-post","status-publish","format-standard","hentry","category-utazas","tag-etterem-kritika","tag-kultur-froccs","tag-kultura"],"yoast_head":"<!-- This site is optimized with the Yoast SEO plugin v27.4 - https:\/\/yoast.com\/product\/yoast-seo-wordpress\/ -->\n<title>Kult\u00far-fr\u00f6ccs \u00fajrat\u00f6ltve - Coolinart.cafe<\/title>\n<meta name=\"description\" content=\"Kult\u00far-fr\u00f6ccs volt P\u00e9terfy Gergellyel R\u00e1calm\u00e1son. Nagyon j\u00f3 kis kult\u00far-gasztro program a Jankovich K\u00fari\u00e1ban minden h\u00f3nap m\u00e1sodik szombatj\u00e1n! Pr\u00f3b\u00e1lj\u00e1tok ki!\" \/>\n<meta name=\"robots\" content=\"index, follow, max-snippet:-1, max-image-preview:large, max-video-preview:-1\" \/>\n<link rel=\"canonical\" href=\"https:\/\/coolinart.cafe\/blog\/2016\/10\/kultur-froccs-ujratoltve\/\" \/>\n<meta property=\"og:locale\" content=\"hu_HU\" \/>\n<meta property=\"og:type\" content=\"article\" \/>\n<meta property=\"og:title\" content=\"Kult\u00far-fr\u00f6ccs \u00fajrat\u00f6ltve - Coolinart.cafe\" \/>\n<meta property=\"og:description\" content=\"Kult\u00far-fr\u00f6ccs volt P\u00e9terfy Gergellyel R\u00e1calm\u00e1son. Nagyon j\u00f3 kis kult\u00far-gasztro program a Jankovich K\u00fari\u00e1ban minden h\u00f3nap m\u00e1sodik szombatj\u00e1n! Pr\u00f3b\u00e1lj\u00e1tok ki!\" \/>\n<meta property=\"og:url\" content=\"https:\/\/coolinart.cafe\/blog\/2016\/10\/kultur-froccs-ujratoltve\/\" \/>\n<meta property=\"og:site_name\" content=\"Coolinart.cafe\" \/>\n<meta property=\"article:publisher\" content=\"https:\/\/www.facebook.com\/coolinart.cafe\/\" \/>\n<meta property=\"article:published_time\" content=\"2016-10-18T12:06:58+00:00\" \/>\n<meta property=\"og:image\" content=\"https:\/\/i0.wp.com\/coolinart.cafe\/blog\/wp-content\/uploads\/2016\/10\/FB14753783_1219116198152311_8773746087851486032_o.jpg?fit=1200%2C631&ssl=1\" \/>\n\t<meta property=\"og:image:width\" content=\"1200\" \/>\n\t<meta property=\"og:image:height\" content=\"631\" \/>\n\t<meta property=\"og:image:type\" content=\"image\/jpeg\" \/>\n<meta name=\"author\" content=\"Sulyok Gy\u00f6rgyi\" \/>\n<meta name=\"twitter:card\" content=\"summary_large_image\" \/>\n<meta name=\"twitter:label1\" content=\"Szerz\u0151:\" \/>\n\t<meta name=\"twitter:data1\" content=\"Sulyok Gy\u00f6rgyi\" \/>\n\t<meta name=\"twitter:label2\" content=\"Becs\u00fclt olvas\u00e1si id\u0151\" \/>\n\t<meta name=\"twitter:data2\" content=\"2 perc\" \/>\n<script type=\"application\/ld+json\" class=\"yoast-schema-graph\">{\"@context\":\"https:\\\/\\\/schema.org\",\"@graph\":[{\"@type\":\"Article\",\"@id\":\"https:\\\/\\\/coolinart.cafe\\\/blog\\\/2016\\\/10\\\/kultur-froccs-ujratoltve\\\/#article\",\"isPartOf\":{\"@id\":\"https:\\\/\\\/coolinart.cafe\\\/blog\\\/2016\\\/10\\\/kultur-froccs-ujratoltve\\\/\"},\"author\":{\"name\":\"Sulyok Gy\u00f6rgyi\",\"@id\":\"https:\\\/\\\/coolinart.cafe\\\/blog\\\/#\\\/schema\\\/person\\\/0b9046a8abdce332b3919b077f7376b2\"},\"headline\":\"Kult\u00far-fr\u00f6ccs \u00fajrat\u00f6ltve\",\"datePublished\":\"2016-10-18T12:06:58+00:00\",\"mainEntityOfPage\":{\"@id\":\"https:\\\/\\\/coolinart.cafe\\\/blog\\\/2016\\\/10\\\/kultur-froccs-ujratoltve\\\/\"},\"wordCount\":467,\"commentCount\":0,\"image\":{\"@id\":\"https:\\\/\\\/coolinart.cafe\\\/blog\\\/2016\\\/10\\\/kultur-froccs-ujratoltve\\\/#primaryimage\"},\"thumbnailUrl\":\"https:\\\/\\\/coolinart.cafe\\\/blog\\\/wp-content\\\/gallery\\\/peterfy\\\/thumbs\\\/thumbs_20161015_204805.jpg\",\"keywords\":[\"\u00c9tterem kritika\",\"Kult\u00far-fr\u00f6ccs\",\"Kult\u00fara\"],\"articleSection\":[\"Utaz\u00e1s, \u00c9lm\u00e9ny\"],\"inLanguage\":\"hu\",\"potentialAction\":[{\"@type\":\"CommentAction\",\"name\":\"Comment\",\"target\":[\"https:\\\/\\\/coolinart.cafe\\\/blog\\\/2016\\\/10\\\/kultur-froccs-ujratoltve\\\/#respond\"]}]},{\"@type\":\"WebPage\",\"@id\":\"https:\\\/\\\/coolinart.cafe\\\/blog\\\/2016\\\/10\\\/kultur-froccs-ujratoltve\\\/\",\"url\":\"https:\\\/\\\/coolinart.cafe\\\/blog\\\/2016\\\/10\\\/kultur-froccs-ujratoltve\\\/\",\"name\":\"Kult\u00far-fr\u00f6ccs \u00fajrat\u00f6ltve - Coolinart.cafe\",\"isPartOf\":{\"@id\":\"https:\\\/\\\/coolinart.cafe\\\/blog\\\/#website\"},\"primaryImageOfPage\":{\"@id\":\"https:\\\/\\\/coolinart.cafe\\\/blog\\\/2016\\\/10\\\/kultur-froccs-ujratoltve\\\/#primaryimage\"},\"image\":{\"@id\":\"https:\\\/\\\/coolinart.cafe\\\/blog\\\/2016\\\/10\\\/kultur-froccs-ujratoltve\\\/#primaryimage\"},\"thumbnailUrl\":\"https:\\\/\\\/coolinart.cafe\\\/blog\\\/wp-content\\\/gallery\\\/peterfy\\\/thumbs\\\/thumbs_20161015_204805.jpg\",\"datePublished\":\"2016-10-18T12:06:58+00:00\",\"author\":{\"@id\":\"https:\\\/\\\/coolinart.cafe\\\/blog\\\/#\\\/schema\\\/person\\\/0b9046a8abdce332b3919b077f7376b2\"},\"description\":\"Kult\u00far-fr\u00f6ccs volt P\u00e9terfy Gergellyel R\u00e1calm\u00e1son. Nagyon j\u00f3 kis kult\u00far-gasztro program a Jankovich K\u00fari\u00e1ban minden h\u00f3nap m\u00e1sodik szombatj\u00e1n! Pr\u00f3b\u00e1lj\u00e1tok ki!\",\"breadcrumb\":{\"@id\":\"https:\\\/\\\/coolinart.cafe\\\/blog\\\/2016\\\/10\\\/kultur-froccs-ujratoltve\\\/#breadcrumb\"},\"inLanguage\":\"hu\",\"potentialAction\":[{\"@type\":\"ReadAction\",\"target\":[\"https:\\\/\\\/coolinart.cafe\\\/blog\\\/2016\\\/10\\\/kultur-froccs-ujratoltve\\\/\"]}]},{\"@type\":\"ImageObject\",\"inLanguage\":\"hu\",\"@id\":\"https:\\\/\\\/coolinart.cafe\\\/blog\\\/2016\\\/10\\\/kultur-froccs-ujratoltve\\\/#primaryimage\",\"url\":\"https:\\\/\\\/coolinart.cafe\\\/blog\\\/wp-content\\\/gallery\\\/peterfy\\\/thumbs\\\/thumbs_20161015_204805.jpg\",\"contentUrl\":\"https:\\\/\\\/coolinart.cafe\\\/blog\\\/wp-content\\\/gallery\\\/peterfy\\\/thumbs\\\/thumbs_20161015_204805.jpg\"},{\"@type\":\"BreadcrumbList\",\"@id\":\"https:\\\/\\\/coolinart.cafe\\\/blog\\\/2016\\\/10\\\/kultur-froccs-ujratoltve\\\/#breadcrumb\",\"itemListElement\":[{\"@type\":\"ListItem\",\"position\":1,\"name\":\"Home\",\"item\":\"https:\\\/\\\/coolinart.cafe\\\/blog\\\/\"},{\"@type\":\"ListItem\",\"position\":2,\"name\":\"Kult\u00far-fr\u00f6ccs \u00fajrat\u00f6ltve\"}]},{\"@type\":\"WebSite\",\"@id\":\"https:\\\/\\\/coolinart.cafe\\\/blog\\\/#website\",\"url\":\"https:\\\/\\\/coolinart.cafe\\\/blog\\\/\",\"name\":\"Coolinart.cafe\",\"description\":\"\u00e9tel, k\u00e1v\u00e9, kult\u00fara\",\"potentialAction\":[{\"@type\":\"SearchAction\",\"target\":{\"@type\":\"EntryPoint\",\"urlTemplate\":\"https:\\\/\\\/coolinart.cafe\\\/blog\\\/?s={search_term_string}\"},\"query-input\":{\"@type\":\"PropertyValueSpecification\",\"valueRequired\":true,\"valueName\":\"search_term_string\"}}],\"inLanguage\":\"hu\"},{\"@type\":\"Person\",\"@id\":\"https:\\\/\\\/coolinart.cafe\\\/blog\\\/#\\\/schema\\\/person\\\/0b9046a8abdce332b3919b077f7376b2\",\"name\":\"Sulyok Gy\u00f6rgyi\",\"image\":{\"@type\":\"ImageObject\",\"inLanguage\":\"hu\",\"@id\":\"https:\\\/\\\/secure.gravatar.com\\\/avatar\\\/f7d80d7800220762f9cf31559c65e650bdc8299f18bca4e3ffde781c0422539c?s=96&d=mm&r=g\",\"url\":\"https:\\\/\\\/secure.gravatar.com\\\/avatar\\\/f7d80d7800220762f9cf31559c65e650bdc8299f18bca4e3ffde781c0422539c?s=96&d=mm&r=g\",\"contentUrl\":\"https:\\\/\\\/secure.gravatar.com\\\/avatar\\\/f7d80d7800220762f9cf31559c65e650bdc8299f18bca4e3ffde781c0422539c?s=96&d=mm&r=g\",\"caption\":\"Sulyok Gy\u00f6rgyi\"},\"sameAs\":[\"http:\\\/\\\/www.coolinart.cafe\"],\"url\":\"https:\\\/\\\/coolinart.cafe\\\/blog\\\/author\\\/gyorgyi\\\/\"}]}<\/script>\n<!-- \/ Yoast SEO plugin. -->","yoast_head_json":{"title":"Kult\u00far-fr\u00f6ccs \u00fajrat\u00f6ltve - Coolinart.cafe","description":"Kult\u00far-fr\u00f6ccs volt P\u00e9terfy Gergellyel R\u00e1calm\u00e1son. Nagyon j\u00f3 kis kult\u00far-gasztro program a Jankovich K\u00fari\u00e1ban minden h\u00f3nap m\u00e1sodik szombatj\u00e1n! Pr\u00f3b\u00e1lj\u00e1tok ki!","robots":{"index":"index","follow":"follow","max-snippet":"max-snippet:-1","max-image-preview":"max-image-preview:large","max-video-preview":"max-video-preview:-1"},"canonical":"https:\/\/coolinart.cafe\/blog\/2016\/10\/kultur-froccs-ujratoltve\/","og_locale":"hu_HU","og_type":"article","og_title":"Kult\u00far-fr\u00f6ccs \u00fajrat\u00f6ltve - Coolinart.cafe","og_description":"Kult\u00far-fr\u00f6ccs volt P\u00e9terfy Gergellyel R\u00e1calm\u00e1son. Nagyon j\u00f3 kis kult\u00far-gasztro program a Jankovich K\u00fari\u00e1ban minden h\u00f3nap m\u00e1sodik szombatj\u00e1n! Pr\u00f3b\u00e1lj\u00e1tok ki!","og_url":"https:\/\/coolinart.cafe\/blog\/2016\/10\/kultur-froccs-ujratoltve\/","og_site_name":"Coolinart.cafe","article_publisher":"https:\/\/www.facebook.com\/coolinart.cafe\/","article_published_time":"2016-10-18T12:06:58+00:00","og_image":[{"width":1200,"height":631,"url":"https:\/\/i0.wp.com\/coolinart.cafe\/blog\/wp-content\/uploads\/2016\/10\/FB14753783_1219116198152311_8773746087851486032_o.jpg?fit=1200%2C631&ssl=1","type":"image\/jpeg"}],"author":"Sulyok Gy\u00f6rgyi","twitter_card":"summary_large_image","twitter_misc":{"Szerz\u0151:":"Sulyok Gy\u00f6rgyi","Becs\u00fclt olvas\u00e1si id\u0151":"2 perc"},"schema":{"@context":"https:\/\/schema.org","@graph":[{"@type":"Article","@id":"https:\/\/coolinart.cafe\/blog\/2016\/10\/kultur-froccs-ujratoltve\/#article","isPartOf":{"@id":"https:\/\/coolinart.cafe\/blog\/2016\/10\/kultur-froccs-ujratoltve\/"},"author":{"name":"Sulyok Gy\u00f6rgyi","@id":"https:\/\/coolinart.cafe\/blog\/#\/schema\/person\/0b9046a8abdce332b3919b077f7376b2"},"headline":"Kult\u00far-fr\u00f6ccs \u00fajrat\u00f6ltve","datePublished":"2016-10-18T12:06:58+00:00","mainEntityOfPage":{"@id":"https:\/\/coolinart.cafe\/blog\/2016\/10\/kultur-froccs-ujratoltve\/"},"wordCount":467,"commentCount":0,"image":{"@id":"https:\/\/coolinart.cafe\/blog\/2016\/10\/kultur-froccs-ujratoltve\/#primaryimage"},"thumbnailUrl":"https:\/\/coolinart.cafe\/blog\/wp-content\/gallery\/peterfy\/thumbs\/thumbs_20161015_204805.jpg","keywords":["\u00c9tterem kritika","Kult\u00far-fr\u00f6ccs","Kult\u00fara"],"articleSection":["Utaz\u00e1s, \u00c9lm\u00e9ny"],"inLanguage":"hu","potentialAction":[{"@type":"CommentAction","name":"Comment","target":["https:\/\/coolinart.cafe\/blog\/2016\/10\/kultur-froccs-ujratoltve\/#respond"]}]},{"@type":"WebPage","@id":"https:\/\/coolinart.cafe\/blog\/2016\/10\/kultur-froccs-ujratoltve\/","url":"https:\/\/coolinart.cafe\/blog\/2016\/10\/kultur-froccs-ujratoltve\/","name":"Kult\u00far-fr\u00f6ccs \u00fajrat\u00f6ltve - Coolinart.cafe","isPartOf":{"@id":"https:\/\/coolinart.cafe\/blog\/#website"},"primaryImageOfPage":{"@id":"https:\/\/coolinart.cafe\/blog\/2016\/10\/kultur-froccs-ujratoltve\/#primaryimage"},"image":{"@id":"https:\/\/coolinart.cafe\/blog\/2016\/10\/kultur-froccs-ujratoltve\/#primaryimage"},"thumbnailUrl":"https:\/\/coolinart.cafe\/blog\/wp-content\/gallery\/peterfy\/thumbs\/thumbs_20161015_204805.jpg","datePublished":"2016-10-18T12:06:58+00:00","author":{"@id":"https:\/\/coolinart.cafe\/blog\/#\/schema\/person\/0b9046a8abdce332b3919b077f7376b2"},"description":"Kult\u00far-fr\u00f6ccs volt P\u00e9terfy Gergellyel R\u00e1calm\u00e1son. Nagyon j\u00f3 kis kult\u00far-gasztro program a Jankovich K\u00fari\u00e1ban minden h\u00f3nap m\u00e1sodik szombatj\u00e1n! Pr\u00f3b\u00e1lj\u00e1tok ki!","breadcrumb":{"@id":"https:\/\/coolinart.cafe\/blog\/2016\/10\/kultur-froccs-ujratoltve\/#breadcrumb"},"inLanguage":"hu","potentialAction":[{"@type":"ReadAction","target":["https:\/\/coolinart.cafe\/blog\/2016\/10\/kultur-froccs-ujratoltve\/"]}]},{"@type":"ImageObject","inLanguage":"hu","@id":"https:\/\/coolinart.cafe\/blog\/2016\/10\/kultur-froccs-ujratoltve\/#primaryimage","url":"https:\/\/coolinart.cafe\/blog\/wp-content\/gallery\/peterfy\/thumbs\/thumbs_20161015_204805.jpg","contentUrl":"https:\/\/coolinart.cafe\/blog\/wp-content\/gallery\/peterfy\/thumbs\/thumbs_20161015_204805.jpg"},{"@type":"BreadcrumbList","@id":"https:\/\/coolinart.cafe\/blog\/2016\/10\/kultur-froccs-ujratoltve\/#breadcrumb","itemListElement":[{"@type":"ListItem","position":1,"name":"Home","item":"https:\/\/coolinart.cafe\/blog\/"},{"@type":"ListItem","position":2,"name":"Kult\u00far-fr\u00f6ccs \u00fajrat\u00f6ltve"}]},{"@type":"WebSite","@id":"https:\/\/coolinart.cafe\/blog\/#website","url":"https:\/\/coolinart.cafe\/blog\/","name":"Coolinart.cafe","description":"\u00e9tel, k\u00e1v\u00e9, kult\u00fara","potentialAction":[{"@type":"SearchAction","target":{"@type":"EntryPoint","urlTemplate":"https:\/\/coolinart.cafe\/blog\/?s={search_term_string}"},"query-input":{"@type":"PropertyValueSpecification","valueRequired":true,"valueName":"search_term_string"}}],"inLanguage":"hu"},{"@type":"Person","@id":"https:\/\/coolinart.cafe\/blog\/#\/schema\/person\/0b9046a8abdce332b3919b077f7376b2","name":"Sulyok Gy\u00f6rgyi","image":{"@type":"ImageObject","inLanguage":"hu","@id":"https:\/\/secure.gravatar.com\/avatar\/f7d80d7800220762f9cf31559c65e650bdc8299f18bca4e3ffde781c0422539c?s=96&d=mm&r=g","url":"https:\/\/secure.gravatar.com\/avatar\/f7d80d7800220762f9cf31559c65e650bdc8299f18bca4e3ffde781c0422539c?s=96&d=mm&r=g","contentUrl":"https:\/\/secure.gravatar.com\/avatar\/f7d80d7800220762f9cf31559c65e650bdc8299f18bca4e3ffde781c0422539c?s=96&d=mm&r=g","caption":"Sulyok Gy\u00f6rgyi"},"sameAs":["http:\/\/www.coolinart.cafe"],"url":"https:\/\/coolinart.cafe\/blog\/author\/gyorgyi\/"}]}},"jetpack_featured_media_url":"","jetpack_sharing_enabled":true,"_links":{"self":[{"href":"https:\/\/coolinart.cafe\/blog\/wp-json\/wp\/v2\/posts\/1754","targetHints":{"allow":["GET"]}}],"collection":[{"href":"https:\/\/coolinart.cafe\/blog\/wp-json\/wp\/v2\/posts"}],"about":[{"href":"https:\/\/coolinart.cafe\/blog\/wp-json\/wp\/v2\/types\/post"}],"author":[{"embeddable":true,"href":"https:\/\/coolinart.cafe\/blog\/wp-json\/wp\/v2\/users\/2"}],"replies":[{"embeddable":true,"href":"https:\/\/coolinart.cafe\/blog\/wp-json\/wp\/v2\/comments?post=1754"}],"version-history":[{"count":16,"href":"https:\/\/coolinart.cafe\/blog\/wp-json\/wp\/v2\/posts\/1754\/revisions"}],"predecessor-version":[{"id":1790,"href":"https:\/\/coolinart.cafe\/blog\/wp-json\/wp\/v2\/posts\/1754\/revisions\/1790"}],"wp:attachment":[{"href":"https:\/\/coolinart.cafe\/blog\/wp-json\/wp\/v2\/media?parent=1754"}],"wp:term":[{"taxonomy":"category","embeddable":true,"href":"https:\/\/coolinart.cafe\/blog\/wp-json\/wp\/v2\/categories?post=1754"},{"taxonomy":"post_tag","embeddable":true,"href":"https:\/\/coolinart.cafe\/blog\/wp-json\/wp\/v2\/tags?post=1754"}],"curies":[{"name":"wp","href":"https:\/\/api.w.org\/{rel}","templated":true}]}}