{"id":1571,"date":"2016-09-19T17:58:10","date_gmt":"2016-09-19T15:58:10","guid":{"rendered":"http:\/\/coolinart.cafe\/blog\/?p=1571"},"modified":"2016-09-19T20:28:41","modified_gmt":"2016-09-19T18:28:41","slug":"a-racalmasi-kultur-froccs-2","status":"publish","type":"post","link":"https:\/\/coolinart.cafe\/blog\/2016\/09\/a-racalmasi-kultur-froccs-2\/","title":{"rendered":"A r\u00e1calm\u00e1si Kult\u00far-fr\u00f6ccs"},"content":{"rendered":"<p style=\"text-align: justify;\">A h\u00e9tv\u00e9g\u00e9n ism\u00e9t bebizonyosodott el\u0151ttem, hogy a kult\u00fara \u00e9s a gasztron\u00f3mia nagyon j\u00f3l \u00e1llnak egym\u00e1snak.\u00a0 A r\u00e1calm\u00e1si <a href=\"https:\/\/jankovichhotel.hu\/hu\">Jankovich K\u00faria Wellness Hotel<\/a> minden h\u00f3nap m\u00e1sodik szombatj\u00e1n rendezi meg &#8211; m\u00e1r t\u00f6bb mint k\u00e9t \u00e9ve &#8211; ezt az igaz\u00e1n hangulatos &#8222;sze\u00e1nszot&#8221;. A <a href=\"https:\/\/jankovichhotel.hu\/hu\/elmenyek-es-programok\/kultur-froccs\">Kult\u00far-fr\u00f6ccs <\/a>els\u0151 fel\u00e9ben a r\u00e9sztvev\u0151k egy ros\u00e9 fr\u00f6ccsel a poharukban \u00e9lvezhetik a Jankovich K\u00faria vezet\u0151je &#8211; P\u00e1pista Anik\u00f3 &#8211; \u00e9s az \u00e9ppen meginvit\u00e1lt m\u0171v\u00e9sz besz\u00e9lget\u00e9s\u00e9t. Term\u00e9szetesen az este k\u00f6tetlen jelleg\u00e9b\u0151l ad\u00f3d\u00f3an a n\u00e9z\u0151k is belefolyhatnak a csevejbe. A besz\u00e9lget\u00e9st k\u00f6vet\u0151en az egybegy\u0171ltek a m\u0171v\u00e9sszel egy asztaln\u00e1l fogyaszthatnak el egy fantasztikus h\u00e1romfog\u00e1sos vacsor\u00e1t, amit Ruprecht L\u00e1szl\u00f3 kreat\u00edv s\u00e9f kompon\u00e1l meg a t\u00e1ny\u00e9rjukra. A s\u00e9f \u00far alkot\u00e1s\u00e1t nem csak a szezon\u00e1lisan \u00e9ppen beszerezhet\u0151 alapanyagok befoly\u00e1solj\u00e1k, hanem az aktu\u00e1lis m\u0171v\u00e9sz r\u00e1 gyakorolt hat\u00e1sa is. Gondolatait, asszoci\u00e1ci\u00f3it nemcsak a t\u00e1ny\u00e9ron, de a kihelyezett men\u00fck\u00e1rty\u00e1n is megosztja a vend\u00e9gekkel.<\/p>\n<p style=\"text-align: justify;\">ngg_shortcode_0_placeholder<\/p>\n<p style=\"text-align: justify;\"><!--more-->Az elm\u00falt szombaton a <a href=\"http:\/\/lakastarlat.hu\/\">Szentendrei Lak\u00e1st\u00e1rlat Alap\u00edtv\u00e1ny<\/a> munkat\u00e1rsak\u00e9nt vehettem r\u00e9szt a <a href=\"https:\/\/jankovichhotel.hu\/hu\/elmenyek-es-programok\/kultur-froccs\">Kult\u00far-fr\u00f6ccs\u00f6n<\/a>, ahol most Bihon Gy\u0151z\u0151 szentendrei fest\u0151m\u0171v\u00e9sz volt a besz\u00e9lget\u0151 partner. Gy\u0151z\u0151 k\u00e9pei\u00a0 a K\u00faria t\u00e9likertj\u00e9ben lettek kihelyezve korszakonk\u00e9nti bont\u00e1sban. Anik\u00f3nak sokat nem kellet faggatnia a m\u0171v\u00e9szt, hiszen Gy\u0151z\u0151 &#8211; ahogy mi azt m\u00e1r tudtuk &#8211; kiv\u00e1l\u00f3 besz\u00e9lget\u0151 t\u00e1rs. \u00c9lett\u00f6rt\u00e9net\u00e9t v\u00e9gigj\u00e1rva mes\u00e9lt nek\u00fcnk a ki\u00e1ll\u00edtott k\u00e9pek keletkez\u00e9s\u00e9r\u0151l, m\u00faltj\u00e1r\u00f3l \u00e9s a hogyan tov\u00e1bb-r\u00f3l is. A besz\u00e9lget\u00e9s v\u00e9g\u00e9re a fr\u00f6ccseink elfogytak, k\u00f6vetkezett a vacsora. Az egyes fog\u00e1sokat \u00e9s a k\u00eds\u00e9r\u0151 borokat Csik\u00f3s G\u00e1bor \u00e9tterem vezet\u0151 mutatta be nek\u00fcnk.<\/p>\n<p style=\"text-align: justify;\"><a class=\"nggobasic-fancybox\" title=\"\u0150szi sal\u00e1ta f\u00fcrj toj\u00e1ssal, lazac kavi\u00e1rral\" href=\"https:\/\/i0.wp.com\/coolinart.cafe\/blog\/wp-content\/gallery\/kulturfroccs-bihon\/Blog20160917_204847.jpg?ssl=1\" class=\"gallery_colorbox\" rel=\"\" data-image-id=\"29\" data-src=\"https:\/\/coolinart.cafe\/blog\/wp-content\/gallery\/kulturfroccs-bihon\/Blog20160917_204847.jpg\" data-thumbnail=\"https:\/\/coolinart.cafe\/blog\/wp-content\/gallery\/kulturfroccs-bihon\/thumbs\/thumbs_Blog20160917_204847.jpg\" data-lightbox=\"gal[1571]\" data-title=\"El\u0151\u00e9tel\" data-description=\"\u0150szi sal\u00e1ta f\u00fcrj toj\u00e1ssal, lazac kavi\u00e1rral\"><img data-recalc-dims=\"1\" decoding=\"async\" class=\"ngg-singlepic ngg-left lazyload\" data-src=\"https:\/\/i0.wp.com\/coolinart.cafe\/blog\/wp-content\/gallery\/kulturfroccs-bihon\/thumbs\/thumbs_Blog20160917_204847.jpg?w=665&#038;ssl=1\"  alt=\"El\u0151\u00e9tel\" src=\"data:image\/svg+xml;base64,PHN2ZyB3aWR0aD0iMSIgaGVpZ2h0PSIxIiB4bWxucz0iaHR0cDovL3d3dy53My5vcmcvMjAwMC9zdmciPjwvc3ZnPg==\" \/><\/a><a class=\"nggobasic-fancybox\" title=\"A s\u00e9f gondolatai az el\u0151\u00e9telhez\" href=\"https:\/\/i0.wp.com\/coolinart.cafe\/blog\/wp-content\/gallery\/kulturfroccs-bihon\/20160917_204448.jpg?ssl=1\" class=\"gallery_colorbox\" rel=\"\" data-image-id=\"24\" data-src=\"https:\/\/coolinart.cafe\/blog\/wp-content\/gallery\/kulturfroccs-bihon\/20160917_204448.jpg\" data-thumbnail=\"https:\/\/coolinart.cafe\/blog\/wp-content\/gallery\/kulturfroccs-bihon\/thumbs\/thumbs_20160917_204448.jpg\" data-lightbox=\"gal[1571]\" data-title=\"El\u0151\u00e9tel gondolatok\" data-description=\"A s\u00e9f gondolatai az el\u0151\u00e9telhez\"><img data-recalc-dims=\"1\" decoding=\"async\" class=\"ngg-singlepic ngg-right lazyload\" data-src=\"https:\/\/i0.wp.com\/coolinart.cafe\/blog\/wp-content\/gallery\/kulturfroccs-bihon\/thumbs\/thumbs_20160917_204448.jpg?w=665&#038;ssl=1\"  alt=\"El\u0151\u00e9tel gondolatok\" src=\"data:image\/svg+xml;base64,PHN2ZyB3aWR0aD0iMSIgaGVpZ2h0PSIxIiB4bWxucz0iaHR0cDovL3d3dy53My5vcmcvMjAwMC9zdmciPjwvc3ZnPg==\" \/><\/a><\/p>\n<p style=\"text-align: justify;\">Ruprecht L\u00e1szl\u00f3 kreat\u00edv s\u00e9f el\u0151\u00e9telnek egy \u0151szi sal\u00e1t\u00e1t f\u00fcrjtoj\u00e1ssal \u00e9s lazac kavi\u00e1rral var\u00e1zsolt el\u00e9nk. A nagyon sz\u00ednes \u00e9s v\u00e1ltozatos alapanyagokb\u00f3l megkompon\u00e1lt t\u00e1ny\u00e9r teljes \u00f6sszhangban volt Gy\u0151z\u0151 fel\u00fcln\u00e9zeti t\u00e9rk\u00e9pt\u00e1jaival. A s\u00e9f \u00far gondolatait elolvashattuk a men\u00fck\u00e1rty\u00e1n, mik\u00f6zben a poharainkba finom Kony\u00e1ri ros\u00e9 ker\u00fclt.<\/p>\n<p style=\"text-align: justify;\"><a class=\"nggobasic-fancybox\" title=\"Szegf\u0171gomb\u00e1s gy\u00f6ngyty\u00fak mell \u201cklorofillal\u201d\" href=\"https:\/\/i0.wp.com\/coolinart.cafe\/blog\/wp-content\/gallery\/kulturfroccs-bihon\/Blog20160917_211446.jpg?ssl=1\" class=\"gallery_colorbox\" rel=\"\" data-image-id=\"30\" data-src=\"https:\/\/coolinart.cafe\/blog\/wp-content\/gallery\/kulturfroccs-bihon\/Blog20160917_211446.jpg\" data-thumbnail=\"https:\/\/coolinart.cafe\/blog\/wp-content\/gallery\/kulturfroccs-bihon\/thumbs\/thumbs_Blog20160917_211446.jpg\" data-lightbox=\"gal[1571]\" data-title=\"F\u0151\u00e9tel\" data-description=\"Szegf\u0171gomb\u00e1s gy\u00f6ngyty\u00fak mell \u201cklorofillal\u201d\"><img data-recalc-dims=\"1\" decoding=\"async\" class=\"ngg-singlepic ngg-left lazyload\" data-src=\"https:\/\/i0.wp.com\/coolinart.cafe\/blog\/wp-content\/gallery\/kulturfroccs-bihon\/thumbs\/thumbs_Blog20160917_211446.jpg?w=665&#038;ssl=1\"  alt=\"F\u0151\u00e9tel\" src=\"data:image\/svg+xml;base64,PHN2ZyB3aWR0aD0iMSIgaGVpZ2h0PSIxIiB4bWxucz0iaHR0cDovL3d3dy53My5vcmcvMjAwMC9zdmciPjwvc3ZnPg==\" \/><\/a><a class=\"nggobasic-fancybox\" title=\"Gondolatok a f\u0151\u00e9telhez\" href=\"https:\/\/i0.wp.com\/coolinart.cafe\/blog\/wp-content\/gallery\/kulturfroccs-bihon\/20160917_204457.jpg?ssl=1\" class=\"gallery_colorbox\" rel=\"\" data-image-id=\"25\" data-src=\"https:\/\/coolinart.cafe\/blog\/wp-content\/gallery\/kulturfroccs-bihon\/20160917_204457.jpg\" data-thumbnail=\"https:\/\/coolinart.cafe\/blog\/wp-content\/gallery\/kulturfroccs-bihon\/thumbs\/thumbs_20160917_204457.jpg\" data-lightbox=\"gal[1571]\" data-title=\"F\u0151\u00e9tel gondolatok\" data-description=\"Gondolatok a f\u0151\u00e9telhez\"><img data-recalc-dims=\"1\" decoding=\"async\" class=\"ngg-singlepic ngg-right lazyload\" data-src=\"https:\/\/i0.wp.com\/coolinart.cafe\/blog\/wp-content\/gallery\/kulturfroccs-bihon\/thumbs\/thumbs_20160917_204457.jpg?w=665&#038;ssl=1\"  alt=\"F\u0151\u00e9tel gondolatok\" src=\"data:image\/svg+xml;base64,PHN2ZyB3aWR0aD0iMSIgaGVpZ2h0PSIxIiB4bWxucz0iaHR0cDovL3d3dy53My5vcmcvMjAwMC9zdmciPjwvc3ZnPg==\" \/><\/a><\/p>\n<p style=\"text-align: justify;\">A f\u0151\u00e9tel a z\u00f6ld sz\u00edn k\u00f6r\u00e9 hangol\u00f3dott: szegf\u0171gomb\u00e1s gy\u00f6ngyty\u00fak mell &#8222;klorofillal&#8221;. A gy\u00f6ngyty\u00fak fantasztikus \u00e1llag\u00fa volt, vajpuha (szuvid\u00e1lt) h\u00fas, ropog\u00f3s b\u0151r. A &#8222;klorofill&#8221; egyik \u00e1rnyalat\u00e1t egy hihetetlen\u00fcl z\u00f6ld, selymes spen\u00f3t m\u00e1rt\u00e1s adta, a m\u00e1sikat egy halv\u00e1nyabb zellerp\u00fcr\u00e9, \u00e9s m\u00e9g ezeken fel\u00fcl broccoli, z\u00f6ldbors\u00f3 h\u00fcvely, \u00e9s t\u00f6kmag p\u00e1st\u00e9tom ker\u00fclt a t\u00e1ny\u00e9rra, a poharainkba pedig a V\u00e1rkapit\u00e1ny Pinc\u00e9szet 2012-es Nagysoml\u00f3i Juhfarkja.<\/p>\n<p style=\"text-align: justify;\"><a class=\"nggobasic-fancybox\" title=\"H\u00e1zi s\u00fct\u0151t\u00f6k\u00f6s alm\u00e1s kr\u00e9mes\" href=\"https:\/\/i0.wp.com\/coolinart.cafe\/blog\/wp-content\/gallery\/kulturfroccs-bihon\/20160917_214156.jpg?ssl=1\" class=\"gallery_colorbox\" rel=\"\" data-image-id=\"31\" data-src=\"https:\/\/coolinart.cafe\/blog\/wp-content\/gallery\/kulturfroccs-bihon\/20160917_214156.jpg\" data-thumbnail=\"https:\/\/coolinart.cafe\/blog\/wp-content\/gallery\/kulturfroccs-bihon\/thumbs\/thumbs_20160917_214156.jpg\" data-lightbox=\"gal[1571]\" data-title=\"Desszert\" data-description=\"H\u00e1zi s\u00fct\u0151t\u00f6k\u00f6s alm\u00e1s kr\u00e9mes\"><img data-recalc-dims=\"1\" decoding=\"async\" class=\"ngg-singlepic ngg-left lazyload\" data-src=\"https:\/\/i0.wp.com\/coolinart.cafe\/blog\/wp-content\/gallery\/kulturfroccs-bihon\/thumbs\/thumbs_20160917_214156.jpg?w=665&#038;ssl=1\"  alt=\"Desszert\" src=\"data:image\/svg+xml;base64,PHN2ZyB3aWR0aD0iMSIgaGVpZ2h0PSIxIiB4bWxucz0iaHR0cDovL3d3dy53My5vcmcvMjAwMC9zdmciPjwvc3ZnPg==\" \/><\/a><a class=\"nggobasic-fancybox\" title=\"Gondolatok a desszerthez\" href=\"https:\/\/i0.wp.com\/coolinart.cafe\/blog\/wp-content\/gallery\/kulturfroccs-bihon\/Blog20160917_204506.jpg?ssl=1\" class=\"gallery_colorbox\" rel=\"\" data-image-id=\"27\" data-src=\"https:\/\/coolinart.cafe\/blog\/wp-content\/gallery\/kulturfroccs-bihon\/Blog20160917_204506.jpg\" data-thumbnail=\"https:\/\/coolinart.cafe\/blog\/wp-content\/gallery\/kulturfroccs-bihon\/thumbs\/thumbs_Blog20160917_204506.jpg\" data-lightbox=\"gal[1571]\" data-title=\"Desszert gondolatok\" data-description=\"Gondolatok a desszerthez\"><img data-recalc-dims=\"1\" decoding=\"async\" class=\"ngg-singlepic ngg-right lazyload\" data-src=\"https:\/\/i0.wp.com\/coolinart.cafe\/blog\/wp-content\/gallery\/kulturfroccs-bihon\/thumbs\/thumbs_Blog20160917_204506.jpg?w=665&#038;ssl=1\"  alt=\"Desszert gondolatok\" src=\"data:image\/svg+xml;base64,PHN2ZyB3aWR0aD0iMSIgaGVpZ2h0PSIxIiB4bWxucz0iaHR0cDovL3d3dy53My5vcmcvMjAwMC9zdmciPjwvc3ZnPg==\" \/><\/a><\/p>\n<p style=\"text-align: justify;\">A desszertet Szab\u00f3 Gy\u00f6rgy konyhaf\u0151n\u00f6k alkotta meg a a t\u00e1ny\u00e9rjainkra: h\u00e1zi s\u00fct\u0151t\u00f6k\u00f6s alm\u00e1s kr\u00e9mes. Ahogy \u0151 fogalmazott egy sima nagymama kr\u00e9mes\u00e9t bolond\u00edtotta meg alm\u00e1val \u00e9s s\u00fct\u0151t\u00f6kkel. K\u00f6nny\u0171, laza, nem t\u00fal \u00e9des, nagyon finom desszert sz\u00fcletett. A bor a B\u00e1rdos \u00e9s Fiai Pinc\u00e9szet M\u00e1trai s\u00e1rga muskot\u00e1ly &#8211; Irsai Oliv\u00e9r cuv\u00e9e \u00e9des feh\u00e9rbora.<\/p>\n<p style=\"text-align: justify;\">A vacsora v\u00e9g\u00e9n volt lehet\u0151s\u00e9g\u00fcnk a s\u00e9f urakat a kulissza titkokr\u00f3l k\u00e9rdezni \u00e9s gratul\u00e1lni a csod\u00e1s k\u00f6ltem\u00e9nyekhez. Gy\u0151z\u0151 l\u00e1that\u00f3an od\u00e1ig volt a m\u0171vei \u00e1ltal ihletett vacsor\u00e1t\u00f3l, \u00edgy sz\u00edvesen dedik\u00e1lt Anik\u00f3\u00e9k vend\u00e9gk\u00f6nyv\u00e9be. A este m\u00e9g tov\u00e1bbi k\u00f6tetlen boroz\u00e1ssal \u00e9s besz\u00e9lget\u00e9ssel folytat\u00f3dott. Gy\u0151z\u0151 k\u00e9pei novemberig l\u00e1that\u00f3ak a helysz\u00ednen.<\/p>\n<p style=\"text-align: justify;\">ngg_shortcode_1_placeholder<\/p>\n<p style=\"text-align: justify;\">Csak aj\u00e1nlani tudom a <a href=\"https:\/\/jankovichhotel.hu\/hu\/elmenyek-es-programok\/kultur-froccs\">Kult\u00far-fr\u00f6ccs\u00f6t<\/a> mindenkinek, pr\u00f3b\u00e1lj\u00e1tok ki! A sz\u00e1lloda is nagyon kellemes, hangulatos, a wellness r\u00e9szleg is kit\u0171n\u0151.<\/p>\n<p style=\"text-align: justify;\">Anik\u00f3, Gy\u0151z\u0151! K\u00f6sz\u00f6n\u00f6m az \u00e9lm\u00e9nyt!<\/p>\n<p>&nbsp;<\/p>\n","protected":false},"excerpt":{"rendered":"<p>A h\u00e9tv\u00e9g\u00e9n ism\u00e9t bebizonyosodott el\u0151ttem, hogy a kult\u00fara \u00e9s a gasztron\u00f3mia nagyon j\u00f3l \u00e1llnak egym\u00e1snak.\u00a0 A r\u00e1calm\u00e1si Jankovich K\u00faria Wellness Hotel minden h\u00f3nap m\u00e1sodik szombatj\u00e1n rendezi meg &#8211; m\u00e1r t\u00f6bb mint k\u00e9t \u00e9ve &#8211; ezt az igaz\u00e1n hangulatos &#8222;sze\u00e1nszot&#8221;. A Kult\u00far-fr\u00f6ccs els\u0151 fel\u00e9ben a r\u00e9sztvev\u0151k egy ros\u00e9 fr\u00f6ccsel a poharukban \u00e9lvezhetik a Jankovich K\u00faria vezet\u0151je [&hellip;]<\/p>\n","protected":false},"author":2,"featured_media":0,"comment_status":"open","ping_status":"open","sticky":false,"template":"","format":"standard","meta":{"ngg_post_thumbnail":0,"_jetpack_memberships_contains_paid_content":false,"footnotes":""},"categories":[4],"tags":[91,100],"class_list":["post-1571","post","type-post","status-publish","format-standard","hentry","category-utazas","tag-etterem-kritika","tag-kultura"],"yoast_head":"<!-- This site is optimized with the Yoast SEO plugin v27.4 - https:\/\/yoast.com\/product\/yoast-seo-wordpress\/ -->\n<title>A r\u00e1calm\u00e1si Kult\u00far-fr\u00f6ccs - Coolinart.cafe<\/title>\n<meta name=\"description\" content=\"A r\u00e1calm\u00e1si Jankovics K\u00faria minden h\u00f3napban megrendezi a Kult\u00far-fr\u00f6ccs esem\u00e9ny\u00e9t, ahol m\u0171v\u00e9szekkel lehet besz\u00e9lgetni, fr\u00f6ccs\u00f6zni \u00e9s vacsor\u00e1zni.\" \/>\n<meta name=\"robots\" content=\"index, follow, max-snippet:-1, max-image-preview:large, max-video-preview:-1\" \/>\n<link rel=\"canonical\" href=\"https:\/\/coolinart.cafe\/blog\/2016\/09\/a-racalmasi-kultur-froccs-2\/\" \/>\n<meta property=\"og:locale\" content=\"hu_HU\" \/>\n<meta property=\"og:type\" content=\"article\" \/>\n<meta property=\"og:title\" content=\"A r\u00e1calm\u00e1si Kult\u00far-fr\u00f6ccs - Coolinart.cafe\" \/>\n<meta property=\"og:description\" content=\"A r\u00e1calm\u00e1si Jankovics K\u00faria minden h\u00f3napban megrendezi a Kult\u00far-fr\u00f6ccs esem\u00e9ny\u00e9t, ahol m\u0171v\u00e9szekkel lehet besz\u00e9lgetni, fr\u00f6ccs\u00f6zni \u00e9s vacsor\u00e1zni.\" \/>\n<meta property=\"og:url\" content=\"https:\/\/coolinart.cafe\/blog\/2016\/09\/a-racalmasi-kultur-froccs-2\/\" \/>\n<meta property=\"og:site_name\" content=\"Coolinart.cafe\" \/>\n<meta property=\"article:publisher\" content=\"https:\/\/www.facebook.com\/coolinart.cafe\/\" \/>\n<meta property=\"article:published_time\" content=\"2016-09-19T15:58:10+00:00\" \/>\n<meta property=\"article:modified_time\" content=\"2016-09-19T18:28:41+00:00\" \/>\n<meta property=\"og:image\" content=\"https:\/\/i2.wp.com\/coolinart.cafe\/blog\/wp-content\/uploads\/2016\/09\/FB20160917_204856.jpg?fit=1200%2C630&ssl=1\" \/>\n\t<meta property=\"og:image:width\" content=\"1200\" \/>\n\t<meta property=\"og:image:height\" content=\"630\" \/>\n\t<meta property=\"og:image:type\" content=\"image\/jpeg\" \/>\n<meta name=\"author\" content=\"Sulyok Gy\u00f6rgyi\" \/>\n<meta name=\"twitter:card\" content=\"summary_large_image\" \/>\n<meta name=\"twitter:label1\" content=\"Szerz\u0151:\" \/>\n\t<meta name=\"twitter:data1\" content=\"Sulyok Gy\u00f6rgyi\" \/>\n\t<meta name=\"twitter:label2\" content=\"Becs\u00fclt olvas\u00e1si id\u0151\" \/>\n\t<meta name=\"twitter:data2\" content=\"4 perc\" \/>\n<script type=\"application\/ld+json\" class=\"yoast-schema-graph\">{\"@context\":\"https:\\\/\\\/schema.org\",\"@graph\":[{\"@type\":\"Article\",\"@id\":\"https:\\\/\\\/coolinart.cafe\\\/blog\\\/2016\\\/09\\\/a-racalmasi-kultur-froccs-2\\\/#article\",\"isPartOf\":{\"@id\":\"https:\\\/\\\/coolinart.cafe\\\/blog\\\/2016\\\/09\\\/a-racalmasi-kultur-froccs-2\\\/\"},\"author\":{\"name\":\"Sulyok Gy\u00f6rgyi\",\"@id\":\"https:\\\/\\\/coolinart.cafe\\\/blog\\\/#\\\/schema\\\/person\\\/0b9046a8abdce332b3919b077f7376b2\"},\"headline\":\"A r\u00e1calm\u00e1si Kult\u00far-fr\u00f6ccs\",\"datePublished\":\"2016-09-19T15:58:10+00:00\",\"dateModified\":\"2016-09-19T18:28:41+00:00\",\"mainEntityOfPage\":{\"@id\":\"https:\\\/\\\/coolinart.cafe\\\/blog\\\/2016\\\/09\\\/a-racalmasi-kultur-froccs-2\\\/\"},\"wordCount\":751,\"commentCount\":0,\"image\":{\"@id\":\"https:\\\/\\\/coolinart.cafe\\\/blog\\\/2016\\\/09\\\/a-racalmasi-kultur-froccs-2\\\/#primaryimage\"},\"thumbnailUrl\":\"https:\\\/\\\/coolinart.cafe\\\/blog\\\/wp-content\\\/gallery\\\/kulturfroccs-bihon\\\/thumbs\\\/thumbs_Blog20160917_204847.jpg\",\"keywords\":[\"\u00c9tterem kritika\",\"Kult\u00fara\"],\"articleSection\":[\"Utaz\u00e1s, \u00c9lm\u00e9ny\"],\"inLanguage\":\"hu\",\"potentialAction\":[{\"@type\":\"CommentAction\",\"name\":\"Comment\",\"target\":[\"https:\\\/\\\/coolinart.cafe\\\/blog\\\/2016\\\/09\\\/a-racalmasi-kultur-froccs-2\\\/#respond\"]}]},{\"@type\":\"WebPage\",\"@id\":\"https:\\\/\\\/coolinart.cafe\\\/blog\\\/2016\\\/09\\\/a-racalmasi-kultur-froccs-2\\\/\",\"url\":\"https:\\\/\\\/coolinart.cafe\\\/blog\\\/2016\\\/09\\\/a-racalmasi-kultur-froccs-2\\\/\",\"name\":\"A r\u00e1calm\u00e1si Kult\u00far-fr\u00f6ccs - Coolinart.cafe\",\"isPartOf\":{\"@id\":\"https:\\\/\\\/coolinart.cafe\\\/blog\\\/#website\"},\"primaryImageOfPage\":{\"@id\":\"https:\\\/\\\/coolinart.cafe\\\/blog\\\/2016\\\/09\\\/a-racalmasi-kultur-froccs-2\\\/#primaryimage\"},\"image\":{\"@id\":\"https:\\\/\\\/coolinart.cafe\\\/blog\\\/2016\\\/09\\\/a-racalmasi-kultur-froccs-2\\\/#primaryimage\"},\"thumbnailUrl\":\"https:\\\/\\\/coolinart.cafe\\\/blog\\\/wp-content\\\/gallery\\\/kulturfroccs-bihon\\\/thumbs\\\/thumbs_Blog20160917_204847.jpg\",\"datePublished\":\"2016-09-19T15:58:10+00:00\",\"dateModified\":\"2016-09-19T18:28:41+00:00\",\"author\":{\"@id\":\"https:\\\/\\\/coolinart.cafe\\\/blog\\\/#\\\/schema\\\/person\\\/0b9046a8abdce332b3919b077f7376b2\"},\"description\":\"A r\u00e1calm\u00e1si Jankovics K\u00faria minden h\u00f3napban megrendezi a Kult\u00far-fr\u00f6ccs esem\u00e9ny\u00e9t, ahol m\u0171v\u00e9szekkel lehet besz\u00e9lgetni, fr\u00f6ccs\u00f6zni \u00e9s vacsor\u00e1zni.\",\"breadcrumb\":{\"@id\":\"https:\\\/\\\/coolinart.cafe\\\/blog\\\/2016\\\/09\\\/a-racalmasi-kultur-froccs-2\\\/#breadcrumb\"},\"inLanguage\":\"hu\",\"potentialAction\":[{\"@type\":\"ReadAction\",\"target\":[\"https:\\\/\\\/coolinart.cafe\\\/blog\\\/2016\\\/09\\\/a-racalmasi-kultur-froccs-2\\\/\"]}]},{\"@type\":\"ImageObject\",\"inLanguage\":\"hu\",\"@id\":\"https:\\\/\\\/coolinart.cafe\\\/blog\\\/2016\\\/09\\\/a-racalmasi-kultur-froccs-2\\\/#primaryimage\",\"url\":\"https:\\\/\\\/coolinart.cafe\\\/blog\\\/wp-content\\\/gallery\\\/kulturfroccs-bihon\\\/thumbs\\\/thumbs_Blog20160917_204847.jpg\",\"contentUrl\":\"https:\\\/\\\/coolinart.cafe\\\/blog\\\/wp-content\\\/gallery\\\/kulturfroccs-bihon\\\/thumbs\\\/thumbs_Blog20160917_204847.jpg\"},{\"@type\":\"BreadcrumbList\",\"@id\":\"https:\\\/\\\/coolinart.cafe\\\/blog\\\/2016\\\/09\\\/a-racalmasi-kultur-froccs-2\\\/#breadcrumb\",\"itemListElement\":[{\"@type\":\"ListItem\",\"position\":1,\"name\":\"Home\",\"item\":\"https:\\\/\\\/coolinart.cafe\\\/blog\\\/\"},{\"@type\":\"ListItem\",\"position\":2,\"name\":\"A r\u00e1calm\u00e1si Kult\u00far-fr\u00f6ccs\"}]},{\"@type\":\"WebSite\",\"@id\":\"https:\\\/\\\/coolinart.cafe\\\/blog\\\/#website\",\"url\":\"https:\\\/\\\/coolinart.cafe\\\/blog\\\/\",\"name\":\"Coolinart.cafe\",\"description\":\"\u00e9tel, k\u00e1v\u00e9, kult\u00fara\",\"potentialAction\":[{\"@type\":\"SearchAction\",\"target\":{\"@type\":\"EntryPoint\",\"urlTemplate\":\"https:\\\/\\\/coolinart.cafe\\\/blog\\\/?s={search_term_string}\"},\"query-input\":{\"@type\":\"PropertyValueSpecification\",\"valueRequired\":true,\"valueName\":\"search_term_string\"}}],\"inLanguage\":\"hu\"},{\"@type\":\"Person\",\"@id\":\"https:\\\/\\\/coolinart.cafe\\\/blog\\\/#\\\/schema\\\/person\\\/0b9046a8abdce332b3919b077f7376b2\",\"name\":\"Sulyok Gy\u00f6rgyi\",\"image\":{\"@type\":\"ImageObject\",\"inLanguage\":\"hu\",\"@id\":\"https:\\\/\\\/secure.gravatar.com\\\/avatar\\\/f7d80d7800220762f9cf31559c65e650bdc8299f18bca4e3ffde781c0422539c?s=96&d=mm&r=g\",\"url\":\"https:\\\/\\\/secure.gravatar.com\\\/avatar\\\/f7d80d7800220762f9cf31559c65e650bdc8299f18bca4e3ffde781c0422539c?s=96&d=mm&r=g\",\"contentUrl\":\"https:\\\/\\\/secure.gravatar.com\\\/avatar\\\/f7d80d7800220762f9cf31559c65e650bdc8299f18bca4e3ffde781c0422539c?s=96&d=mm&r=g\",\"caption\":\"Sulyok Gy\u00f6rgyi\"},\"sameAs\":[\"http:\\\/\\\/www.coolinart.cafe\"],\"url\":\"https:\\\/\\\/coolinart.cafe\\\/blog\\\/author\\\/gyorgyi\\\/\"}]}<\/script>\n<!-- \/ Yoast SEO plugin. -->","yoast_head_json":{"title":"A r\u00e1calm\u00e1si Kult\u00far-fr\u00f6ccs - Coolinart.cafe","description":"A r\u00e1calm\u00e1si Jankovics K\u00faria minden h\u00f3napban megrendezi a Kult\u00far-fr\u00f6ccs esem\u00e9ny\u00e9t, ahol m\u0171v\u00e9szekkel lehet besz\u00e9lgetni, fr\u00f6ccs\u00f6zni \u00e9s vacsor\u00e1zni.","robots":{"index":"index","follow":"follow","max-snippet":"max-snippet:-1","max-image-preview":"max-image-preview:large","max-video-preview":"max-video-preview:-1"},"canonical":"https:\/\/coolinart.cafe\/blog\/2016\/09\/a-racalmasi-kultur-froccs-2\/","og_locale":"hu_HU","og_type":"article","og_title":"A r\u00e1calm\u00e1si Kult\u00far-fr\u00f6ccs - Coolinart.cafe","og_description":"A r\u00e1calm\u00e1si Jankovics K\u00faria minden h\u00f3napban megrendezi a Kult\u00far-fr\u00f6ccs esem\u00e9ny\u00e9t, ahol m\u0171v\u00e9szekkel lehet besz\u00e9lgetni, fr\u00f6ccs\u00f6zni \u00e9s vacsor\u00e1zni.","og_url":"https:\/\/coolinart.cafe\/blog\/2016\/09\/a-racalmasi-kultur-froccs-2\/","og_site_name":"Coolinart.cafe","article_publisher":"https:\/\/www.facebook.com\/coolinart.cafe\/","article_published_time":"2016-09-19T15:58:10+00:00","article_modified_time":"2016-09-19T18:28:41+00:00","og_image":[{"width":1200,"height":630,"url":"https:\/\/i2.wp.com\/coolinart.cafe\/blog\/wp-content\/uploads\/2016\/09\/FB20160917_204856.jpg?fit=1200%2C630&ssl=1","type":"image\/jpeg"}],"author":"Sulyok Gy\u00f6rgyi","twitter_card":"summary_large_image","twitter_misc":{"Szerz\u0151:":"Sulyok Gy\u00f6rgyi","Becs\u00fclt olvas\u00e1si id\u0151":"4 perc"},"schema":{"@context":"https:\/\/schema.org","@graph":[{"@type":"Article","@id":"https:\/\/coolinart.cafe\/blog\/2016\/09\/a-racalmasi-kultur-froccs-2\/#article","isPartOf":{"@id":"https:\/\/coolinart.cafe\/blog\/2016\/09\/a-racalmasi-kultur-froccs-2\/"},"author":{"name":"Sulyok Gy\u00f6rgyi","@id":"https:\/\/coolinart.cafe\/blog\/#\/schema\/person\/0b9046a8abdce332b3919b077f7376b2"},"headline":"A r\u00e1calm\u00e1si Kult\u00far-fr\u00f6ccs","datePublished":"2016-09-19T15:58:10+00:00","dateModified":"2016-09-19T18:28:41+00:00","mainEntityOfPage":{"@id":"https:\/\/coolinart.cafe\/blog\/2016\/09\/a-racalmasi-kultur-froccs-2\/"},"wordCount":751,"commentCount":0,"image":{"@id":"https:\/\/coolinart.cafe\/blog\/2016\/09\/a-racalmasi-kultur-froccs-2\/#primaryimage"},"thumbnailUrl":"https:\/\/coolinart.cafe\/blog\/wp-content\/gallery\/kulturfroccs-bihon\/thumbs\/thumbs_Blog20160917_204847.jpg","keywords":["\u00c9tterem kritika","Kult\u00fara"],"articleSection":["Utaz\u00e1s, \u00c9lm\u00e9ny"],"inLanguage":"hu","potentialAction":[{"@type":"CommentAction","name":"Comment","target":["https:\/\/coolinart.cafe\/blog\/2016\/09\/a-racalmasi-kultur-froccs-2\/#respond"]}]},{"@type":"WebPage","@id":"https:\/\/coolinart.cafe\/blog\/2016\/09\/a-racalmasi-kultur-froccs-2\/","url":"https:\/\/coolinart.cafe\/blog\/2016\/09\/a-racalmasi-kultur-froccs-2\/","name":"A r\u00e1calm\u00e1si Kult\u00far-fr\u00f6ccs - Coolinart.cafe","isPartOf":{"@id":"https:\/\/coolinart.cafe\/blog\/#website"},"primaryImageOfPage":{"@id":"https:\/\/coolinart.cafe\/blog\/2016\/09\/a-racalmasi-kultur-froccs-2\/#primaryimage"},"image":{"@id":"https:\/\/coolinart.cafe\/blog\/2016\/09\/a-racalmasi-kultur-froccs-2\/#primaryimage"},"thumbnailUrl":"https:\/\/coolinart.cafe\/blog\/wp-content\/gallery\/kulturfroccs-bihon\/thumbs\/thumbs_Blog20160917_204847.jpg","datePublished":"2016-09-19T15:58:10+00:00","dateModified":"2016-09-19T18:28:41+00:00","author":{"@id":"https:\/\/coolinart.cafe\/blog\/#\/schema\/person\/0b9046a8abdce332b3919b077f7376b2"},"description":"A r\u00e1calm\u00e1si Jankovics K\u00faria minden h\u00f3napban megrendezi a Kult\u00far-fr\u00f6ccs esem\u00e9ny\u00e9t, ahol m\u0171v\u00e9szekkel lehet besz\u00e9lgetni, fr\u00f6ccs\u00f6zni \u00e9s vacsor\u00e1zni.","breadcrumb":{"@id":"https:\/\/coolinart.cafe\/blog\/2016\/09\/a-racalmasi-kultur-froccs-2\/#breadcrumb"},"inLanguage":"hu","potentialAction":[{"@type":"ReadAction","target":["https:\/\/coolinart.cafe\/blog\/2016\/09\/a-racalmasi-kultur-froccs-2\/"]}]},{"@type":"ImageObject","inLanguage":"hu","@id":"https:\/\/coolinart.cafe\/blog\/2016\/09\/a-racalmasi-kultur-froccs-2\/#primaryimage","url":"https:\/\/coolinart.cafe\/blog\/wp-content\/gallery\/kulturfroccs-bihon\/thumbs\/thumbs_Blog20160917_204847.jpg","contentUrl":"https:\/\/coolinart.cafe\/blog\/wp-content\/gallery\/kulturfroccs-bihon\/thumbs\/thumbs_Blog20160917_204847.jpg"},{"@type":"BreadcrumbList","@id":"https:\/\/coolinart.cafe\/blog\/2016\/09\/a-racalmasi-kultur-froccs-2\/#breadcrumb","itemListElement":[{"@type":"ListItem","position":1,"name":"Home","item":"https:\/\/coolinart.cafe\/blog\/"},{"@type":"ListItem","position":2,"name":"A r\u00e1calm\u00e1si Kult\u00far-fr\u00f6ccs"}]},{"@type":"WebSite","@id":"https:\/\/coolinart.cafe\/blog\/#website","url":"https:\/\/coolinart.cafe\/blog\/","name":"Coolinart.cafe","description":"\u00e9tel, k\u00e1v\u00e9, kult\u00fara","potentialAction":[{"@type":"SearchAction","target":{"@type":"EntryPoint","urlTemplate":"https:\/\/coolinart.cafe\/blog\/?s={search_term_string}"},"query-input":{"@type":"PropertyValueSpecification","valueRequired":true,"valueName":"search_term_string"}}],"inLanguage":"hu"},{"@type":"Person","@id":"https:\/\/coolinart.cafe\/blog\/#\/schema\/person\/0b9046a8abdce332b3919b077f7376b2","name":"Sulyok Gy\u00f6rgyi","image":{"@type":"ImageObject","inLanguage":"hu","@id":"https:\/\/secure.gravatar.com\/avatar\/f7d80d7800220762f9cf31559c65e650bdc8299f18bca4e3ffde781c0422539c?s=96&d=mm&r=g","url":"https:\/\/secure.gravatar.com\/avatar\/f7d80d7800220762f9cf31559c65e650bdc8299f18bca4e3ffde781c0422539c?s=96&d=mm&r=g","contentUrl":"https:\/\/secure.gravatar.com\/avatar\/f7d80d7800220762f9cf31559c65e650bdc8299f18bca4e3ffde781c0422539c?s=96&d=mm&r=g","caption":"Sulyok Gy\u00f6rgyi"},"sameAs":["http:\/\/www.coolinart.cafe"],"url":"https:\/\/coolinart.cafe\/blog\/author\/gyorgyi\/"}]}},"jetpack_featured_media_url":"","jetpack_sharing_enabled":true,"_links":{"self":[{"href":"https:\/\/coolinart.cafe\/blog\/wp-json\/wp\/v2\/posts\/1571","targetHints":{"allow":["GET"]}}],"collection":[{"href":"https:\/\/coolinart.cafe\/blog\/wp-json\/wp\/v2\/posts"}],"about":[{"href":"https:\/\/coolinart.cafe\/blog\/wp-json\/wp\/v2\/types\/post"}],"author":[{"embeddable":true,"href":"https:\/\/coolinart.cafe\/blog\/wp-json\/wp\/v2\/users\/2"}],"replies":[{"embeddable":true,"href":"https:\/\/coolinart.cafe\/blog\/wp-json\/wp\/v2\/comments?post=1571"}],"version-history":[{"count":27,"href":"https:\/\/coolinart.cafe\/blog\/wp-json\/wp\/v2\/posts\/1571\/revisions"}],"predecessor-version":[{"id":1623,"href":"https:\/\/coolinart.cafe\/blog\/wp-json\/wp\/v2\/posts\/1571\/revisions\/1623"}],"wp:attachment":[{"href":"https:\/\/coolinart.cafe\/blog\/wp-json\/wp\/v2\/media?parent=1571"}],"wp:term":[{"taxonomy":"category","embeddable":true,"href":"https:\/\/coolinart.cafe\/blog\/wp-json\/wp\/v2\/categories?post=1571"},{"taxonomy":"post_tag","embeddable":true,"href":"https:\/\/coolinart.cafe\/blog\/wp-json\/wp\/v2\/tags?post=1571"}],"curies":[{"name":"wp","href":"https:\/\/api.w.org\/{rel}","templated":true}]}}