{"id":1538,"date":"2016-09-15T13:11:40","date_gmt":"2016-09-15T11:11:40","guid":{"rendered":"http:\/\/coolinart.cafe\/blog\/?p=1538"},"modified":"2016-09-15T13:11:40","modified_gmt":"2016-09-15T11:11:40","slug":"tarte-tatin","status":"publish","type":"post","link":"https:\/\/coolinart.cafe\/blog\/2016\/09\/tarte-tatin\/","title":{"rendered":"Tarte Tatin"},"content":{"rendered":"<p style=\"text-align: justify;\"><!-- default-view.php -->\n<div\n\tclass=\"ngg-galleryoverview default-view\n\t ngg-ajax-pagination-none\t\"\n\tid=\"ngg-gallery-f4edf4985ada739faac2923643fd3174-1\"\n\tdata-nextgen-gallery-id=\"3\"\n\tdata-gallery-id=\"3\"\n\t\tdata-gallery-name=\"Tatin torta\"\n\t>\n\n\t\t<!-- Thumbnails -->\n\t\t\t\t<div id=\"ngg-image-0\" class=\"ngg-gallery-thumbnail-box\n\t\t\t\t\t\t\t\t\t\t\t\"\n\t\t\t>\n\t\t\t\t\t\t<div class=\"ngg-gallery-thumbnail\">\n\t\t<a href=\"https:\/\/coolinart.cafe\/blog\/wp-content\/gallery\/tatin-torta\/2016-09-12-17-15-39.jpg?t=1561404701\"\n\t\t\ttitle=\"\"\n\t\t\tdata-src=\"https:\/\/coolinart.cafe\/blog\/wp-content\/gallery\/tatin-torta\/2016-09-12-17-15-39.jpg?t=1561404701\"\n\t\t\tdata-thumbnail=\"https:\/\/coolinart.cafe\/blog\/wp-content\/gallery\/tatin-torta\/thumbs\/thumbs_2016-09-12-17-15-39.jpg?t=1561404701\"\n\t\t\tdata-image-id=\"19\"\n\t\t\tdata-image-name=\"2016-09-12-17-15-39.jpg\"\n\t\t\tdata-title=\"Alma rotyog a karamellben\"\n\t\t\tdata-description=\"\"\n\t\t\tdata-image-slug=\"2016-09-12-17-15-39\"\n\t\t\t\t\t\t\t\t\t\t\t\t\t\t\t\t\t\t\t\tclass='nggobasic-fancybox' rel='f4edf4985ada739faac2923643fd3174'>\n\t\t\t\t\t\t\t\t<img\n\t\t\t\t\ttitle=\"Alma rotyog a karamellben\"\n\t\t\t\t\talt=\"Alma rotyog a karamellben\"\n\t\t\t\t\tdata-src=\"https:\/\/coolinart.cafe\/blog\/wp-content\/gallery\/tatin-torta\/thumbs\/thumbs_2016-09-12-17-15-39.jpg?t=1561404701\"\n\t\t\t\t\twidth=\"240\"\n\t\t\t\t\theight=\"160\"\n\t\t\t\t\tstyle=\"--smush-placeholder-width: 240px; --smush-placeholder-aspect-ratio: 240\/160;max-width:100%;\"\n\t\t\t\t src=\"data:image\/svg+xml;base64,PHN2ZyB3aWR0aD0iMSIgaGVpZ2h0PSIxIiB4bWxucz0iaHR0cDovL3d3dy53My5vcmcvMjAwMC9zdmciPjwvc3ZnPg==\" class=\"lazyload\" \/>\n\t\t\t<\/a>\n\t\t<\/div>\n\t\t\t\t\t\t\t<\/div>\n\t\t\t\n\t\t\t\t<div id=\"ngg-image-1\" class=\"ngg-gallery-thumbnail-box\n\t\t\t\t\t\t\t\t\t\t\t\"\n\t\t\t>\n\t\t\t\t\t\t<div class=\"ngg-gallery-thumbnail\">\n\t\t<a href=\"https:\/\/coolinart.cafe\/blog\/wp-content\/gallery\/tatin-torta\/20160912_172319.jpg?t=1473937235\"\n\t\t\ttitle=\"\"\n\t\t\tdata-src=\"https:\/\/coolinart.cafe\/blog\/wp-content\/gallery\/tatin-torta\/20160912_172319.jpg?t=1473937235\"\n\t\t\tdata-thumbnail=\"https:\/\/coolinart.cafe\/blog\/wp-content\/gallery\/tatin-torta\/thumbs\/thumbs_20160912_172319.jpg?t=1473937235\"\n\t\t\tdata-image-id=\"20\"\n\t\t\tdata-image-name=\"20160912_172319.jpg\"\n\t\t\tdata-title=\"Izzad\u00e1s s \u00fct\u0151ben\"\n\t\t\tdata-description=\"\"\n\t\t\tdata-image-slug=\"20160912_172319\"\n\t\t\t\t\t\t\t\t\t\t\t\t\t\t\t\t\t\t\t\tclass='nggobasic-fancybox' rel='f4edf4985ada739faac2923643fd3174'>\n\t\t\t\t\t\t\t\t<img\n\t\t\t\t\ttitle=\"Izzad\u00e1s s \u00fct\u0151ben\"\n\t\t\t\t\talt=\"Izzad\u00e1s s \u00fct\u0151ben\"\n\t\t\t\t\tdata-src=\"https:\/\/coolinart.cafe\/blog\/wp-content\/gallery\/tatin-torta\/thumbs\/thumbs_20160912_172319.jpg?t=1473937235\"\n\t\t\t\t\twidth=\"240\"\n\t\t\t\t\theight=\"160\"\n\t\t\t\t\tstyle=\"--smush-placeholder-width: 240px; --smush-placeholder-aspect-ratio: 240\/160;max-width:100%;\"\n\t\t\t\t src=\"data:image\/svg+xml;base64,PHN2ZyB3aWR0aD0iMSIgaGVpZ2h0PSIxIiB4bWxucz0iaHR0cDovL3d3dy53My5vcmcvMjAwMC9zdmciPjwvc3ZnPg==\" class=\"lazyload\" \/>\n\t\t\t<\/a>\n\t\t<\/div>\n\t\t\t\t\t\t\t<\/div>\n\t\t\t\n\t\t\t\t<div id=\"ngg-image-2\" class=\"ngg-gallery-thumbnail-box\n\t\t\t\t\t\t\t\t\t\t\t\"\n\t\t\t>\n\t\t\t\t\t\t<div class=\"ngg-gallery-thumbnail\">\n\t\t<a href=\"https:\/\/coolinart.cafe\/blog\/wp-content\/gallery\/tatin-torta\/20160912_180207.jpg?t=1473937235\"\n\t\t\ttitle=\"\"\n\t\t\tdata-src=\"https:\/\/coolinart.cafe\/blog\/wp-content\/gallery\/tatin-torta\/20160912_180207.jpg?t=1473937235\"\n\t\t\tdata-thumbnail=\"https:\/\/coolinart.cafe\/blog\/wp-content\/gallery\/tatin-torta\/thumbs\/thumbs_20160912_180207.jpg?t=1473937235\"\n\t\t\tdata-image-id=\"21\"\n\t\t\tdata-image-name=\"20160912_180207.jpg\"\n\t\t\tdata-title=\"Kiford\u00edt\u00e1s el\u0151tt\"\n\t\t\tdata-description=\"\"\n\t\t\tdata-image-slug=\"20160912_180207\"\n\t\t\t\t\t\t\t\t\t\t\t\t\t\t\t\t\t\t\t\tclass='nggobasic-fancybox' rel='f4edf4985ada739faac2923643fd3174'>\n\t\t\t\t\t\t\t\t<img\n\t\t\t\t\ttitle=\"Kiford\u00edt\u00e1s el\u0151tt\"\n\t\t\t\t\talt=\"Kiford\u00edt\u00e1s el\u0151tt\"\n\t\t\t\t\tdata-src=\"https:\/\/coolinart.cafe\/blog\/wp-content\/gallery\/tatin-torta\/thumbs\/thumbs_20160912_180207.jpg?t=1473937235\"\n\t\t\t\t\twidth=\"240\"\n\t\t\t\t\theight=\"160\"\n\t\t\t\t\tstyle=\"--smush-placeholder-width: 240px; --smush-placeholder-aspect-ratio: 240\/160;max-width:100%;\"\n\t\t\t\t src=\"data:image\/svg+xml;base64,PHN2ZyB3aWR0aD0iMSIgaGVpZ2h0PSIxIiB4bWxucz0iaHR0cDovL3d3dy53My5vcmcvMjAwMC9zdmciPjwvc3ZnPg==\" class=\"lazyload\" \/>\n\t\t\t<\/a>\n\t\t<\/div>\n\t\t\t\t\t\t\t<\/div>\n\t\t\t\n\t\t\t\t<div id=\"ngg-image-3\" class=\"ngg-gallery-thumbnail-box\n\t\t\t\t\t\t\t\t\t\t\t\"\n\t\t\t>\n\t\t\t\t\t\t<div class=\"ngg-gallery-thumbnail\">\n\t\t<a href=\"https:\/\/coolinart.cafe\/blog\/wp-content\/gallery\/tatin-torta\/Blog20160910_134514.jpg?t=1473937235\"\n\t\t\ttitle=\"\"\n\t\t\tdata-src=\"https:\/\/coolinart.cafe\/blog\/wp-content\/gallery\/tatin-torta\/Blog20160910_134514.jpg?t=1473937235\"\n\t\t\tdata-thumbnail=\"https:\/\/coolinart.cafe\/blog\/wp-content\/gallery\/tatin-torta\/thumbs\/thumbs_Blog20160910_134514.jpg?t=1473937235\"\n\t\t\tdata-image-id=\"23\"\n\t\t\tdata-image-name=\"Blog20160910_134514.jpg\"\n\t\t\tdata-title=\"Kiford\u00edt\u00e1s ut\u00e1n\"\n\t\t\tdata-description=\"\"\n\t\t\tdata-image-slug=\"blog20160910_134514\"\n\t\t\t\t\t\t\t\t\t\t\t\t\t\t\t\t\t\t\t\tclass='nggobasic-fancybox' rel='f4edf4985ada739faac2923643fd3174'>\n\t\t\t\t\t\t\t\t<img\n\t\t\t\t\ttitle=\"Kiford\u00edt\u00e1s ut\u00e1n\"\n\t\t\t\t\talt=\"Kiford\u00edt\u00e1s ut\u00e1n\"\n\t\t\t\t\tdata-src=\"https:\/\/coolinart.cafe\/blog\/wp-content\/gallery\/tatin-torta\/thumbs\/thumbs_Blog20160910_134514.jpg?t=1473937235\"\n\t\t\t\t\twidth=\"240\"\n\t\t\t\t\theight=\"160\"\n\t\t\t\t\tstyle=\"--smush-placeholder-width: 240px; --smush-placeholder-aspect-ratio: 240\/160;max-width:100%;\"\n\t\t\t\t src=\"data:image\/svg+xml;base64,PHN2ZyB3aWR0aD0iMSIgaGVpZ2h0PSIxIiB4bWxucz0iaHR0cDovL3d3dy53My5vcmcvMjAwMC9zdmciPjwvc3ZnPg==\" class=\"lazyload\" \/>\n\t\t\t<\/a>\n\t\t<\/div>\n\t\t\t\t\t\t\t<\/div>\n\t\t\t\n\t\t\t\t<div id=\"ngg-image-4\" class=\"ngg-gallery-thumbnail-box\n\t\t\t\t\t\t\t\t\t\t\t\"\n\t\t\t>\n\t\t\t\t\t\t<div class=\"ngg-gallery-thumbnail\">\n\t\t<a href=\"https:\/\/coolinart.cafe\/blog\/wp-content\/gallery\/tatin-torta\/Blog2016-09-13-15-58-48.jpg?t=1473937235\"\n\t\t\ttitle=\"\"\n\t\t\tdata-src=\"https:\/\/coolinart.cafe\/blog\/wp-content\/gallery\/tatin-torta\/Blog2016-09-13-15-58-48.jpg?t=1473937235\"\n\t\t\tdata-thumbnail=\"https:\/\/coolinart.cafe\/blog\/wp-content\/gallery\/tatin-torta\/thumbs\/thumbs_Blog2016-09-13-15-58-48.jpg?t=1473937235\"\n\t\t\tdata-image-id=\"22\"\n\t\t\tdata-image-name=\"Blog2016-09-13-15-58-48.jpg\"\n\t\t\tdata-title=\"Egy gomb\u00f3c fagyival\"\n\t\t\tdata-description=\"\"\n\t\t\tdata-image-slug=\"blog2016-09-13-15-58-48\"\n\t\t\t\t\t\t\t\t\t\t\t\t\t\t\t\t\t\t\t\tclass='nggobasic-fancybox' rel='f4edf4985ada739faac2923643fd3174'>\n\t\t\t\t\t\t\t\t<img\n\t\t\t\t\ttitle=\"Egy gomb\u00f3c fagyival\"\n\t\t\t\t\talt=\"Egy gomb\u00f3c fagyival\"\n\t\t\t\t\tdata-src=\"https:\/\/coolinart.cafe\/blog\/wp-content\/gallery\/tatin-torta\/thumbs\/thumbs_Blog2016-09-13-15-58-48.jpg?t=1473937235\"\n\t\t\t\t\twidth=\"240\"\n\t\t\t\t\theight=\"160\"\n\t\t\t\t\tstyle=\"--smush-placeholder-width: 240px; --smush-placeholder-aspect-ratio: 240\/160;max-width:100%;\"\n\t\t\t\t src=\"data:image\/svg+xml;base64,PHN2ZyB3aWR0aD0iMSIgaGVpZ2h0PSIxIiB4bWxucz0iaHR0cDovL3d3dy53My5vcmcvMjAwMC9zdmciPjwvc3ZnPg==\" class=\"lazyload\" \/>\n\t\t\t<\/a>\n\t\t<\/div>\n\t\t\t\t\t\t\t<\/div>\n\t\t\t\n\t\n\t<br style=\"clear: both\" \/>\n\n\t\t<div class=\"slideshowlink\">\n\t\t<a href='https:\/\/coolinart.cafe\/blog\/2016\/09\/tarte-tatin\/nggallery\/slideshow'>[Diavet\u00edt\u00e9s ind\u00edt\u00e1sa]<\/a>\n\n\t<\/div>\n\t\n\t\t<!-- Pagination -->\n\t\t<div class='ngg-clear'><\/div>\t<\/div>\n<\/p>\n<p style=\"text-align: justify;\">Az egyik \u0151szi\/t\u00e9li kedvencem a Tarte Tatin, azaz a kiford\u00edtott, karamelliz\u00e1lt, francia almatorta. Nagyon r\u00e9gi francia recept, ami a Tatin n\u0151v\u00e9rekr\u0151l kapta a nev\u00e9t. \u00c1ll\u00edt\u00f3lag m\u00e9g ma is m\u0171k\u00f6dik az a fogad\u00f3 Franciaorsz\u00e1gban, Orl\u00e9ans-t\u00f3l nem messze, ahol \u0151k k\u00e9sz\u00edtett\u00e9k. Persze van hozz\u00e1 legenda is, hogy kifelejtett\u00e9k az alma al\u00f3l a t\u00e9szt\u00e1t, \u00e9s ut\u00e1na menteni akart\u00e1k a menthet\u0151t, \u00edgy a tetej\u00e9re rakt\u00e1k, \u00e9s \u00fagy tett\u00e9k a s\u00fct\u0151be. Mindegy is, hogyan tal\u00e1lt\u00e1k ki, de \u00e1ldani lehet \u00e9rte a nev\u00fcket, annyira finom!<\/p>\n<p style=\"text-align: justify;\"><img data-recalc-dims=\"1\" decoding=\"async\" class=\"zoooom aligncenter wp-image-1540 size-large lazyload\" data-src=\"https:\/\/i0.wp.com\/coolinart.cafe\/blog\/wp-content\/uploads\/2016\/09\/Blog20160910_134514.jpg?resize=665%2C557&#038;ssl=1\" alt=\"Tarte tatin\" width=\"665\" height=\"557\" data-srcset=\"https:\/\/i0.wp.com\/coolinart.cafe\/blog\/wp-content\/uploads\/2016\/09\/Blog20160910_134514-scaled.jpg?resize=1024%2C857&amp;ssl=1 1024w, https:\/\/i0.wp.com\/coolinart.cafe\/blog\/wp-content\/uploads\/2016\/09\/Blog20160910_134514-scaled.jpg?resize=600%2C502&amp;ssl=1 600w, https:\/\/i0.wp.com\/coolinart.cafe\/blog\/wp-content\/uploads\/2016\/09\/Blog20160910_134514-scaled.jpg?resize=300%2C251&amp;ssl=1 300w, https:\/\/i0.wp.com\/coolinart.cafe\/blog\/wp-content\/uploads\/2016\/09\/Blog20160910_134514-scaled.jpg?resize=768%2C643&amp;ssl=1 768w, https:\/\/i0.wp.com\/coolinart.cafe\/blog\/wp-content\/uploads\/2016\/09\/Blog20160910_134514-scaled.jpg?w=1330&amp;ssl=1 1330w, https:\/\/i0.wp.com\/coolinart.cafe\/blog\/wp-content\/uploads\/2016\/09\/Blog20160910_134514-scaled.jpg?w=1995&amp;ssl=1 1995w\" data-sizes=\"(max-width: 665px) 100vw, 665px\" src=\"data:image\/svg+xml;base64,PHN2ZyB3aWR0aD0iMSIgaGVpZ2h0PSIxIiB4bWxucz0iaHR0cDovL3d3dy53My5vcmcvMjAwMC9zdmciPjwvc3ZnPg==\" style=\"--smush-placeholder-width: 665px; --smush-placeholder-aspect-ratio: 665\/557;\" \/><\/p>\n<p style=\"text-align: justify;\">\u00c9n el\u0151sz\u00f6r ind\u00edtom jonat\u00e1nnal a szezont, azut\u00e1n \u00e1tt\u00e9rek a k\u00f6rt\u00e9s verzi\u00f3ra, majd novemberben a birsalm\u00e1s k\u00f6vetkezik. L\u00e1ttam bel\u0151le olyat, hogy ezt az isteni, vajas linzert\u00e9szt\u00e1t helyettes\u00edtik leveles t\u00e9szt\u00e1val. Ne tegy\u00e9tek! K\u00f6ze nem lesz hozz\u00e1. A Tarte Tatin t\u00e9szt\u00e1ja igazi, vajas linzert\u00e9szta. Nem margarin!<!--more--><\/p>\n<p><em>Hozz\u00e1val\u00f3k:<\/em><\/p>\n<p>A t\u00e9szt\u00e1hoz:<\/p>\n<ul>\n<li>25 dkg liszt<\/li>\n<li>15 dkg hideg vaj, apr\u00f3 kock\u00e1kra v\u00e1gva<\/li>\n<li>2 csomag van\u00edli\u00e1s cukor<\/li>\n<li>3 toj\u00e1s s\u00e1rg\u00e1ja<\/li>\n<li>1 csipet s\u00f3<\/li>\n<\/ul>\n<p>Az alm\u00e1hoz:<\/p>\n<ul>\n<li>5 dkg vaj<\/li>\n<li>10 dkg cukor<\/li>\n<li>5-6 szem alma megh\u00e1mozva, nyolcadokra v\u00e1gva<\/li>\n<\/ul>\n<p style=\"text-align: justify;\">A t\u00e9szt\u00e1hoz a lisztet, a cukrot, s\u00f3t \u00e9s a vajat morzsal\u00e9kosra d\u00f6rzs\u00f6l\u00f6m. Hozz\u00e1adom a toj\u00e1ss\u00e1rg\u00e1kat, \u00e9s gyors mozdulatokkal sima t\u00e9szt\u00e1v\u00e1 \u00f6sszegy\u00farom, majd letakarva 30 percre a h\u0171t\u0151be teszem. Am\u00edg pihen, el\u0151k\u00e9sz\u00edtem az alm\u00e1t: eg\u00e9szben megh\u00e1mozom, cikkekre szeletelem (hatodok vagy nyolcadok, alma m\u00e9ret\u00e9t\u0151l f\u00fcgg\u0151en). Egy kerek 26-28 cm-es teflon tortaform\u00e1ban, vagy h\u0151\u00e1ll\u00f3 t\u00e1lban megolvasztom a vajat, \u00e9s a cukrot, majd k\u00f6zepes l\u00e1ngon karamelliz\u00e1lom. Ha m\u00e1r sz\u00e9p barna, a karamellbe belehelyezem k\u00f6rbe az almacikkeket, \u00e9s m\u00e9g takar\u00e9k l\u00e1ngon kb. 10 percig hagyom bugyogni az alm\u00e1t a szirupban. K\u00f6zben a s\u00fct\u0151t bekapcsolom 200 fokra. A h\u0171t\u0151b\u0151l kiveszem a t\u00e9szt\u00e1t, \u00e9s egy s\u00fct\u0151pap\u00edron kiny\u00fajtom kb. akkor\u00e1ra, mint a s\u00fct\u0151form\u00e1m. K\u00f6zben biztosan kell lisztezni, mert ragad a sok vaj miatt. Az alm\u00e1t leveszem a t\u0171zr\u0151l, \u00e9s a t\u00e9szt\u00e1t a pap\u00edrral egy\u00fctt r\u00e1ford\u00edtom az alm\u00e1kra, majd leh\u00fazom a pap\u00edrt. A t\u00e9szta sz\u00e9l\u00e9t k\u00f6rbe lenyomkodom, \u00e9s beteszem a s\u00fct\u0151be. 200 fokon s\u00fct\u00f6m 20 percet, majd leveszem a h\u0151fokot 175 fokra, \u00e9s s\u00fct\u00f6m m\u00e9g 20 percig. Kiveszem a s\u00fct\u0151b\u0151l, kb. 5-10 percet hagyom h\u0171lni. Ut\u00e1na a sz\u00e9l\u00e9t fellaz\u00edtom egy k\u00e9ssel, a form\u00e1ra r\u00e1teszek egy nagyobb t\u00e1ny\u00e9rt\/t\u00e1lat, \u00e9s gyorsan megford\u00edtom. Ha kicsit elcs\u00fasznak az alm\u00e1k, akkor megigaz\u00edtom. Ne ijedjetek meg, ha nem lesz t\u00f6k\u00e9letes, vagy f\u00e9lrecs\u00faszik, vagy lefolyik. Langyosan, hidegen, van\u00edlia fagyival vagy an\u00e9lk\u00fcl, az egyik legfinomabb s\u00fcti, ak\u00e1rhogyan is n\u00e9z ki, biztosan elfogy! \ud83d\ude42<\/p>\n<p>\u00d6tlet:<\/p>\n<p>Ahogy m\u00e1r eml\u00edtettem k\u00f6rt\u00e9vel \u00e9s birsalm\u00e1val is isteni!<\/p>\n<p><img data-recalc-dims=\"1\" decoding=\"async\" class=\"aligncenter wp-image-1551 size-large lazyload\" data-src=\"https:\/\/i0.wp.com\/coolinart.cafe\/blog\/wp-content\/uploads\/2016\/09\/Blog2016-09-13-15-58-48.jpg?resize=665%2C450&#038;ssl=1\" alt=\"blog2016-09-13-15-58-48\" width=\"665\" height=\"450\" data-srcset=\"https:\/\/i0.wp.com\/coolinart.cafe\/blog\/wp-content\/uploads\/2016\/09\/Blog2016-09-13-15-58-48-scaled.jpg?resize=1024%2C693&amp;ssl=1 1024w, https:\/\/i0.wp.com\/coolinart.cafe\/blog\/wp-content\/uploads\/2016\/09\/Blog2016-09-13-15-58-48-scaled.jpg?resize=600%2C406&amp;ssl=1 600w, https:\/\/i0.wp.com\/coolinart.cafe\/blog\/wp-content\/uploads\/2016\/09\/Blog2016-09-13-15-58-48-scaled.jpg?resize=300%2C203&amp;ssl=1 300w, https:\/\/i0.wp.com\/coolinart.cafe\/blog\/wp-content\/uploads\/2016\/09\/Blog2016-09-13-15-58-48-scaled.jpg?resize=768%2C520&amp;ssl=1 768w, https:\/\/i0.wp.com\/coolinart.cafe\/blog\/wp-content\/uploads\/2016\/09\/Blog2016-09-13-15-58-48-scaled.jpg?w=1330&amp;ssl=1 1330w, https:\/\/i0.wp.com\/coolinart.cafe\/blog\/wp-content\/uploads\/2016\/09\/Blog2016-09-13-15-58-48-scaled.jpg?w=1995&amp;ssl=1 1995w\" data-sizes=\"(max-width: 665px) 100vw, 665px\" src=\"data:image\/svg+xml;base64,PHN2ZyB3aWR0aD0iMSIgaGVpZ2h0PSIxIiB4bWxucz0iaHR0cDovL3d3dy53My5vcmcvMjAwMC9zdmciPjwvc3ZnPg==\" style=\"--smush-placeholder-width: 665px; --smush-placeholder-aspect-ratio: 665\/450;\" \/><\/p>\n<p>&nbsp;<\/p>\n<p>&nbsp;<\/p>\n","protected":false},"excerpt":{"rendered":"<p>[Diavet\u00edt\u00e9s ind\u00edt\u00e1sa] Az egyik \u0151szi\/t\u00e9li kedvencem a Tarte Tatin, azaz a kiford\u00edtott, karamelliz\u00e1lt, francia almatorta. Nagyon r\u00e9gi francia recept, ami a Tatin n\u0151v\u00e9rekr\u0151l kapta a nev\u00e9t. \u00c1ll\u00edt\u00f3lag m\u00e9g ma is m\u0171k\u00f6dik az a fogad\u00f3 Franciaorsz\u00e1gban, Orl\u00e9ans-t\u00f3l nem messze, ahol \u0151k k\u00e9sz\u00edtett\u00e9k. Persze van hozz\u00e1 legenda is, hogy kifelejtett\u00e9k az alma al\u00f3l a t\u00e9szt\u00e1t, \u00e9s ut\u00e1na [&hellip;]<\/p>\n","protected":false},"author":2,"featured_media":0,"comment_status":"open","ping_status":"open","sticky":false,"template":"","format":"standard","meta":{"ngg_post_thumbnail":0,"_jetpack_memberships_contains_paid_content":false,"footnotes":""},"categories":[14,2],"tags":[99,61],"class_list":["post-1538","post","type-post","status-publish","format-standard","hentry","category-edessegek","category-recept","tag-alma","tag-vega"],"yoast_head":"<!-- This site is optimized with the Yoast SEO plugin v27.4 - https:\/\/yoast.com\/product\/yoast-seo-wordpress\/ -->\n<title>Tarte Tatin - Coolinart.cafe<\/title>\n<meta name=\"description\" content=\"A Tarte Tatin egy remek, r\u00e9gi, francia s\u00fctem\u00e9ny. Karamelliz\u00e1lt alma, vajas linzert\u00e9szta. Az \u0151sz \u00e9s a t\u00e9l elmaradhatatlan s\u00fctem\u00e9nye!\" \/>\n<meta name=\"robots\" content=\"index, follow, max-snippet:-1, max-image-preview:large, max-video-preview:-1\" \/>\n<link rel=\"canonical\" href=\"https:\/\/coolinart.cafe\/blog\/2016\/09\/tarte-tatin\/\" \/>\n<meta property=\"og:locale\" content=\"hu_HU\" \/>\n<meta property=\"og:type\" content=\"article\" \/>\n<meta property=\"og:title\" content=\"Tarte Tatin - Coolinart.cafe\" \/>\n<meta property=\"og:description\" content=\"A Tarte Tatin egy remek, r\u00e9gi, francia s\u00fctem\u00e9ny. Karamelliz\u00e1lt alma, vajas linzert\u00e9szta. Az \u0151sz \u00e9s a t\u00e9l elmaradhatatlan s\u00fctem\u00e9nye!\" \/>\n<meta property=\"og:url\" content=\"https:\/\/coolinart.cafe\/blog\/2016\/09\/tarte-tatin\/\" \/>\n<meta property=\"og:site_name\" content=\"Coolinart.cafe\" \/>\n<meta property=\"article:publisher\" content=\"https:\/\/www.facebook.com\/coolinart.cafe\/\" \/>\n<meta property=\"article:published_time\" content=\"2016-09-15T11:11:40+00:00\" \/>\n<meta property=\"og:image\" content=\"https:\/\/i1.wp.com\/coolinart.cafe\/blog\/wp-content\/uploads\/2016\/09\/FB2-20160910_134521.jpg?fit=1200%2C631&ssl=1\" \/>\n\t<meta property=\"og:image:width\" content=\"1200\" \/>\n\t<meta property=\"og:image:height\" content=\"631\" \/>\n\t<meta property=\"og:image:type\" content=\"image\/jpeg\" \/>\n<meta name=\"author\" content=\"Sulyok Gy\u00f6rgyi\" \/>\n<meta name=\"twitter:card\" content=\"summary_large_image\" \/>\n<meta name=\"twitter:label1\" content=\"Szerz\u0151:\" \/>\n\t<meta name=\"twitter:data1\" content=\"Sulyok Gy\u00f6rgyi\" \/>\n\t<meta name=\"twitter:label2\" content=\"Becs\u00fclt olvas\u00e1si id\u0151\" \/>\n\t<meta name=\"twitter:data2\" content=\"3 perc\" \/>\n<script type=\"application\/ld+json\" class=\"yoast-schema-graph\">{\"@context\":\"https:\\\/\\\/schema.org\",\"@graph\":[{\"@type\":\"Article\",\"@id\":\"https:\\\/\\\/coolinart.cafe\\\/blog\\\/2016\\\/09\\\/tarte-tatin\\\/#article\",\"isPartOf\":{\"@id\":\"https:\\\/\\\/coolinart.cafe\\\/blog\\\/2016\\\/09\\\/tarte-tatin\\\/\"},\"author\":{\"name\":\"Sulyok Gy\u00f6rgyi\",\"@id\":\"https:\\\/\\\/coolinart.cafe\\\/blog\\\/#\\\/schema\\\/person\\\/0b9046a8abdce332b3919b077f7376b2\"},\"headline\":\"Tarte Tatin\",\"datePublished\":\"2016-09-15T11:11:40+00:00\",\"mainEntityOfPage\":{\"@id\":\"https:\\\/\\\/coolinart.cafe\\\/blog\\\/2016\\\/09\\\/tarte-tatin\\\/\"},\"wordCount\":561,\"commentCount\":0,\"image\":{\"@id\":\"https:\\\/\\\/coolinart.cafe\\\/blog\\\/2016\\\/09\\\/tarte-tatin\\\/#primaryimage\"},\"thumbnailUrl\":\"https:\\\/\\\/coolinart.cafe\\\/blog\\\/nextgen-attach_to_post\\\/preview\\\/id--1568\",\"keywords\":[\"Alma\",\"Vega\"],\"articleSection\":[\"Desszertek\",\"Receptek\"],\"inLanguage\":\"hu\",\"potentialAction\":[{\"@type\":\"CommentAction\",\"name\":\"Comment\",\"target\":[\"https:\\\/\\\/coolinart.cafe\\\/blog\\\/2016\\\/09\\\/tarte-tatin\\\/#respond\"]}]},{\"@type\":\"WebPage\",\"@id\":\"https:\\\/\\\/coolinart.cafe\\\/blog\\\/2016\\\/09\\\/tarte-tatin\\\/\",\"url\":\"https:\\\/\\\/coolinart.cafe\\\/blog\\\/2016\\\/09\\\/tarte-tatin\\\/\",\"name\":\"Tarte Tatin - Coolinart.cafe\",\"isPartOf\":{\"@id\":\"https:\\\/\\\/coolinart.cafe\\\/blog\\\/#website\"},\"primaryImageOfPage\":{\"@id\":\"https:\\\/\\\/coolinart.cafe\\\/blog\\\/2016\\\/09\\\/tarte-tatin\\\/#primaryimage\"},\"image\":{\"@id\":\"https:\\\/\\\/coolinart.cafe\\\/blog\\\/2016\\\/09\\\/tarte-tatin\\\/#primaryimage\"},\"thumbnailUrl\":\"https:\\\/\\\/coolinart.cafe\\\/blog\\\/nextgen-attach_to_post\\\/preview\\\/id--1568\",\"datePublished\":\"2016-09-15T11:11:40+00:00\",\"author\":{\"@id\":\"https:\\\/\\\/coolinart.cafe\\\/blog\\\/#\\\/schema\\\/person\\\/0b9046a8abdce332b3919b077f7376b2\"},\"description\":\"A Tarte Tatin egy remek, r\u00e9gi, francia s\u00fctem\u00e9ny. Karamelliz\u00e1lt alma, vajas linzert\u00e9szta. Az \u0151sz \u00e9s a t\u00e9l elmaradhatatlan s\u00fctem\u00e9nye!\",\"breadcrumb\":{\"@id\":\"https:\\\/\\\/coolinart.cafe\\\/blog\\\/2016\\\/09\\\/tarte-tatin\\\/#breadcrumb\"},\"inLanguage\":\"hu\",\"potentialAction\":[{\"@type\":\"ReadAction\",\"target\":[\"https:\\\/\\\/coolinart.cafe\\\/blog\\\/2016\\\/09\\\/tarte-tatin\\\/\"]}]},{\"@type\":\"ImageObject\",\"inLanguage\":\"hu\",\"@id\":\"https:\\\/\\\/coolinart.cafe\\\/blog\\\/2016\\\/09\\\/tarte-tatin\\\/#primaryimage\",\"url\":\"https:\\\/\\\/coolinart.cafe\\\/blog\\\/nextgen-attach_to_post\\\/preview\\\/id--1568\",\"contentUrl\":\"https:\\\/\\\/coolinart.cafe\\\/blog\\\/nextgen-attach_to_post\\\/preview\\\/id--1568\"},{\"@type\":\"BreadcrumbList\",\"@id\":\"https:\\\/\\\/coolinart.cafe\\\/blog\\\/2016\\\/09\\\/tarte-tatin\\\/#breadcrumb\",\"itemListElement\":[{\"@type\":\"ListItem\",\"position\":1,\"name\":\"Home\",\"item\":\"https:\\\/\\\/coolinart.cafe\\\/blog\\\/\"},{\"@type\":\"ListItem\",\"position\":2,\"name\":\"Tarte Tatin\"}]},{\"@type\":\"WebSite\",\"@id\":\"https:\\\/\\\/coolinart.cafe\\\/blog\\\/#website\",\"url\":\"https:\\\/\\\/coolinart.cafe\\\/blog\\\/\",\"name\":\"Coolinart.cafe\",\"description\":\"\u00e9tel, k\u00e1v\u00e9, kult\u00fara\",\"potentialAction\":[{\"@type\":\"SearchAction\",\"target\":{\"@type\":\"EntryPoint\",\"urlTemplate\":\"https:\\\/\\\/coolinart.cafe\\\/blog\\\/?s={search_term_string}\"},\"query-input\":{\"@type\":\"PropertyValueSpecification\",\"valueRequired\":true,\"valueName\":\"search_term_string\"}}],\"inLanguage\":\"hu\"},{\"@type\":\"Person\",\"@id\":\"https:\\\/\\\/coolinart.cafe\\\/blog\\\/#\\\/schema\\\/person\\\/0b9046a8abdce332b3919b077f7376b2\",\"name\":\"Sulyok Gy\u00f6rgyi\",\"image\":{\"@type\":\"ImageObject\",\"inLanguage\":\"hu\",\"@id\":\"https:\\\/\\\/secure.gravatar.com\\\/avatar\\\/f7d80d7800220762f9cf31559c65e650bdc8299f18bca4e3ffde781c0422539c?s=96&d=mm&r=g\",\"url\":\"https:\\\/\\\/secure.gravatar.com\\\/avatar\\\/f7d80d7800220762f9cf31559c65e650bdc8299f18bca4e3ffde781c0422539c?s=96&d=mm&r=g\",\"contentUrl\":\"https:\\\/\\\/secure.gravatar.com\\\/avatar\\\/f7d80d7800220762f9cf31559c65e650bdc8299f18bca4e3ffde781c0422539c?s=96&d=mm&r=g\",\"caption\":\"Sulyok Gy\u00f6rgyi\"},\"sameAs\":[\"http:\\\/\\\/www.coolinart.cafe\"],\"url\":\"https:\\\/\\\/coolinart.cafe\\\/blog\\\/author\\\/gyorgyi\\\/\"}]}<\/script>\n<!-- \/ Yoast SEO plugin. -->","yoast_head_json":{"title":"Tarte Tatin - Coolinart.cafe","description":"A Tarte Tatin egy remek, r\u00e9gi, francia s\u00fctem\u00e9ny. Karamelliz\u00e1lt alma, vajas linzert\u00e9szta. Az \u0151sz \u00e9s a t\u00e9l elmaradhatatlan s\u00fctem\u00e9nye!","robots":{"index":"index","follow":"follow","max-snippet":"max-snippet:-1","max-image-preview":"max-image-preview:large","max-video-preview":"max-video-preview:-1"},"canonical":"https:\/\/coolinart.cafe\/blog\/2016\/09\/tarte-tatin\/","og_locale":"hu_HU","og_type":"article","og_title":"Tarte Tatin - Coolinart.cafe","og_description":"A Tarte Tatin egy remek, r\u00e9gi, francia s\u00fctem\u00e9ny. Karamelliz\u00e1lt alma, vajas linzert\u00e9szta. Az \u0151sz \u00e9s a t\u00e9l elmaradhatatlan s\u00fctem\u00e9nye!","og_url":"https:\/\/coolinart.cafe\/blog\/2016\/09\/tarte-tatin\/","og_site_name":"Coolinart.cafe","article_publisher":"https:\/\/www.facebook.com\/coolinart.cafe\/","article_published_time":"2016-09-15T11:11:40+00:00","og_image":[{"width":1200,"height":631,"url":"https:\/\/i1.wp.com\/coolinart.cafe\/blog\/wp-content\/uploads\/2016\/09\/FB2-20160910_134521.jpg?fit=1200%2C631&ssl=1","type":"image\/jpeg"}],"author":"Sulyok Gy\u00f6rgyi","twitter_card":"summary_large_image","twitter_misc":{"Szerz\u0151:":"Sulyok Gy\u00f6rgyi","Becs\u00fclt olvas\u00e1si id\u0151":"3 perc"},"schema":{"@context":"https:\/\/schema.org","@graph":[{"@type":"Article","@id":"https:\/\/coolinart.cafe\/blog\/2016\/09\/tarte-tatin\/#article","isPartOf":{"@id":"https:\/\/coolinart.cafe\/blog\/2016\/09\/tarte-tatin\/"},"author":{"name":"Sulyok Gy\u00f6rgyi","@id":"https:\/\/coolinart.cafe\/blog\/#\/schema\/person\/0b9046a8abdce332b3919b077f7376b2"},"headline":"Tarte Tatin","datePublished":"2016-09-15T11:11:40+00:00","mainEntityOfPage":{"@id":"https:\/\/coolinart.cafe\/blog\/2016\/09\/tarte-tatin\/"},"wordCount":561,"commentCount":0,"image":{"@id":"https:\/\/coolinart.cafe\/blog\/2016\/09\/tarte-tatin\/#primaryimage"},"thumbnailUrl":"https:\/\/coolinart.cafe\/blog\/nextgen-attach_to_post\/preview\/id--1568","keywords":["Alma","Vega"],"articleSection":["Desszertek","Receptek"],"inLanguage":"hu","potentialAction":[{"@type":"CommentAction","name":"Comment","target":["https:\/\/coolinart.cafe\/blog\/2016\/09\/tarte-tatin\/#respond"]}]},{"@type":"WebPage","@id":"https:\/\/coolinart.cafe\/blog\/2016\/09\/tarte-tatin\/","url":"https:\/\/coolinart.cafe\/blog\/2016\/09\/tarte-tatin\/","name":"Tarte Tatin - Coolinart.cafe","isPartOf":{"@id":"https:\/\/coolinart.cafe\/blog\/#website"},"primaryImageOfPage":{"@id":"https:\/\/coolinart.cafe\/blog\/2016\/09\/tarte-tatin\/#primaryimage"},"image":{"@id":"https:\/\/coolinart.cafe\/blog\/2016\/09\/tarte-tatin\/#primaryimage"},"thumbnailUrl":"https:\/\/coolinart.cafe\/blog\/nextgen-attach_to_post\/preview\/id--1568","datePublished":"2016-09-15T11:11:40+00:00","author":{"@id":"https:\/\/coolinart.cafe\/blog\/#\/schema\/person\/0b9046a8abdce332b3919b077f7376b2"},"description":"A Tarte Tatin egy remek, r\u00e9gi, francia s\u00fctem\u00e9ny. Karamelliz\u00e1lt alma, vajas linzert\u00e9szta. Az \u0151sz \u00e9s a t\u00e9l elmaradhatatlan s\u00fctem\u00e9nye!","breadcrumb":{"@id":"https:\/\/coolinart.cafe\/blog\/2016\/09\/tarte-tatin\/#breadcrumb"},"inLanguage":"hu","potentialAction":[{"@type":"ReadAction","target":["https:\/\/coolinart.cafe\/blog\/2016\/09\/tarte-tatin\/"]}]},{"@type":"ImageObject","inLanguage":"hu","@id":"https:\/\/coolinart.cafe\/blog\/2016\/09\/tarte-tatin\/#primaryimage","url":"https:\/\/coolinart.cafe\/blog\/nextgen-attach_to_post\/preview\/id--1568","contentUrl":"https:\/\/coolinart.cafe\/blog\/nextgen-attach_to_post\/preview\/id--1568"},{"@type":"BreadcrumbList","@id":"https:\/\/coolinart.cafe\/blog\/2016\/09\/tarte-tatin\/#breadcrumb","itemListElement":[{"@type":"ListItem","position":1,"name":"Home","item":"https:\/\/coolinart.cafe\/blog\/"},{"@type":"ListItem","position":2,"name":"Tarte Tatin"}]},{"@type":"WebSite","@id":"https:\/\/coolinart.cafe\/blog\/#website","url":"https:\/\/coolinart.cafe\/blog\/","name":"Coolinart.cafe","description":"\u00e9tel, k\u00e1v\u00e9, kult\u00fara","potentialAction":[{"@type":"SearchAction","target":{"@type":"EntryPoint","urlTemplate":"https:\/\/coolinart.cafe\/blog\/?s={search_term_string}"},"query-input":{"@type":"PropertyValueSpecification","valueRequired":true,"valueName":"search_term_string"}}],"inLanguage":"hu"},{"@type":"Person","@id":"https:\/\/coolinart.cafe\/blog\/#\/schema\/person\/0b9046a8abdce332b3919b077f7376b2","name":"Sulyok Gy\u00f6rgyi","image":{"@type":"ImageObject","inLanguage":"hu","@id":"https:\/\/secure.gravatar.com\/avatar\/f7d80d7800220762f9cf31559c65e650bdc8299f18bca4e3ffde781c0422539c?s=96&d=mm&r=g","url":"https:\/\/secure.gravatar.com\/avatar\/f7d80d7800220762f9cf31559c65e650bdc8299f18bca4e3ffde781c0422539c?s=96&d=mm&r=g","contentUrl":"https:\/\/secure.gravatar.com\/avatar\/f7d80d7800220762f9cf31559c65e650bdc8299f18bca4e3ffde781c0422539c?s=96&d=mm&r=g","caption":"Sulyok Gy\u00f6rgyi"},"sameAs":["http:\/\/www.coolinart.cafe"],"url":"https:\/\/coolinart.cafe\/blog\/author\/gyorgyi\/"}]}},"jetpack_featured_media_url":"","jetpack_sharing_enabled":true,"_links":{"self":[{"href":"https:\/\/coolinart.cafe\/blog\/wp-json\/wp\/v2\/posts\/1538","targetHints":{"allow":["GET"]}}],"collection":[{"href":"https:\/\/coolinart.cafe\/blog\/wp-json\/wp\/v2\/posts"}],"about":[{"href":"https:\/\/coolinart.cafe\/blog\/wp-json\/wp\/v2\/types\/post"}],"author":[{"embeddable":true,"href":"https:\/\/coolinart.cafe\/blog\/wp-json\/wp\/v2\/users\/2"}],"replies":[{"embeddable":true,"href":"https:\/\/coolinart.cafe\/blog\/wp-json\/wp\/v2\/comments?post=1538"}],"version-history":[{"count":13,"href":"https:\/\/coolinart.cafe\/blog\/wp-json\/wp\/v2\/posts\/1538\/revisions"}],"predecessor-version":[{"id":1569,"href":"https:\/\/coolinart.cafe\/blog\/wp-json\/wp\/v2\/posts\/1538\/revisions\/1569"}],"wp:attachment":[{"href":"https:\/\/coolinart.cafe\/blog\/wp-json\/wp\/v2\/media?parent=1538"}],"wp:term":[{"taxonomy":"category","embeddable":true,"href":"https:\/\/coolinart.cafe\/blog\/wp-json\/wp\/v2\/categories?post=1538"},{"taxonomy":"post_tag","embeddable":true,"href":"https:\/\/coolinart.cafe\/blog\/wp-json\/wp\/v2\/tags?post=1538"}],"curies":[{"name":"wp","href":"https:\/\/api.w.org\/{rel}","templated":true}]}}