{"id":1256,"date":"2016-08-16T15:46:47","date_gmt":"2016-08-16T13:46:47","guid":{"rendered":"http:\/\/coolinart.cafe\/blog\/?p=1256"},"modified":"2016-09-05T08:46:43","modified_gmt":"2016-09-05T06:46:43","slug":"biciklis-gasztro-kalandozas-a-dunakanyarban","status":"publish","type":"post","link":"https:\/\/coolinart.cafe\/blog\/2016\/08\/biciklis-gasztro-kalandozas-a-dunakanyarban\/","title":{"rendered":"Biciklis gasztro kir\u00e1ndul\u00e1s a Dunakanyarban"},"content":{"rendered":"<p style=\"text-align: justify;\">Vid\u00e9ki biciklis gasztro kalandoz\u00e1sainkat a <a href=\"https:\/\/coolinart.cafe\/blog\/2016\/07\/gasztro-kalandozas-balaton-felvideken\/\">Balaton-felvid\u00e9k<\/a> ut\u00e1n a Dunakanyarban folytattuk. Annak ellen\u00e9re, hogy Szentendr\u00e9hez nagyon k\u00f6zel van &#8211; vagy tal\u00e1n \u00e9ppen az\u00e9rt? &#8211; \u00e9vek \u00f3ta nem j\u00e1rtunk Zebeg\u00e9nyben \u00e9s k\u00f6rny\u00e9k\u00e9n. Tavasszal az egyik sikeres v\u00e1llalkoz\u00e1sokat bemutat\u00f3 magazin oldal\u00e1n tal\u00e1lkoztam el\u0151sz\u00f6r a <a href=\"http:\/\/naturahill.hu\/\">Natura Hill<\/a> sz\u00e1ll\u00e1shellyel. \u00d6kol\u00f3giai szeml\u00e9let, fenntarthat\u00f3 vend\u00e9gl\u00e1t\u00e1s, energiahat\u00e9konys\u00e1g, geotermikus h\u0151szivatty\u00fa. Az \u00e9tteremben mesterszak\u00e1cs f\u0151z a helyi, k\u00f6rny\u00e9kbeli friss alapanyagokb\u00f3l. R\u00e1kerestem, minden gy\u00f6ny\u00f6r\u0171, minden sz\u00e9p, minden \u00ednycsiklandoz\u00f3. Egyb\u0151l el\u00fcltett\u00e9k a fejemben a bogarat, hogy ezt nekem l\u00e1tnom kell. \u00cdgy \u0151k lettek a kiindul\u00e1si pontunk a k\u00f6rny\u00e9k bebarangol\u00e1s\u00e1hoz.<\/p>\n<figure id=\"attachment_1325\" aria-describedby=\"caption-attachment-1325\" style=\"width: 665px\" class=\"wp-caption aligncenter\"><img data-recalc-dims=\"1\" decoding=\"async\" class=\"wp-image-1325 size-large lazyload\" data-src=\"https:\/\/i0.wp.com\/coolinart.cafe\/blog\/wp-content\/uploads\/2016\/08\/Blog20160803_201642.jpg?resize=665%2C280&#038;ssl=1\" alt=\"Blog20160803_201642\" width=\"665\" height=\"280\" data-srcset=\"https:\/\/i0.wp.com\/coolinart.cafe\/blog\/wp-content\/uploads\/2016\/08\/Blog20160803_201642-scaled.jpg?resize=1024%2C431&amp;ssl=1 1024w, https:\/\/i0.wp.com\/coolinart.cafe\/blog\/wp-content\/uploads\/2016\/08\/Blog20160803_201642-scaled.jpg?resize=600%2C253&amp;ssl=1 600w, https:\/\/i0.wp.com\/coolinart.cafe\/blog\/wp-content\/uploads\/2016\/08\/Blog20160803_201642-scaled.jpg?resize=300%2C126&amp;ssl=1 300w, https:\/\/i0.wp.com\/coolinart.cafe\/blog\/wp-content\/uploads\/2016\/08\/Blog20160803_201642-scaled.jpg?resize=768%2C324&amp;ssl=1 768w, https:\/\/i0.wp.com\/coolinart.cafe\/blog\/wp-content\/uploads\/2016\/08\/Blog20160803_201642-scaled.jpg?w=1330&amp;ssl=1 1330w, https:\/\/i0.wp.com\/coolinart.cafe\/blog\/wp-content\/uploads\/2016\/08\/Blog20160803_201642-scaled.jpg?w=1995&amp;ssl=1 1995w\" data-sizes=\"(max-width: 665px) 100vw, 665px\" src=\"data:image\/svg+xml;base64,PHN2ZyB3aWR0aD0iMSIgaGVpZ2h0PSIxIiB4bWxucz0iaHR0cDovL3d3dy53My5vcmcvMjAwMC9zdmciPjwvc3ZnPg==\" style=\"--smush-placeholder-width: 665px; --smush-placeholder-aspect-ratio: 665\/280;\" \/><figcaption id=\"caption-attachment-1325\" class=\"wp-caption-text\">L\u00e1tv\u00e1ny alkonyatkor a Natura Hillb\u0151l<\/figcaption><\/figure>\n<p style=\"text-align: justify;\"><!--more-->Szerda k\u00e9s\u0151 d\u00e9lut\u00e1n \u00e9rkezt\u00fcnk a hegy legtetej\u00e9n, a r\u00e9gi zebeg\u00e9nyi sz\u0151l\u0151ter\u00fcletek hely\u00e9n meg\u00e9p\u00edtett vend\u00e9gh\u00e1zhoz. Furcsa volt el\u0151sz\u00f6r, hogy hegytet\u0151n vagyunk, \u00e9s m\u00e9gsem erd\u0151, hanem kifejezett pusztas\u00e1g l\u00e1tv\u00e1nya fogadott benn\u00fcnket. Azaz a k\u00f6rny\u00e9ken sehol egy fa. Az egyedileg, design b\u00fatorokkal berendezett nyolc szoba k\u00f6z\u00fcl nek\u00fcnk a levendula szoba jutott, szuper berendez\u00e9ssel, \u00e9s csod\u00e1latos panor\u00e1m\u00e1val a Dunakanyarra. A d\u00e9lut\u00e1ni nap f\u00e9nye ellen zsaluzia v\u00e9d, amit ilyenkor kifejezetten aj\u00e1nlott leh\u00fazni, hogy a falh\u0171t\u00e9ssel \u00e9s f\u0171t\u00e9ssel, valamint a h\u0151visszanyer\u0151 szell\u0151ztet\u0151 rendszerrel\u00a0 kialak\u00edtott szob\u00e1kban a h\u0151m\u00e9rs\u00e9klet ne emelkedjen meg.<\/p>\n<p style=\"text-align: justify;\"><a href=\"https:\/\/i0.wp.com\/naturahill.hu\/wp-content\/uploads\/2014\/12\/D7B3775.jpg\" class=\"gallery_colorbox\" data-lightbox=\"gal[1256]\"><img data-recalc-dims=\"1\" decoding=\"async\" class=\"aligncenter lazyload\" data-src=\"https:\/\/i0.wp.com\/naturahill.hu\/wp-content\/uploads\/2014\/12\/D7B3775.jpg?resize=324%2C216\"  width=\"324\" height=\"216\" src=\"data:image\/svg+xml;base64,PHN2ZyB3aWR0aD0iMSIgaGVpZ2h0PSIxIiB4bWxucz0iaHR0cDovL3d3dy53My5vcmcvMjAwMC9zdmciPjwvc3ZnPg==\" style=\"--smush-placeholder-width: 324px; --smush-placeholder-aspect-ratio: 324\/216;\" \/><\/a><\/p>\n<p style=\"text-align: justify;\">Aznap m\u00e1r nem ment\u00fcnk semerre, csak gy\u00f6ny\u00f6rk\u00f6dt\u00fcnk a l\u00e1tv\u00e1nyban, \u00e9s a csod\u00e1latos n\u00e9gy fog\u00e1sos vacsor\u00e1ban. A vacsor\u00e1ra, illetve a h\u00e1rom fog\u00e1sos eb\u00e9dre el\u0151re be kell jelentkezni, \u00e1 la carte \u00e9tlap nincs. De bejelentkez\u00e9ssel k\u00fcls\u0151s is j\u00f6het. Ez az\u00e9rt lett \u00edgy kialak\u00edtva, hogy csak annyi adagot k\u00e9sz\u00edtsenek el, amennyi elfogy, \u00edgy gyakorlatilag nincs hullad\u00e9k keletkez\u00e9s a konyh\u00e1n sem.<\/p>\n<figure id=\"attachment_1266\" aria-describedby=\"caption-attachment-1266\" style=\"width: 225px\" class=\"wp-caption alignleft\"><img data-recalc-dims=\"1\" decoding=\"async\" class=\"wp-image-1266 size-medium lazyload\" data-src=\"https:\/\/i0.wp.com\/coolinart.cafe\/blog\/wp-content\/uploads\/2016\/08\/20160803_203759-e1471189631857-225x300.jpg?resize=225%2C300&#038;ssl=1\" alt=\"20160803_203759\" width=\"225\" height=\"300\" data-srcset=\"https:\/\/i0.wp.com\/coolinart.cafe\/blog\/wp-content\/uploads\/2016\/08\/20160803_203759-e1471189631857.jpg?resize=225%2C300&amp;ssl=1 225w, https:\/\/i0.wp.com\/coolinart.cafe\/blog\/wp-content\/uploads\/2016\/08\/20160803_203759-e1471189631857.jpg?resize=768%2C1024&amp;ssl=1 768w, https:\/\/i0.wp.com\/coolinart.cafe\/blog\/wp-content\/uploads\/2016\/08\/20160803_203759-e1471189631857.jpg?w=1330&amp;ssl=1 1330w, https:\/\/i0.wp.com\/coolinart.cafe\/blog\/wp-content\/uploads\/2016\/08\/20160803_203759-e1471189631857.jpg?w=1995&amp;ssl=1 1995w\" data-sizes=\"(max-width: 225px) 100vw, 225px\" src=\"data:image\/svg+xml;base64,PHN2ZyB3aWR0aD0iMSIgaGVpZ2h0PSIxIiB4bWxucz0iaHR0cDovL3d3dy53My5vcmcvMjAwMC9zdmciPjwvc3ZnPg==\" style=\"--smush-placeholder-width: 225px; --smush-placeholder-aspect-ratio: 225\/300;\" \/><figcaption id=\"caption-attachment-1266\" class=\"wp-caption-text\">Kecskesajt sal\u00e1ta, naplement\u00e9vel<\/figcaption><\/figure>\n<p style=\"text-align: justify;\">El\u0151\u00e9telnek kecskesajtos sal\u00e1ta \u00e9rkezett, rukkola \u00e1gyon, friss eperrel, egy kis ehet\u0151 vir\u00e1gszirommal d\u00edsz\u00edtve.<\/p>\n<p style=\"text-align: justify;\">Ut\u00e1na pazar, gy\u00f6ngy\u00f6z\u0151 er\u0151leves, amiben vajpuha pofah\u00fas is volt kock\u00e1ra v\u00e1gva.<img data-recalc-dims=\"1\" decoding=\"async\" class=\"alignright wp-image-1268 size-thumbnail lazyload\" data-src=\"https:\/\/i0.wp.com\/coolinart.cafe\/blog\/wp-content\/uploads\/2016\/08\/20160803_205315.jpg?resize=150%2C150&#038;ssl=1\" alt=\"20160803_205315\" width=\"150\" height=\"150\" data-srcset=\"https:\/\/i0.wp.com\/coolinart.cafe\/blog\/wp-content\/uploads\/2016\/08\/20160803_205315.jpg?resize=150%2C150&amp;ssl=1 150w, https:\/\/i0.wp.com\/coolinart.cafe\/blog\/wp-content\/uploads\/2016\/08\/20160803_205315.jpg?resize=100%2C100&amp;ssl=1 100w, https:\/\/i0.wp.com\/coolinart.cafe\/blog\/wp-content\/uploads\/2016\/08\/20160803_205315.jpg?resize=200%2C200&amp;ssl=1 200w, https:\/\/i0.wp.com\/coolinart.cafe\/blog\/wp-content\/uploads\/2016\/08\/20160803_205315.jpg?zoom=2&amp;resize=150%2C150&amp;ssl=1 300w, https:\/\/i0.wp.com\/coolinart.cafe\/blog\/wp-content\/uploads\/2016\/08\/20160803_205315.jpg?zoom=3&amp;resize=150%2C150&amp;ssl=1 450w\" data-sizes=\"(max-width: 150px) 100vw, 150px\" src=\"data:image\/svg+xml;base64,PHN2ZyB3aWR0aD0iMSIgaGVpZ2h0PSIxIiB4bWxucz0iaHR0cDovL3d3dy53My5vcmcvMjAwMC9zdmciPjwvc3ZnPg==\" style=\"--smush-placeholder-width: 150px; --smush-placeholder-aspect-ratio: 150\/150;\" \/><\/p>\n<p style=\"text-align: justify;\">F\u0151\u00e9telnek kacsacomb, k\u00e1poszt\u00e1s nudlival \u00e9s k\u00f6rt\u00e9vel. A h\u00fas oml\u00f3s, a nudli fens\u00e9ges, a k\u00f6rte kell\u0151en f\u0171szeres \u00e9s zamatos volt!<\/p>\n<figure id=\"attachment_1270\" aria-describedby=\"caption-attachment-1270\" style=\"width: 300px\" class=\"wp-caption alignright\"><img data-recalc-dims=\"1\" decoding=\"async\" class=\"wp-image-1270 size-medium lazyload\" data-src=\"https:\/\/i0.wp.com\/coolinart.cafe\/blog\/wp-content\/uploads\/2016\/08\/Blog20160803_212428.jpg?resize=300%2C225&#038;ssl=1\" alt=\"Blog20160803_212428\" width=\"300\" height=\"225\" data-srcset=\"https:\/\/i0.wp.com\/coolinart.cafe\/blog\/wp-content\/uploads\/2016\/08\/Blog20160803_212428.jpg?resize=300%2C225&amp;ssl=1 300w, https:\/\/i0.wp.com\/coolinart.cafe\/blog\/wp-content\/uploads\/2016\/08\/Blog20160803_212428.jpg?resize=768%2C576&amp;ssl=1 768w, https:\/\/i0.wp.com\/coolinart.cafe\/blog\/wp-content\/uploads\/2016\/08\/Blog20160803_212428.jpg?resize=1024%2C768&amp;ssl=1 1024w, https:\/\/i0.wp.com\/coolinart.cafe\/blog\/wp-content\/uploads\/2016\/08\/Blog20160803_212428.jpg?w=1330&amp;ssl=1 1330w, https:\/\/i0.wp.com\/coolinart.cafe\/blog\/wp-content\/uploads\/2016\/08\/Blog20160803_212428.jpg?w=1995&amp;ssl=1 1995w\" data-sizes=\"(max-width: 300px) 100vw, 300px\" src=\"data:image\/svg+xml;base64,PHN2ZyB3aWR0aD0iMSIgaGVpZ2h0PSIxIiB4bWxucz0iaHR0cDovL3d3dy53My5vcmcvMjAwMC9zdmciPjwvc3ZnPg==\" style=\"--smush-placeholder-width: 300px; --smush-placeholder-aspect-ratio: 300\/225;\" \/><figcaption id=\"caption-attachment-1270\" class=\"wp-caption-text\">Kacsacomb k\u00e1poszt\u00e1s nudlival<\/figcaption><\/figure>\n<figure id=\"attachment_1271\" aria-describedby=\"caption-attachment-1271\" style=\"width: 225px\" class=\"wp-caption alignleft\"><img data-recalc-dims=\"1\" decoding=\"async\" class=\"wp-image-1271 size-medium lazyload\" data-src=\"https:\/\/i0.wp.com\/coolinart.cafe\/blog\/wp-content\/uploads\/2016\/08\/Blog20160803_215116.jpg?resize=225%2C300&#038;ssl=1\" alt=\"Blog20160803_215116\" width=\"225\" height=\"300\" data-srcset=\"https:\/\/i0.wp.com\/coolinart.cafe\/blog\/wp-content\/uploads\/2016\/08\/Blog20160803_215116.jpg?resize=225%2C300&amp;ssl=1 225w, https:\/\/i0.wp.com\/coolinart.cafe\/blog\/wp-content\/uploads\/2016\/08\/Blog20160803_215116.jpg?resize=768%2C1024&amp;ssl=1 768w, https:\/\/i0.wp.com\/coolinart.cafe\/blog\/wp-content\/uploads\/2016\/08\/Blog20160803_215116.jpg?w=1330&amp;ssl=1 1330w, https:\/\/i0.wp.com\/coolinart.cafe\/blog\/wp-content\/uploads\/2016\/08\/Blog20160803_215116.jpg?w=1995&amp;ssl=1 1995w\" data-sizes=\"(max-width: 225px) 100vw, 225px\" src=\"data:image\/svg+xml;base64,PHN2ZyB3aWR0aD0iMSIgaGVpZ2h0PSIxIiB4bWxucz0iaHR0cDovL3d3dy53My5vcmcvMjAwMC9zdmciPjwvc3ZnPg==\" style=\"--smush-placeholder-width: 225px; --smush-placeholder-aspect-ratio: 225\/300;\" \/><figcaption id=\"caption-attachment-1271\" class=\"wp-caption-text\">Feh\u00e9rcsoki mousse<\/figcaption><\/figure>\n<figure id=\"attachment_1272\" aria-describedby=\"caption-attachment-1272\" style=\"width: 150px\" class=\"wp-caption alignright\"><img data-recalc-dims=\"1\" decoding=\"async\" class=\"wp-image-1272 size-thumbnail lazyload\" data-src=\"https:\/\/i0.wp.com\/coolinart.cafe\/blog\/wp-content\/uploads\/2016\/08\/Blog20160803_215136.jpg?resize=150%2C150&#038;ssl=1\" alt=\"Blog20160803_215136\" width=\"150\" height=\"150\" data-srcset=\"https:\/\/i0.wp.com\/coolinart.cafe\/blog\/wp-content\/uploads\/2016\/08\/Blog20160803_215136.jpg?resize=150%2C150&amp;ssl=1 150w, https:\/\/i0.wp.com\/coolinart.cafe\/blog\/wp-content\/uploads\/2016\/08\/Blog20160803_215136.jpg?resize=100%2C100&amp;ssl=1 100w, https:\/\/i0.wp.com\/coolinart.cafe\/blog\/wp-content\/uploads\/2016\/08\/Blog20160803_215136.jpg?resize=200%2C200&amp;ssl=1 200w, https:\/\/i0.wp.com\/coolinart.cafe\/blog\/wp-content\/uploads\/2016\/08\/Blog20160803_215136.jpg?zoom=2&amp;resize=150%2C150&amp;ssl=1 300w, https:\/\/i0.wp.com\/coolinart.cafe\/blog\/wp-content\/uploads\/2016\/08\/Blog20160803_215136.jpg?zoom=3&amp;resize=150%2C150&amp;ssl=1 450w\" data-sizes=\"(max-width: 150px) 100vw, 150px\" src=\"data:image\/svg+xml;base64,PHN2ZyB3aWR0aD0iMSIgaGVpZ2h0PSIxIiB4bWxucz0iaHR0cDovL3d3dy53My5vcmcvMjAwMC9zdmciPjwvc3ZnPg==\" style=\"--smush-placeholder-width: 150px; --smush-placeholder-aspect-ratio: 150\/150;\" \/><figcaption id=\"caption-attachment-1272\" class=\"wp-caption-text\">Sajtt\u00e1l<\/figcaption><\/figure>\n<p style=\"text-align: justify;\">Desszertnek feh\u00e9rcsoki mousse gy\u00fcm\u00f6lccsel, morzs\u00e1val, illetve az egyik adagot kicser\u00e9ltett\u00fck sajtokra. Pazar lakoma, mell\u00e9 finom borokkal. Az \u00e9teleken t\u00fal az este egyik legnagyobb meglepet\u00e9se a pinc\u00e9r fi\u00fa udvariass\u00e1ga, t\u00e1j\u00e9kozotts\u00e1ga \u00e9s kedvess\u00e9ge volt. \u00c9s m\u00e1snap ez az \u00e9lm\u00e9ny m\u00e1r a reggelin\u00e9l is folytat\u00f3dott. Ilyen j\u00f3l k\u00e9pzett, sz\u00ednvonalas szem\u00e9lyzettel m\u00e1r r\u00e9gen nem tal\u00e1lkoztam Magyarorsz\u00e1gon, le a kalappal! \u00c9s itt eml\u00edtem meg Ruga Endre mesterszak\u00e1cs fantasztikus alkot\u00e1sait!<\/p>\n<p style=\"text-align: justify;\">M\u00e1snap a reggeli a k\u00f6z\u00f6s helyis\u00e9gben ker\u00fclt szerv\u00edroz\u00e1sra, friss gy\u00fcm\u00f6lcs, z\u00f6lds\u00e9g, sajtok, h\u00e1zi lekv\u00e1rok, stb., k\u00e9r\u00e9sre r\u00e1ntotta, ham and eggs, t\u00fck\u00f6rtoj\u00e1s \u00e9s amit szeretn\u00e9l.<\/p>\n<p><img data-recalc-dims=\"1\" decoding=\"async\" class=\"size-medium wp-image-1380 alignleft lazyload\" data-src=\"https:\/\/i0.wp.com\/coolinart.cafe\/blog\/wp-content\/uploads\/2016\/08\/FB20160805_083708-1.jpg?resize=300%2C159&#038;ssl=1\" alt=\"FB20160805_083708\" width=\"300\" height=\"159\" data-srcset=\"https:\/\/i0.wp.com\/coolinart.cafe\/blog\/wp-content\/uploads\/2016\/08\/FB20160805_083708-1-scaled.jpg?resize=300%2C159&amp;ssl=1 300w, https:\/\/i0.wp.com\/coolinart.cafe\/blog\/wp-content\/uploads\/2016\/08\/FB20160805_083708-1-scaled.jpg?resize=600%2C318&amp;ssl=1 600w, https:\/\/i0.wp.com\/coolinart.cafe\/blog\/wp-content\/uploads\/2016\/08\/FB20160805_083708-1-scaled.jpg?resize=768%2C407&amp;ssl=1 768w, https:\/\/i0.wp.com\/coolinart.cafe\/blog\/wp-content\/uploads\/2016\/08\/FB20160805_083708-1-scaled.jpg?resize=1024%2C542&amp;ssl=1 1024w, https:\/\/i0.wp.com\/coolinart.cafe\/blog\/wp-content\/uploads\/2016\/08\/FB20160805_083708-1-scaled.jpg?w=1330&amp;ssl=1 1330w, https:\/\/i0.wp.com\/coolinart.cafe\/blog\/wp-content\/uploads\/2016\/08\/FB20160805_083708-1-scaled.jpg?w=1995&amp;ssl=1 1995w\" data-sizes=\"(max-width: 300px) 100vw, 300px\" src=\"data:image\/svg+xml;base64,PHN2ZyB3aWR0aD0iMSIgaGVpZ2h0PSIxIiB4bWxucz0iaHR0cDovL3d3dy53My5vcmcvMjAwMC9zdmciPjwvc3ZnPg==\" style=\"--smush-placeholder-width: 300px; --smush-placeholder-aspect-ratio: 300\/159;\" \/><\/p>\n<p><img data-recalc-dims=\"1\" decoding=\"async\" class=\"size-medium wp-image-1336 alignright lazyload\" data-src=\"https:\/\/i0.wp.com\/coolinart.cafe\/blog\/wp-content\/uploads\/2016\/08\/20160804_093654.jpg?resize=300%2C225&#038;ssl=1\" alt=\"20160804_093654\" width=\"300\" height=\"225\" data-srcset=\"https:\/\/i0.wp.com\/coolinart.cafe\/blog\/wp-content\/uploads\/2016\/08\/20160804_093654-scaled.jpg?resize=300%2C225&amp;ssl=1 300w, https:\/\/i0.wp.com\/coolinart.cafe\/blog\/wp-content\/uploads\/2016\/08\/20160804_093654-scaled.jpg?resize=600%2C450&amp;ssl=1 600w, https:\/\/i0.wp.com\/coolinart.cafe\/blog\/wp-content\/uploads\/2016\/08\/20160804_093654-scaled.jpg?resize=768%2C576&amp;ssl=1 768w, https:\/\/i0.wp.com\/coolinart.cafe\/blog\/wp-content\/uploads\/2016\/08\/20160804_093654-scaled.jpg?resize=1024%2C768&amp;ssl=1 1024w, https:\/\/i0.wp.com\/coolinart.cafe\/blog\/wp-content\/uploads\/2016\/08\/20160804_093654-scaled.jpg?w=1330&amp;ssl=1 1330w, https:\/\/i0.wp.com\/coolinart.cafe\/blog\/wp-content\/uploads\/2016\/08\/20160804_093654-scaled.jpg?w=1995&amp;ssl=1 1995w\" data-sizes=\"(max-width: 300px) 100vw, 300px\" src=\"data:image\/svg+xml;base64,PHN2ZyB3aWR0aD0iMSIgaGVpZ2h0PSIxIiB4bWxucz0iaHR0cDovL3d3dy53My5vcmcvMjAwMC9zdmciPjwvc3ZnPg==\" style=\"--smush-placeholder-width: 300px; --smush-placeholder-aspect-ratio: 300\/225;\" \/>Minden nagyon finom, \u00e9s sz\u00e9p is volt. A pressz\u00f3 k\u00e1v\u00e9 \u00fagyszint\u00e9n, amit m\u00e1r kint a nyug\u00e1gyakban sz\u00fcrcs\u00f6lgett\u00fcnk el, b\u00e1mulva megint csak a CSOD\u00c1T!<\/p>\n<figure id=\"attachment_1327\" aria-describedby=\"caption-attachment-1327\" style=\"width: 665px\" class=\"wp-caption aligncenter\"><img data-recalc-dims=\"1\" decoding=\"async\" class=\"wp-image-1327 size-large lazyload\" data-src=\"https:\/\/i0.wp.com\/coolinart.cafe\/blog\/wp-content\/uploads\/2016\/08\/2Blog20160804_090636.jpg?resize=665%2C84&#038;ssl=1\" alt=\"2Blog20160804_090636\" width=\"665\" height=\"84\" data-srcset=\"https:\/\/i0.wp.com\/coolinart.cafe\/blog\/wp-content\/uploads\/2016\/08\/2Blog20160804_090636-scaled.jpg?resize=1024%2C130&amp;ssl=1 1024w, https:\/\/i0.wp.com\/coolinart.cafe\/blog\/wp-content\/uploads\/2016\/08\/2Blog20160804_090636-scaled.jpg?resize=600%2C76&amp;ssl=1 600w, https:\/\/i0.wp.com\/coolinart.cafe\/blog\/wp-content\/uploads\/2016\/08\/2Blog20160804_090636-scaled.jpg?resize=300%2C38&amp;ssl=1 300w, https:\/\/i0.wp.com\/coolinart.cafe\/blog\/wp-content\/uploads\/2016\/08\/2Blog20160804_090636-scaled.jpg?resize=768%2C98&amp;ssl=1 768w, https:\/\/i0.wp.com\/coolinart.cafe\/blog\/wp-content\/uploads\/2016\/08\/2Blog20160804_090636-scaled.jpg?w=1330&amp;ssl=1 1330w, https:\/\/i0.wp.com\/coolinart.cafe\/blog\/wp-content\/uploads\/2016\/08\/2Blog20160804_090636-scaled.jpg?w=1995&amp;ssl=1 1995w\" data-sizes=\"(max-width: 665px) 100vw, 665px\" src=\"data:image\/svg+xml;base64,PHN2ZyB3aWR0aD0iMSIgaGVpZ2h0PSIxIiB4bWxucz0iaHR0cDovL3d3dy53My5vcmcvMjAwMC9zdmciPjwvc3ZnPg==\" style=\"--smush-placeholder-width: 665px; --smush-placeholder-aspect-ratio: 665\/84;\" \/><figcaption id=\"caption-attachment-1327\" class=\"wp-caption-text\">Panor\u00e1ma reggel<\/figcaption><\/figure>\n<p style=\"text-align: justify;\">Nagy nehezen otthagytuk a sz\u00e1ll\u00e1st \u00e9s elindultunk els\u0151 napi bicikliz\u00e9s\u00fcnkre. Mi nem v\u00e1llaltuk, hogy a hegytet\u0151r\u0151l kavicsos, meredek kanyarg\u00f3s \u00faton legurulunk, hiszen azon vissza is kell j\u00f6nni egyszer, \u00edgy kocsival lement\u00fcnk a zebeg\u00e9nyi strandig, ahonnan el\u0151sz\u00f6r k\u00f6rbej\u00e1rtuk a kis k\u00f6zs\u00e9get. Nagyon sz\u00e9p, rendezett, ugyan\u00fagy, ahogy r\u00e9gebbr\u0151l az eml\u00e9keimben megmaradt. A Sz\u0151nyi m\u00fazeumot m\u00e1r ismert\u00fck, \u00edgy most oda nem ment\u00fcnk, \u00e1m az orsz\u00e1g egyetlen <a href=\"http:\/\/www.hajozastortenet.iweb.hu\/\">Haj\u00f3z\u00e1st\u00f6rt\u00e9neti M\u00fazeum\u00e1t<\/a> megn\u00e9zt\u00fck. Hihetetlen mennyis\u00e9g\u0171 gy\u0171jtem\u00e9ny &#8211; k\u00f6sz\u00f6nhet\u0151en Farkas Vince haj\u00f3s kapit\u00e1nynak &#8211;\u00a0 egy pici h\u00e1zban, \u00e1ldatlan k\u00f6r\u00fclm\u00e9nyek k\u00f6z\u00f6tt. Csak jelzem az illet\u00e9keseknek, hogy ebb\u0151l egy pazar helyen (net\u00e1n a Duna-parton ???), m\u00e1shol m\u00e1r vil\u00e1gra sz\u00f3l\u00f3 interakt\u00edv m\u00fazeumot nyitottak volna. K\u00f6sz\u00f6nj\u00fck a minden r\u00e9szletre kiterjed\u0151 idegenvezet\u00e9st, \u00e9s rem\u00e9lj\u00fck, hogy a megv\u00e1s\u00e1rolt t\u00e9glajeggyel hozz\u00e1 tudtunk j\u00e1rulni, hogy egyszer megfelel\u0151 helyre ker\u00fclj\u00f6n ez a gy\u0171jtem\u00e9ny! Zebeg\u00e9nyben a legnagyobb szerencs\u00e9nkre nyitva volt a helyi Monarchia r\u00e9tesh\u00e1z. Helyben s\u00fct\u00f6tt, nagyon finom h\u00e1zi r\u00e9tesekkel t\u00f6ltekezt\u00fcnk, b\u00e1r m\u00e9g egy\u00e1ltal\u00e1n nem voltunk \u00e9hesek a reggeli ut\u00e1n. De ha m\u00e1r nyitva volt&#8230;.<\/p>\n<p style=\"text-align: justify;\">Ut\u00e1na Szob fel\u00e9 indultunk. Csod\u00e1latos l\u00e1tv\u00e1ny v\u00e9gig, j\u00f3 min\u0151s\u00e9g\u0171 biciklis \u00fat. Szobon bel\u00fcl a v\u00edzparton k\u00e9t gy\u00f6ny\u00f6r\u0171 kast\u00e9ly, teljesen elhanyagolt \u00e1llapotban. K\u00e1r \u00e9rte. Gy\u00f6ngyszem lehetne! A komp\u00e1llom\u00e1s b\u00fcf\u00e9j\u00e9ben egy hossz\u00fal\u00e9p\u00e9ssel friss\u00edtett\u00fck magunkat, majd a K\u00f6zt\u00e1rsas\u00e1g utc\u00e1n v\u00e9gigtekerve, az Ipoly torkolata fel\u00e9 vett\u00fck az ir\u00e1nyt, kb. egy kilom\u00e9tert f\u00f6ld \u00faton kellet menni, \u00e9s csod\u00e1latosan sz\u00e9p helyre jutottunk.<\/p>\n<figure id=\"attachment_1290\" aria-describedby=\"caption-attachment-1290\" style=\"width: 225px\" class=\"wp-caption alignleft\"><img data-recalc-dims=\"1\" decoding=\"async\" class=\"wp-image-1290 size-medium lazyload\" data-src=\"https:\/\/i0.wp.com\/coolinart.cafe\/blog\/wp-content\/uploads\/2016\/08\/Blog20160804_134300.jpg?resize=225%2C300&#038;ssl=1\" alt=\"Blog20160804_134300\" width=\"225\" height=\"300\" data-srcset=\"https:\/\/i0.wp.com\/coolinart.cafe\/blog\/wp-content\/uploads\/2016\/08\/Blog20160804_134300-scaled.jpg?resize=225%2C300&amp;ssl=1 225w, https:\/\/i0.wp.com\/coolinart.cafe\/blog\/wp-content\/uploads\/2016\/08\/Blog20160804_134300-scaled.jpg?resize=600%2C800&amp;ssl=1 600w, https:\/\/i0.wp.com\/coolinart.cafe\/blog\/wp-content\/uploads\/2016\/08\/Blog20160804_134300-scaled.jpg?resize=768%2C1024&amp;ssl=1 768w, https:\/\/i0.wp.com\/coolinart.cafe\/blog\/wp-content\/uploads\/2016\/08\/Blog20160804_134300-scaled.jpg?w=1920&amp;ssl=1 1920w, https:\/\/i0.wp.com\/coolinart.cafe\/blog\/wp-content\/uploads\/2016\/08\/Blog20160804_134300-scaled.jpg?w=1330&amp;ssl=1 1330w\" data-sizes=\"(max-width: 225px) 100vw, 225px\" src=\"data:image\/svg+xml;base64,PHN2ZyB3aWR0aD0iMSIgaGVpZ2h0PSIxIiB4bWxucz0iaHR0cDovL3d3dy53My5vcmcvMjAwMC9zdmciPjwvc3ZnPg==\" style=\"--smush-placeholder-width: 225px; --smush-placeholder-aspect-ratio: 225\/300;\" \/><figcaption id=\"caption-attachment-1290\" class=\"wp-caption-text\">A Duna Szobn\u00e1l<\/figcaption><\/figure>\n<figure id=\"attachment_1289\" aria-describedby=\"caption-attachment-1289\" style=\"width: 300px\" class=\"wp-caption alignright\"><img data-recalc-dims=\"1\" decoding=\"async\" class=\"wp-image-1289 size-medium lazyload\" data-src=\"https:\/\/i0.wp.com\/coolinart.cafe\/blog\/wp-content\/uploads\/2016\/08\/Blog20160804_143105.jpg?resize=300%2C225&#038;ssl=1\" alt=\"Blog20160804_143105\" width=\"300\" height=\"225\" data-srcset=\"https:\/\/i0.wp.com\/coolinart.cafe\/blog\/wp-content\/uploads\/2016\/08\/Blog20160804_143105-scaled.jpg?resize=300%2C225&amp;ssl=1 300w, https:\/\/i0.wp.com\/coolinart.cafe\/blog\/wp-content\/uploads\/2016\/08\/Blog20160804_143105-scaled.jpg?resize=600%2C450&amp;ssl=1 600w, https:\/\/i0.wp.com\/coolinart.cafe\/blog\/wp-content\/uploads\/2016\/08\/Blog20160804_143105-scaled.jpg?resize=768%2C576&amp;ssl=1 768w, https:\/\/i0.wp.com\/coolinart.cafe\/blog\/wp-content\/uploads\/2016\/08\/Blog20160804_143105-scaled.jpg?resize=1024%2C768&amp;ssl=1 1024w, https:\/\/i0.wp.com\/coolinart.cafe\/blog\/wp-content\/uploads\/2016\/08\/Blog20160804_143105-scaled.jpg?w=1330&amp;ssl=1 1330w, https:\/\/i0.wp.com\/coolinart.cafe\/blog\/wp-content\/uploads\/2016\/08\/Blog20160804_143105-scaled.jpg?w=1995&amp;ssl=1 1995w\" data-sizes=\"(max-width: 300px) 100vw, 300px\" src=\"data:image\/svg+xml;base64,PHN2ZyB3aWR0aD0iMSIgaGVpZ2h0PSIxIiB4bWxucz0iaHR0cDovL3d3dy53My5vcmcvMjAwMC9zdmciPjwvc3ZnPg==\" style=\"--smush-placeholder-width: 300px; --smush-placeholder-aspect-ratio: 300\/225;\" \/><figcaption id=\"caption-attachment-1289\" class=\"wp-caption-text\">Csend\u00e9let az Ipoly torkolat\u00e1n\u00e1l<\/figcaption><\/figure>\n<p style=\"text-align: justify;\">Kis pihen\u0151, \u00e9s l\u00e1b\u00e1ztat\u00e1s ut\u00e1n elindultunk visszafel\u00e9, az \u00fati c\u00e9l Nagymaros. Zebeg\u00e9ny hat\u00e1r\u00e1ban azonban k\u00f6zben kinyitott egy vend\u00e9gl\u00e1t\u00f3ipari egys\u00e9g, a falusi strandr\u00f6plabda p\u00e1lya mellet. K\u00f6zvetlen\u00fcl a f\u00fcves v\u00edzparton, nagym\u00e9ret\u0171 sz\u00ednes foteleken lehet hever\u00e9szni, \u00e9s a biciklis \u00fat mellett \u00e1ll\u00f3 lak\u00f3kocsib\u00f3l \u00f6t fajta csapolt h\u00e1zi s\u00f6r k\u00f6z\u00fcl v\u00e1lasztani. H\u00e1t, egy poh\u00e1r meggyes lecs\u00faszott! Majdnem olyan volt, mint a <a href=\"https:\/\/www.facebook.com\/KacsakoBisztro\/\">Kacsak\u0151<\/a> Szentendr\u00e9n! De csak majdnem! \ud83d\ude42<\/p>\n<figure id=\"attachment_1294\" aria-describedby=\"caption-attachment-1294\" style=\"width: 150px\" class=\"wp-caption alignright\"><img data-recalc-dims=\"1\" decoding=\"async\" class=\"wp-image-1294 size-thumbnail lazyload\" data-src=\"https:\/\/i0.wp.com\/coolinart.cafe\/blog\/wp-content\/uploads\/2016\/08\/Blog20160804_151824.jpg?resize=150%2C150&#038;ssl=1\" alt=\"Blog20160804_151824\" width=\"150\" height=\"150\" data-srcset=\"https:\/\/i0.wp.com\/coolinart.cafe\/blog\/wp-content\/uploads\/2016\/08\/Blog20160804_151824-scaled.jpg?resize=150%2C150&amp;ssl=1 150w, https:\/\/i0.wp.com\/coolinart.cafe\/blog\/wp-content\/uploads\/2016\/08\/Blog20160804_151824-scaled.jpg?resize=300%2C300&amp;ssl=1 300w, https:\/\/i0.wp.com\/coolinart.cafe\/blog\/wp-content\/uploads\/2016\/08\/Blog20160804_151824-scaled.jpg?resize=100%2C100&amp;ssl=1 100w, https:\/\/i0.wp.com\/coolinart.cafe\/blog\/wp-content\/uploads\/2016\/08\/Blog20160804_151824-scaled.jpg?resize=200%2C200&amp;ssl=1 200w, https:\/\/i0.wp.com\/coolinart.cafe\/blog\/wp-content\/uploads\/2016\/08\/Blog20160804_151824-scaled.jpg?zoom=3&amp;resize=150%2C150&amp;ssl=1 450w\" data-sizes=\"(max-width: 150px) 100vw, 150px\" src=\"data:image\/svg+xml;base64,PHN2ZyB3aWR0aD0iMSIgaGVpZ2h0PSIxIiB4bWxucz0iaHR0cDovL3d3dy53My5vcmcvMjAwMC9zdmciPjwvc3ZnPg==\" style=\"--smush-placeholder-width: 150px; --smush-placeholder-aspect-ratio: 150\/150;\" \/><figcaption id=\"caption-attachment-1294\" class=\"wp-caption-text\">V\u00edzparti hangulat Zebeg\u00e9nyn\u00e9l<\/figcaption><\/figure>\n<p style=\"text-align: justify;\">Zebeg\u00e9ny t\u00fals\u00f3 fel\u00e9n megcsod\u00e1ltuk a Sauska csal\u00e1d tulajdon\u00e1ban lev\u0151, gy\u00f6ny\u00f6r\u0171en fel\u00faj\u00edtott D\u0151ry-kast\u00e9lyt. B\u00e1rcsak \u00edgy n\u00e9zne ki Szobon is!<\/p>\n<figure id=\"attachment_1297\" aria-describedby=\"caption-attachment-1297\" style=\"width: 300px\" class=\"wp-caption alignleft\"><img data-recalc-dims=\"1\" decoding=\"async\" class=\"wp-image-1297 size-medium lazyload\" data-src=\"https:\/\/i0.wp.com\/coolinart.cafe\/blog\/wp-content\/uploads\/2016\/08\/Blog20160804_153729.jpg?resize=300%2C183&#038;ssl=1\" alt=\"Blog20160804_153729\" width=\"300\" height=\"183\" data-srcset=\"https:\/\/i0.wp.com\/coolinart.cafe\/blog\/wp-content\/uploads\/2016\/08\/Blog20160804_153729-scaled.jpg?resize=300%2C183&amp;ssl=1 300w, https:\/\/i0.wp.com\/coolinart.cafe\/blog\/wp-content\/uploads\/2016\/08\/Blog20160804_153729-scaled.jpg?resize=600%2C366&amp;ssl=1 600w, https:\/\/i0.wp.com\/coolinart.cafe\/blog\/wp-content\/uploads\/2016\/08\/Blog20160804_153729-scaled.jpg?resize=768%2C468&amp;ssl=1 768w, https:\/\/i0.wp.com\/coolinart.cafe\/blog\/wp-content\/uploads\/2016\/08\/Blog20160804_153729-scaled.jpg?resize=1024%2C624&amp;ssl=1 1024w, https:\/\/i0.wp.com\/coolinart.cafe\/blog\/wp-content\/uploads\/2016\/08\/Blog20160804_153729-scaled.jpg?w=1330&amp;ssl=1 1330w, https:\/\/i0.wp.com\/coolinart.cafe\/blog\/wp-content\/uploads\/2016\/08\/Blog20160804_153729-scaled.jpg?w=1995&amp;ssl=1 1995w\" data-sizes=\"(max-width: 300px) 100vw, 300px\" src=\"data:image\/svg+xml;base64,PHN2ZyB3aWR0aD0iMSIgaGVpZ2h0PSIxIiB4bWxucz0iaHR0cDovL3d3dy53My5vcmcvMjAwMC9zdmciPjwvc3ZnPg==\" style=\"--smush-placeholder-width: 300px; --smush-placeholder-aspect-ratio: 300\/183;\" \/><figcaption id=\"caption-attachment-1297\" class=\"wp-caption-text\">D\u0151ry-kast\u00e9ly<\/figcaption><\/figure>\n<figure id=\"attachment_1299\" aria-describedby=\"caption-attachment-1299\" style=\"width: 150px\" class=\"wp-caption alignright\"><img data-recalc-dims=\"1\" decoding=\"async\" class=\"wp-image-1299 size-thumbnail lazyload\" data-src=\"https:\/\/i0.wp.com\/coolinart.cafe\/blog\/wp-content\/uploads\/2016\/08\/Blog20160804_154434.jpg?resize=150%2C150&#038;ssl=1\" alt=\"Blog20160804_154434\" width=\"150\" height=\"150\" data-srcset=\"https:\/\/i0.wp.com\/coolinart.cafe\/blog\/wp-content\/uploads\/2016\/08\/Blog20160804_154434-scaled.jpg?resize=150%2C150&amp;ssl=1 150w, https:\/\/i0.wp.com\/coolinart.cafe\/blog\/wp-content\/uploads\/2016\/08\/Blog20160804_154434-scaled.jpg?resize=300%2C300&amp;ssl=1 300w, https:\/\/i0.wp.com\/coolinart.cafe\/blog\/wp-content\/uploads\/2016\/08\/Blog20160804_154434-scaled.jpg?resize=100%2C100&amp;ssl=1 100w, https:\/\/i0.wp.com\/coolinart.cafe\/blog\/wp-content\/uploads\/2016\/08\/Blog20160804_154434-scaled.jpg?resize=200%2C200&amp;ssl=1 200w, https:\/\/i0.wp.com\/coolinart.cafe\/blog\/wp-content\/uploads\/2016\/08\/Blog20160804_154434-scaled.jpg?zoom=3&amp;resize=150%2C150&amp;ssl=1 450w\" data-sizes=\"(max-width: 150px) 100vw, 150px\" src=\"data:image\/svg+xml;base64,PHN2ZyB3aWR0aD0iMSIgaGVpZ2h0PSIxIiB4bWxucz0iaHR0cDovL3d3dy53My5vcmcvMjAwMC9zdmciPjwvc3ZnPg==\" style=\"--smush-placeholder-width: 150px; --smush-placeholder-aspect-ratio: 150\/150;\" \/><figcaption id=\"caption-attachment-1299\" class=\"wp-caption-text\">Ker\u00e9kb\u00e1r Zebeg\u00e9nyben<\/figcaption><\/figure>\n<p style=\"text-align: justify;\">Tov\u00e1bb haladva, egy \u00fajabb vend\u00e9gl\u00e1t\u00f3ipari egys\u00e9gbe botlottunk, a fantasztikus helyen lev\u0151 Ker\u00e9kb\u00e1rba. Biciklis \u00faton \u00e9s v\u00edzen is v\u00e1rj\u00e1k az arra t\u00e9ved\u0151ket \u00e9tellel-itallal! Klassz!<\/p>\n<p style=\"text-align: justify;\">Nagymaros fel\u00e9 egyszer csak az egyik kanyarban el\u0151b\u00fajt ez a l\u00e1tv\u00e1ny. Gy\u00f6ny\u00f6r\u0171!:<\/p>\n<p style=\"text-align: justify;\"><img data-recalc-dims=\"1\" decoding=\"async\" class=\"wp-image-1300 size-medium alignright lazyload\" data-src=\"https:\/\/i0.wp.com\/coolinart.cafe\/blog\/wp-content\/uploads\/2016\/08\/20160804_161536.jpg?resize=300%2C225&#038;ssl=1\" alt=\"20160804_161536\" width=\"300\" height=\"225\" data-srcset=\"https:\/\/i0.wp.com\/coolinart.cafe\/blog\/wp-content\/uploads\/2016\/08\/20160804_161536-scaled.jpg?resize=300%2C225&amp;ssl=1 300w, https:\/\/i0.wp.com\/coolinart.cafe\/blog\/wp-content\/uploads\/2016\/08\/20160804_161536-scaled.jpg?resize=600%2C450&amp;ssl=1 600w, https:\/\/i0.wp.com\/coolinart.cafe\/blog\/wp-content\/uploads\/2016\/08\/20160804_161536-scaled.jpg?resize=768%2C576&amp;ssl=1 768w, https:\/\/i0.wp.com\/coolinart.cafe\/blog\/wp-content\/uploads\/2016\/08\/20160804_161536-scaled.jpg?resize=1024%2C768&amp;ssl=1 1024w, https:\/\/i0.wp.com\/coolinart.cafe\/blog\/wp-content\/uploads\/2016\/08\/20160804_161536-scaled.jpg?w=1330&amp;ssl=1 1330w, https:\/\/i0.wp.com\/coolinart.cafe\/blog\/wp-content\/uploads\/2016\/08\/20160804_161536-scaled.jpg?w=1995&amp;ssl=1 1995w\" data-sizes=\"(max-width: 300px) 100vw, 300px\" src=\"data:image\/svg+xml;base64,PHN2ZyB3aWR0aD0iMSIgaGVpZ2h0PSIxIiB4bWxucz0iaHR0cDovL3d3dy53My5vcmcvMjAwMC9zdmciPjwvc3ZnPg==\" style=\"--smush-placeholder-width: 300px; --smush-placeholder-aspect-ratio: 300\/225;\" \/><\/p>\n<p style=\"text-align: justify;\">Nagymaroson a Duna-partj\u00e1n v\u00e9gig mobilg\u00e1t lett fel\u00e9p\u00edtve, amellett halad a biciklis \u00fat. M\u00e1r itt nagyon \u00fcgyesen ki volt t\u00e1bl\u00e1zva, hogy hol kell felhajtani az \u00c9desk\u00e9hez. Gyorsan arra vett\u00fck az ir\u00e1nyt. Nagyon j\u00f3pofa hely: a h\u00e1zban cukr\u00e1szda, az udvarban helyben f\u0151z\u00f6tt \u00e9telek, men\u00fc, sok fajta csapolt s\u00f6r, igazi romkocsma hangulat. Itt is volt meggys\u00f6r, \u00fagyhogy megint v\u00e9telezt\u00fcnk egy poh\u00e1rral, plusz egy kis pizzakenyeret tzatzikivel.<\/p>\n<figure id=\"attachment_1302\" aria-describedby=\"caption-attachment-1302\" style=\"width: 225px\" class=\"wp-caption alignleft\"><img data-recalc-dims=\"1\" decoding=\"async\" class=\"wp-image-1302 size-medium lazyload\" data-src=\"https:\/\/i0.wp.com\/coolinart.cafe\/blog\/wp-content\/uploads\/2016\/08\/Blog20160804_162736.jpg?resize=225%2C300&#038;ssl=1\" alt=\"Blog20160804_162736\" width=\"225\" height=\"300\" data-srcset=\"https:\/\/i0.wp.com\/coolinart.cafe\/blog\/wp-content\/uploads\/2016\/08\/Blog20160804_162736-scaled.jpg?resize=225%2C300&amp;ssl=1 225w, https:\/\/i0.wp.com\/coolinart.cafe\/blog\/wp-content\/uploads\/2016\/08\/Blog20160804_162736-scaled.jpg?resize=600%2C800&amp;ssl=1 600w, https:\/\/i0.wp.com\/coolinart.cafe\/blog\/wp-content\/uploads\/2016\/08\/Blog20160804_162736-scaled.jpg?resize=768%2C1024&amp;ssl=1 768w, https:\/\/i0.wp.com\/coolinart.cafe\/blog\/wp-content\/uploads\/2016\/08\/Blog20160804_162736-scaled.jpg?w=1920&amp;ssl=1 1920w, https:\/\/i0.wp.com\/coolinart.cafe\/blog\/wp-content\/uploads\/2016\/08\/Blog20160804_162736-scaled.jpg?w=1330&amp;ssl=1 1330w\" data-sizes=\"(max-width: 225px) 100vw, 225px\" src=\"data:image\/svg+xml;base64,PHN2ZyB3aWR0aD0iMSIgaGVpZ2h0PSIxIiB4bWxucz0iaHR0cDovL3d3dy53My5vcmcvMjAwMC9zdmciPjwvc3ZnPg==\" style=\"--smush-placeholder-width: 225px; --smush-placeholder-aspect-ratio: 225\/300;\" \/><figcaption id=\"caption-attachment-1302\" class=\"wp-caption-text\">\u00c9deske Nagymaroson<\/figcaption><\/figure>\n<figure id=\"attachment_1303\" aria-describedby=\"caption-attachment-1303\" style=\"width: 300px\" class=\"wp-caption alignright\"><img data-recalc-dims=\"1\" decoding=\"async\" class=\"wp-image-1303 size-medium lazyload\" data-src=\"https:\/\/i0.wp.com\/coolinart.cafe\/blog\/wp-content\/uploads\/2016\/08\/Blog20160804_163144.jpg?resize=300%2C224&#038;ssl=1\" alt=\"Blog20160804_163144\" width=\"300\" height=\"224\" data-srcset=\"https:\/\/i0.wp.com\/coolinart.cafe\/blog\/wp-content\/uploads\/2016\/08\/Blog20160804_163144-scaled.jpg?resize=300%2C224&amp;ssl=1 300w, https:\/\/i0.wp.com\/coolinart.cafe\/blog\/wp-content\/uploads\/2016\/08\/Blog20160804_163144-scaled.jpg?resize=600%2C449&amp;ssl=1 600w, https:\/\/i0.wp.com\/coolinart.cafe\/blog\/wp-content\/uploads\/2016\/08\/Blog20160804_163144-scaled.jpg?resize=768%2C575&amp;ssl=1 768w, https:\/\/i0.wp.com\/coolinart.cafe\/blog\/wp-content\/uploads\/2016\/08\/Blog20160804_163144-scaled.jpg?resize=1024%2C766&amp;ssl=1 1024w, https:\/\/i0.wp.com\/coolinart.cafe\/blog\/wp-content\/uploads\/2016\/08\/Blog20160804_163144-scaled.jpg?w=1330&amp;ssl=1 1330w, https:\/\/i0.wp.com\/coolinart.cafe\/blog\/wp-content\/uploads\/2016\/08\/Blog20160804_163144-scaled.jpg?w=1995&amp;ssl=1 1995w\" data-sizes=\"(max-width: 300px) 100vw, 300px\" src=\"data:image\/svg+xml;base64,PHN2ZyB3aWR0aD0iMSIgaGVpZ2h0PSIxIiB4bWxucz0iaHR0cDovL3d3dy53My5vcmcvMjAwMC9zdmciPjwvc3ZnPg==\" style=\"--smush-placeholder-width: 300px; --smush-placeholder-aspect-ratio: 300\/224;\" \/><figcaption id=\"caption-attachment-1303\" class=\"wp-caption-text\">S\u00f6r\u00f6cske \u00c9desk\u00e9ben \ud83d\ude42<\/figcaption><\/figure>\n<p style=\"text-align: justify;\">Tudtuk, hogy ez el\u00e9g lesz, mert este megint v\u00e1r a n\u00e9gyfog\u00e1sos &#8211; nem ak\u00e1rmilyen &#8211; vacsora! \u00cdgy is lett.<\/p>\n<figure id=\"attachment_1309\" aria-describedby=\"caption-attachment-1309\" style=\"width: 300px\" class=\"wp-caption alignright\"><img data-recalc-dims=\"1\" decoding=\"async\" class=\"wp-image-1309 size-medium lazyload\" data-src=\"https:\/\/i0.wp.com\/coolinart.cafe\/blog\/wp-content\/uploads\/2016\/08\/Blog20160804_201203.jpg?resize=300%2C225&#038;ssl=1\" alt=\"Blog20160804_201203\" width=\"300\" height=\"225\" data-srcset=\"https:\/\/i0.wp.com\/coolinart.cafe\/blog\/wp-content\/uploads\/2016\/08\/Blog20160804_201203-scaled.jpg?resize=300%2C225&amp;ssl=1 300w, https:\/\/i0.wp.com\/coolinart.cafe\/blog\/wp-content\/uploads\/2016\/08\/Blog20160804_201203-scaled.jpg?resize=600%2C450&amp;ssl=1 600w, https:\/\/i0.wp.com\/coolinart.cafe\/blog\/wp-content\/uploads\/2016\/08\/Blog20160804_201203-scaled.jpg?resize=768%2C576&amp;ssl=1 768w, https:\/\/i0.wp.com\/coolinart.cafe\/blog\/wp-content\/uploads\/2016\/08\/Blog20160804_201203-scaled.jpg?resize=1024%2C768&amp;ssl=1 1024w, https:\/\/i0.wp.com\/coolinart.cafe\/blog\/wp-content\/uploads\/2016\/08\/Blog20160804_201203-scaled.jpg?w=1330&amp;ssl=1 1330w, https:\/\/i0.wp.com\/coolinart.cafe\/blog\/wp-content\/uploads\/2016\/08\/Blog20160804_201203-scaled.jpg?w=1995&amp;ssl=1 1995w\" data-sizes=\"(max-width: 300px) 100vw, 300px\" src=\"data:image\/svg+xml;base64,PHN2ZyB3aWR0aD0iMSIgaGVpZ2h0PSIxIiB4bWxucz0iaHR0cDovL3d3dy53My5vcmcvMjAwMC9zdmciPjwvc3ZnPg==\" style=\"--smush-placeholder-width: 300px; --smush-placeholder-aspect-ratio: 300\/225;\" \/><figcaption id=\"caption-attachment-1309\" class=\"wp-caption-text\">Padlizs\u00e1nkr\u00e9m<\/figcaption><\/figure>\n<p style=\"text-align: justify;\">Az els\u0151 fog\u00e1s padlizs\u00e1nkr\u00e9m volt, kicsi szardell\u00e1val, friss bagettel, bazsalikom cs\u00edr\u00e1val megsz\u00f3rva. 5*.<\/p>\n<figure id=\"attachment_1310\" aria-describedby=\"caption-attachment-1310\" style=\"width: 300px\" class=\"wp-caption alignleft\"><img data-recalc-dims=\"1\" decoding=\"async\" class=\"wp-image-1310 size-medium lazyload\" data-src=\"https:\/\/i0.wp.com\/coolinart.cafe\/blog\/wp-content\/uploads\/2016\/08\/Blog20160804_202426.jpg?resize=300%2C225&#038;ssl=1\" alt=\"Blog20160804_202426\" width=\"300\" height=\"225\" data-srcset=\"https:\/\/i0.wp.com\/coolinart.cafe\/blog\/wp-content\/uploads\/2016\/08\/Blog20160804_202426-scaled.jpg?resize=300%2C225&amp;ssl=1 300w, https:\/\/i0.wp.com\/coolinart.cafe\/blog\/wp-content\/uploads\/2016\/08\/Blog20160804_202426-scaled.jpg?resize=600%2C450&amp;ssl=1 600w, https:\/\/i0.wp.com\/coolinart.cafe\/blog\/wp-content\/uploads\/2016\/08\/Blog20160804_202426-scaled.jpg?resize=768%2C576&amp;ssl=1 768w, https:\/\/i0.wp.com\/coolinart.cafe\/blog\/wp-content\/uploads\/2016\/08\/Blog20160804_202426-scaled.jpg?resize=1024%2C768&amp;ssl=1 1024w, https:\/\/i0.wp.com\/coolinart.cafe\/blog\/wp-content\/uploads\/2016\/08\/Blog20160804_202426-scaled.jpg?w=1330&amp;ssl=1 1330w, https:\/\/i0.wp.com\/coolinart.cafe\/blog\/wp-content\/uploads\/2016\/08\/Blog20160804_202426-scaled.jpg?w=1995&amp;ssl=1 1995w\" data-sizes=\"(max-width: 300px) 100vw, 300px\" src=\"data:image\/svg+xml;base64,PHN2ZyB3aWR0aD0iMSIgaGVpZ2h0PSIxIiB4bWxucz0iaHR0cDovL3d3dy53My5vcmcvMjAwMC9zdmciPjwvc3ZnPg==\" style=\"--smush-placeholder-width: 300px; --smush-placeholder-aspect-ratio: 300\/225;\" \/><figcaption id=\"caption-attachment-1310\" class=\"wp-caption-text\">Dinnyeleves<\/figcaption><\/figure>\n<p style=\"text-align: justify;\">Levesnek g\u00f6r\u00f6gdinnyeleves \u00e9rkezett, fet\u00e1ra t\u00e1lalva, \u00e9s megint csak bazsalikommal. Nagyon finom volt a dinnye \u00e9dess\u00e9ge a feta s\u00f3ss\u00e1g\u00e1val!<\/p>\n<p style=\"text-align: justify;\">F\u0151\u00e9telnek gy\u00f6ngyty\u00fak comb, \u00f6rd\u00f6gszek\u00e9r gomb\u00e1s m\u00e1rt\u00e1ssal, krumplip\u00fcr\u00e9vel \u00e9s pak choival, magyarul bord\u00e1skellel. A husi vajpuha, term\u00e9szetesen szuvidol\u00e1ssal k\u00e9sz\u00fclt, tal\u00e1n m\u00e9g egy picivel lehetett volna a b\u0151r\u00e9t tov\u00e1bb pir\u00edtani. A m\u00e1rt\u00e1s nagyon \u00edzletes. \u00d6sszess\u00e9g\u00e9ben nagyon finom volt.<\/p>\n<figure id=\"attachment_1313\" aria-describedby=\"caption-attachment-1313\" style=\"width: 300px\" class=\"wp-caption aligncenter\"><img data-recalc-dims=\"1\" decoding=\"async\" class=\"wp-image-1313 size-medium lazyload\" data-src=\"https:\/\/i0.wp.com\/coolinart.cafe\/blog\/wp-content\/uploads\/2016\/08\/Blog20160804_204836.jpg?resize=300%2C225&#038;ssl=1\" alt=\"Blog20160804_204836\" width=\"300\" height=\"225\" data-srcset=\"https:\/\/i0.wp.com\/coolinart.cafe\/blog\/wp-content\/uploads\/2016\/08\/Blog20160804_204836-scaled.jpg?resize=300%2C225&amp;ssl=1 300w, https:\/\/i0.wp.com\/coolinart.cafe\/blog\/wp-content\/uploads\/2016\/08\/Blog20160804_204836-scaled.jpg?resize=600%2C450&amp;ssl=1 600w, https:\/\/i0.wp.com\/coolinart.cafe\/blog\/wp-content\/uploads\/2016\/08\/Blog20160804_204836-scaled.jpg?resize=768%2C576&amp;ssl=1 768w, https:\/\/i0.wp.com\/coolinart.cafe\/blog\/wp-content\/uploads\/2016\/08\/Blog20160804_204836-scaled.jpg?resize=1024%2C768&amp;ssl=1 1024w, https:\/\/i0.wp.com\/coolinart.cafe\/blog\/wp-content\/uploads\/2016\/08\/Blog20160804_204836-scaled.jpg?w=1330&amp;ssl=1 1330w, https:\/\/i0.wp.com\/coolinart.cafe\/blog\/wp-content\/uploads\/2016\/08\/Blog20160804_204836-scaled.jpg?w=1995&amp;ssl=1 1995w\" data-sizes=\"(max-width: 300px) 100vw, 300px\" src=\"data:image\/svg+xml;base64,PHN2ZyB3aWR0aD0iMSIgaGVpZ2h0PSIxIiB4bWxucz0iaHR0cDovL3d3dy53My5vcmcvMjAwMC9zdmciPjwvc3ZnPg==\" style=\"--smush-placeholder-width: 300px; --smush-placeholder-aspect-ratio: 300\/225;\" \/><figcaption id=\"caption-attachment-1313\" class=\"wp-caption-text\">Gy\u00f6ngyty\u00fak naplement\u00e9ben<\/figcaption><\/figure>\n<p style=\"text-align: justify;\">Desszertnek pedig t\u00far\u00f3gomb\u00f3c levendul\u00e1s s\u00e1rgabarackkal. No comment, besz\u00e9ljenek a k\u00e9pek \ud83d\ude42 :<\/p>\n<figure id=\"attachment_1314\" aria-describedby=\"caption-attachment-1314\" style=\"width: 665px\" class=\"wp-caption aligncenter\"><img data-recalc-dims=\"1\" decoding=\"async\" class=\"wp-image-1314 size-large lazyload\" data-src=\"https:\/\/i0.wp.com\/coolinart.cafe\/blog\/wp-content\/uploads\/2016\/08\/Blog20160804_210844.jpg?resize=665%2C212&#038;ssl=1\" alt=\"Blog20160804_210844\" width=\"665\" height=\"212\" data-srcset=\"https:\/\/i0.wp.com\/coolinart.cafe\/blog\/wp-content\/uploads\/2016\/08\/Blog20160804_210844-scaled.jpg?resize=1024%2C327&amp;ssl=1 1024w, https:\/\/i0.wp.com\/coolinart.cafe\/blog\/wp-content\/uploads\/2016\/08\/Blog20160804_210844-scaled.jpg?resize=600%2C192&amp;ssl=1 600w, https:\/\/i0.wp.com\/coolinart.cafe\/blog\/wp-content\/uploads\/2016\/08\/Blog20160804_210844-scaled.jpg?resize=300%2C96&amp;ssl=1 300w, https:\/\/i0.wp.com\/coolinart.cafe\/blog\/wp-content\/uploads\/2016\/08\/Blog20160804_210844-scaled.jpg?resize=768%2C245&amp;ssl=1 768w, https:\/\/i0.wp.com\/coolinart.cafe\/blog\/wp-content\/uploads\/2016\/08\/Blog20160804_210844-scaled.jpg?w=1330&amp;ssl=1 1330w, https:\/\/i0.wp.com\/coolinart.cafe\/blog\/wp-content\/uploads\/2016\/08\/Blog20160804_210844-scaled.jpg?w=1995&amp;ssl=1 1995w\" data-sizes=\"(max-width: 665px) 100vw, 665px\" src=\"data:image\/svg+xml;base64,PHN2ZyB3aWR0aD0iMSIgaGVpZ2h0PSIxIiB4bWxucz0iaHR0cDovL3d3dy53My5vcmcvMjAwMC9zdmciPjwvc3ZnPg==\" style=\"--smush-placeholder-width: 665px; --smush-placeholder-aspect-ratio: 665\/212;\" \/><figcaption id=\"caption-attachment-1314\" class=\"wp-caption-text\">T\u00far\u00f3gomb\u00f3c, barack, levendula<\/figcaption><\/figure>\n<p style=\"text-align: justify;\">Amit az\u00e9rt szeretn\u00e9k megeml\u00edteni a <a href=\"http:\/\/naturahill.hu\/\">Natura Hillr\u0151l<\/a>. Minden csod\u00e1latos, t\u00e9nyleg, le a kalappal, gratul\u00e1lok! De! Nekem hi\u00e1nyzott a bens\u0151s\u00e9ges, szem\u00e9lyes hangulat, a tulajdonosok \u00e9rdekl\u0151d\u00e9se, egy j\u00f3 sz\u00f3! Ott \u00e9lnek, ott laknak \u00e9letvitel szer\u0171en. Am\u00edg mi ott voltunk, egyszer sem k\u00e9rdezt\u00e9k meg, hogy hogyan \u00e9rezz\u00fck magunkat, hogy \u00edzlett, stb. Persze, ezt a m\u00e1r eml\u00edtett nagyon szuper alkalmazottak megtett\u00e9k, de az nem ugyanaz. Kicsit olyan volt, mintha vend\u00e9gek lenn\u00e9nek a saj\u00e1t h\u00e1zukban is. Nem el\u00e9g a sz\u00e9pet meg\u00e1lmodni \u00e9s megalkotni! Ahhoz, hogy ez j\u00f3l, \u00e9s hossz\u00fa ideig m\u0171k\u00f6dj\u00f6n, visszat\u00e9r\u0151 vend\u00e9gek legyenek, a szem\u00e9lyes jelenl\u00e9t, \u00e9s kapcsolat a legfontosabb. J\u00f3 lenne, ha erre a j\u00f6v\u0151be figyeln\u00e9nek! \u00cdgy csak egy gy\u00f6ny\u00f6r\u0171, \u00e9s nagyon magas min\u0151s\u00e9g\u0171 hely volt a sok k\u00f6z\u00fcl.<\/p>\n<p style=\"text-align: justify;\">M\u00e1snap &#8211; az ism\u00e9t szuper reggeli ut\u00e1n &#8211; felpakoltunk \u00e9s elindultunk Kismarosra. A kisvas\u00fat \u00e1llom\u00e1s\u00e1n leparkoltunk, \u00e9s biciklire pattantunk. Szokoly\u00e1n kereszt\u00fcl feltekert\u00fcnk Kir\u00e1lyr\u00e9tre, ott h\u0171s\u00f6lt\u00fcnk egyet a halast\u00f3 partj\u00e1n. Kb. egy kilom\u00e9tert kellett visszaereszkedni Kismaros fel\u00e9, \u00e9s onnan egy gy\u00f6ny\u00f6r\u0171 hegyi (aszfaltos) \u00faton, enyhe emelked\u0151vel \u00e1t lehetett tekerni K\u00f3spallagra. K\u00f3spallagr\u00f3l pedig &#8211; egy defekttel tark\u00edtva &#8211; legurultunk vissza a Duna-partra, majd a kocsinkhoz. Ez egy kb. 30 km-es nagyon sz\u00e9p \u00fat volt, aj\u00e1nlom mindenkinek!<\/p>\n<p style=\"text-align: justify;\">Azt, hogy hazafel\u00e9 bemegy\u00fcnk V\u00e1cra, az orsz\u00e1g egyik legjobb <a href=\"https:\/\/www.facebook.com\/O%C3%A1zis-Cukr%C3%A1szda-V%C3%A1c-816732168339950\/\">retro cukr\u00e1szd\u00e1j\u00e1ba<\/a>, m\u00e1r k\u00e9t nappal kor\u00e1bban eld\u00f6nt\u00f6tt\u00fck. De m\u00e9g el\u0151tte be akartunk kapni valami s\u00f3sat. Gyorsan megn\u00e9ztem a neten, hogy &#8222;s\u00fclt hal a Dunakanyarban&#8221;, \u00e9s r\u00e1tal\u00e1ltam a v\u00e1ci HEKK Teraszra. Mire be\u00edrtam az IGO-ba, ott volt az orrunk el\u0151tt, a 2-es \u00fat mellett, egy-k\u00e9t kilom\u00e9terre a 12-es \u00fati k\u00f6rforgalomt\u00f3l. A biciklis \u00fatr\u00f3l is k\u00f6zvetlen\u00fcl megk\u00f6zel\u00edthet\u0151! Bel\u00fcl klassz, hangulatos tengerparti design, a konyh\u00e1ba az \u00fcvegen kereszt\u00fcl be lehet l\u00e1tni, \u00e9s sok fajta hal\u00e9tel, t\u00f6bbek k\u00f6z\u00f6tt s\u00fclt keszeg, valamint hamburgerek az \u00e9tlapon. V\u00e9g\u00fcl is egy d\u00fch\u00f6s hekk mellett d\u00f6nt\u00f6tt\u00fcnk, azaz s\u00fct\u00e9s ut\u00e1n a halat bekent\u00e9k egy enyh\u00e9n cs\u00edp\u0151s sz\u00f3sszal. Minden rendben volt, m\u00e9g biztosan visszaj\u00f6v\u00fcnk!<\/p>\n<figure id=\"attachment_1317\" aria-describedby=\"caption-attachment-1317\" style=\"width: 300px\" class=\"wp-caption alignright\"><img data-recalc-dims=\"1\" decoding=\"async\" class=\"wp-image-1317 size-medium lazyload\" data-src=\"https:\/\/i0.wp.com\/coolinart.cafe\/blog\/wp-content\/uploads\/2016\/08\/Blog20160805_154747.jpg?resize=300%2C225&#038;ssl=1\" alt=\"Blog20160805_154747\" width=\"300\" height=\"225\" data-srcset=\"https:\/\/i0.wp.com\/coolinart.cafe\/blog\/wp-content\/uploads\/2016\/08\/Blog20160805_154747-scaled.jpg?resize=300%2C225&amp;ssl=1 300w, https:\/\/i0.wp.com\/coolinart.cafe\/blog\/wp-content\/uploads\/2016\/08\/Blog20160805_154747-scaled.jpg?resize=600%2C450&amp;ssl=1 600w, https:\/\/i0.wp.com\/coolinart.cafe\/blog\/wp-content\/uploads\/2016\/08\/Blog20160805_154747-scaled.jpg?resize=768%2C576&amp;ssl=1 768w, https:\/\/i0.wp.com\/coolinart.cafe\/blog\/wp-content\/uploads\/2016\/08\/Blog20160805_154747-scaled.jpg?resize=1024%2C768&amp;ssl=1 1024w, https:\/\/i0.wp.com\/coolinart.cafe\/blog\/wp-content\/uploads\/2016\/08\/Blog20160805_154747-scaled.jpg?w=1330&amp;ssl=1 1330w, https:\/\/i0.wp.com\/coolinart.cafe\/blog\/wp-content\/uploads\/2016\/08\/Blog20160805_154747-scaled.jpg?w=1995&amp;ssl=1 1995w\" data-sizes=\"(max-width: 300px) 100vw, 300px\" src=\"data:image\/svg+xml;base64,PHN2ZyB3aWR0aD0iMSIgaGVpZ2h0PSIxIiB4bWxucz0iaHR0cDovL3d3dy53My5vcmcvMjAwMC9zdmciPjwvc3ZnPg==\" style=\"--smush-placeholder-width: 300px; --smush-placeholder-aspect-ratio: 300\/225;\" \/><figcaption id=\"caption-attachment-1317\" class=\"wp-caption-text\">D\u00fch\u00f6s hekk<\/figcaption><\/figure>\n<p style=\"text-align: justify;\">Na \u00e9s ut\u00e1na, ir\u00e1ny V\u00e1con a V\u00f6r\u00f6sh\u00e1zban lev\u0151 <a href=\"https:\/\/www.facebook.com\/O%C3%A1zis-Cukr%C3%A1szda-V%C3%A1c-816732168339950\/\">O\u00e1zis cukr\u00e1szda<\/a>. Biztosan csod\u00e1lkoztok, hogy nem a h\u00edres <a href=\"http:\/\/mihalyipatisserie.com\/\">Mih\u00e1lyi Desszertszalonba<\/a> vett\u00fck az ir\u00e1nyt. Igen, azt sem szabad kihagyni, ha V\u00e1con j\u00e1rtok, nagyon sz\u00e9p, nagyon finom, \u00e9s val\u00f3ban No.1. De az egy teljesen m\u00e1s kateg\u00f3ria, m\u00e1s \u00e9lm\u00e9ny, mint az O\u00e1zis. Az O\u00e1zis tiszta retro, de abban a legjobb min\u0151s\u00e9g. T\u00edzen \u00e9vvel ezel\u0151tt tal\u00e1ltunk r\u00e1, m\u00e1r akkor nagyon olcs\u00f3 \u00e9s nagyon finom fagyival, \u00e9s nem t\u00falzok, ha azt mondom, hogy az orsz\u00e1g legjobb isler\u00e9vel. De az \u00f6sszes t\u00f6bbi hagyom\u00e1nyos s\u00fctem\u00e9nnyel: kr\u00e9mes, R\u00e1k\u00f3czi t\u00far\u00f3s, Puncs szelet, mignonok, l\u00fadl\u00e1b \u00e9s piramis !!!!! \u00c9n eddig b\u00e1rmit k\u00f3stoltam ezek k\u00f6z\u00fcl az 5*. Egy klasszikus fagyi \u00f6ssze\u00e1ll\u00edt\u00e1ssal kezdt\u00fcnk, nekem m\u00e1lna-citrom, f\u00e9rjemnek citrom-puncs. Kis gomb\u00f3c, hagyom\u00e1nyos t\u00f6lcs\u00e9rben. A kis gomb\u00f3c m\u00e9rete 4-6 dkg, k\u00e9rik el\u0151re jelezni. Na most itt\u00a0 fagyi m\u00e9r\u00e9s nem m\u00e9rleggel t\u00f6rt\u00e9nik, mint egy-k\u00e9t felkapott trendi helyen. Az a hal\u00e1lom. Mi az, hogy lem\u00e9rj\u00fck a fagyit??? Ahol m\u00e9rlegre teszik, \u00e9n oda t\u00f6bbet nem megyek fagyizni. S\u0151t, az O\u00e1zisban a kanalat nem h\u00fazogatj\u00e1k ezerszer az ed\u00e9ny sz\u00e9l\u00e9hez, hogy alig marad a szed\u0151kan\u00e1lban. Az O\u00e1zisban: kan\u00e1l belemer\u00edt, ami rajta van, az megy a t\u00f6lcs\u00e9rbe. Ennyi. A kis gomb\u00f3c is akkora, hogy \u00e9n kett\u0151t\u0151l este t\u00edzig j\u00f3l voltam. \u00c9s nagyon finom, l\u00e1gy,\u00a0 hagyom\u00e1nyos m\u00f3don k\u00e9sz\u00fclt kr\u00e9mfagyi. Ja, \u00e9s az \u00e1ra: kis gomb\u00f3c 150 Ft, nagy gomb\u00f3c 190 Ft. \ud83d\ude42 \ud83d\ude42 \ud83d\ude42<\/p>\n<p style=\"text-align: justify;\"><img data-recalc-dims=\"1\" decoding=\"async\" class=\"size-medium wp-image-1318 alignleft lazyload\" data-src=\"https:\/\/i0.wp.com\/coolinart.cafe\/blog\/wp-content\/uploads\/2016\/08\/Blog20160805_162838.jpg?resize=225%2C300&#038;ssl=1\" alt=\"Blog20160805_162838\" width=\"225\" height=\"300\" data-srcset=\"https:\/\/i0.wp.com\/coolinart.cafe\/blog\/wp-content\/uploads\/2016\/08\/Blog20160805_162838-scaled.jpg?resize=225%2C300&amp;ssl=1 225w, https:\/\/i0.wp.com\/coolinart.cafe\/blog\/wp-content\/uploads\/2016\/08\/Blog20160805_162838-scaled.jpg?resize=600%2C800&amp;ssl=1 600w, https:\/\/i0.wp.com\/coolinart.cafe\/blog\/wp-content\/uploads\/2016\/08\/Blog20160805_162838-scaled.jpg?resize=768%2C1024&amp;ssl=1 768w, https:\/\/i0.wp.com\/coolinart.cafe\/blog\/wp-content\/uploads\/2016\/08\/Blog20160805_162838-scaled.jpg?w=1920&amp;ssl=1 1920w, https:\/\/i0.wp.com\/coolinart.cafe\/blog\/wp-content\/uploads\/2016\/08\/Blog20160805_162838-scaled.jpg?w=1330&amp;ssl=1 1330w\" data-sizes=\"(max-width: 225px) 100vw, 225px\" src=\"data:image\/svg+xml;base64,PHN2ZyB3aWR0aD0iMSIgaGVpZ2h0PSIxIiB4bWxucz0iaHR0cDovL3d3dy53My5vcmcvMjAwMC9zdmciPjwvc3ZnPg==\" style=\"--smush-placeholder-width: 225px; --smush-placeholder-aspect-ratio: 225\/300;\" \/><\/p>\n<p style=\"text-align: justify;\"><img data-recalc-dims=\"1\" decoding=\"async\" class=\"size-medium wp-image-1319 alignright lazyload\" data-src=\"https:\/\/i0.wp.com\/coolinart.cafe\/blog\/wp-content\/uploads\/2016\/08\/Blog20160805_163447.jpg?resize=225%2C300&#038;ssl=1\" alt=\"Blog20160805_163447\" width=\"225\" height=\"300\" data-srcset=\"https:\/\/i0.wp.com\/coolinart.cafe\/blog\/wp-content\/uploads\/2016\/08\/Blog20160805_163447-scaled.jpg?resize=225%2C300&amp;ssl=1 225w, https:\/\/i0.wp.com\/coolinart.cafe\/blog\/wp-content\/uploads\/2016\/08\/Blog20160805_163447-scaled.jpg?resize=600%2C800&amp;ssl=1 600w, https:\/\/i0.wp.com\/coolinart.cafe\/blog\/wp-content\/uploads\/2016\/08\/Blog20160805_163447-scaled.jpg?resize=768%2C1024&amp;ssl=1 768w, https:\/\/i0.wp.com\/coolinart.cafe\/blog\/wp-content\/uploads\/2016\/08\/Blog20160805_163447-scaled.jpg?w=1920&amp;ssl=1 1920w, https:\/\/i0.wp.com\/coolinart.cafe\/blog\/wp-content\/uploads\/2016\/08\/Blog20160805_163447-scaled.jpg?w=1330&amp;ssl=1 1330w\" data-sizes=\"(max-width: 225px) 100vw, 225px\" src=\"data:image\/svg+xml;base64,PHN2ZyB3aWR0aD0iMSIgaGVpZ2h0PSIxIiB4bWxucz0iaHR0cDovL3d3dy53My5vcmcvMjAwMC9zdmciPjwvc3ZnPg==\" style=\"--smush-placeholder-width: 225px; --smush-placeholder-aspect-ratio: 225\/300;\" \/><\/p>\n<p style=\"text-align: justify;\">Az\u00e9rt vitt\u00fcnk haza s\u00fctit, a meleg miatt csak puncs szeletre, \u00e9s a kedvenc isleremre v\u00e1llalkoztam. Nem csal\u00f3dtam! Egyszer\u0171en van, amit nem kell \u00fajra diz\u00e1jnolni, csak j\u00f3l csin\u00e1lni! \u00c9s akkor nem marad el a siker! Van mi\u00e9rt elbiciklizni V\u00e1cra (is)!<\/p>\n<figure id=\"attachment_1320\" aria-describedby=\"caption-attachment-1320\" style=\"width: 225px\" class=\"wp-caption aligncenter\"><img data-recalc-dims=\"1\" decoding=\"async\" class=\"wp-image-1320 size-medium lazyload\" data-src=\"https:\/\/i0.wp.com\/coolinart.cafe\/blog\/wp-content\/uploads\/2016\/08\/20160805_220428-e1471281040185-225x300.jpg?resize=225%2C300&#038;ssl=1\" alt=\"20160805_220428\" width=\"225\" height=\"300\" data-srcset=\"https:\/\/i0.wp.com\/coolinart.cafe\/blog\/wp-content\/uploads\/2016\/08\/20160805_220428-e1471281040185-scaled.jpg?resize=225%2C300&amp;ssl=1 225w, https:\/\/i0.wp.com\/coolinart.cafe\/blog\/wp-content\/uploads\/2016\/08\/20160805_220428-e1471281040185-scaled.jpg?resize=768%2C1024&amp;ssl=1 768w, https:\/\/i0.wp.com\/coolinart.cafe\/blog\/wp-content\/uploads\/2016\/08\/20160805_220428-e1471281040185-scaled.jpg?zoom=2&amp;resize=225%2C300&amp;ssl=1 450w, https:\/\/i0.wp.com\/coolinart.cafe\/blog\/wp-content\/uploads\/2016\/08\/20160805_220428-e1471281040185-scaled.jpg?zoom=3&amp;resize=225%2C300&amp;ssl=1 675w\" data-sizes=\"(max-width: 225px) 100vw, 225px\" src=\"data:image\/svg+xml;base64,PHN2ZyB3aWR0aD0iMSIgaGVpZ2h0PSIxIiB4bWxucz0iaHR0cDovL3d3dy53My5vcmcvMjAwMC9zdmciPjwvc3ZnPg==\" style=\"--smush-placeholder-width: 225px; --smush-placeholder-aspect-ratio: 225\/300;\" \/><figcaption id=\"caption-attachment-1320\" class=\"wp-caption-text\">Kedvenceim<\/figcaption><\/figure>\n<p style=\"text-align: justify;\">\u00a0Ez a k\u00e9tnapos kir\u00e1ndul\u00e1s a Dunakanyarban remek\u00fcl siker\u00fclt! \u00c9rdemes kil\u00e1togatni ide, ak\u00e1r csak egy napra is, mert itt is egyre t\u00f6bb klassz hely van, gy\u00f6ny\u00f6r\u0171 a l\u00e1tv\u00e1ny, j\u00f3l lehet biciklizni, kir\u00e1ndulni, \u00e9s mesesz\u00e9p!<\/p>\n","protected":false},"excerpt":{"rendered":"<p>Vid\u00e9ki biciklis gasztro kalandoz\u00e1sainkat a Balaton-felvid\u00e9k ut\u00e1n a Dunakanyarban folytattuk. Annak ellen\u00e9re, hogy Szentendr\u00e9hez nagyon k\u00f6zel van &#8211; vagy tal\u00e1n \u00e9ppen az\u00e9rt? &#8211; \u00e9vek \u00f3ta nem j\u00e1rtunk Zebeg\u00e9nyben \u00e9s k\u00f6rny\u00e9k\u00e9n. Tavasszal az egyik sikeres v\u00e1llalkoz\u00e1sokat bemutat\u00f3 magazin oldal\u00e1n tal\u00e1lkoztam el\u0151sz\u00f6r a Natura Hill sz\u00e1ll\u00e1shellyel. \u00d6kol\u00f3giai szeml\u00e9let, fenntarthat\u00f3 vend\u00e9gl\u00e1t\u00e1s, energiahat\u00e9konys\u00e1g, geotermikus h\u0151szivatty\u00fa. Az \u00e9tteremben mesterszak\u00e1cs f\u0151z [&hellip;]<\/p>\n","protected":false},"author":2,"featured_media":0,"comment_status":"open","ping_status":"open","sticky":false,"template":"","format":"standard","meta":{"ngg_post_thumbnail":0,"_jetpack_memberships_contains_paid_content":false,"footnotes":""},"categories":[4],"tags":[91,93],"class_list":["post-1256","post","type-post","status-publish","format-standard","hentry","category-utazas","tag-etterem-kritika","tag-utibeszamolo"],"yoast_head":"<!-- This site is optimized with the Yoast SEO plugin v27.5 - https:\/\/yoast.com\/product\/yoast-seo-wordpress\/ -->\n<title>Biciklis gasztro kir\u00e1ndul\u00e1s a Dunakanyarban - Coolinart.cafe<\/title>\n<meta name=\"description\" content=\"P\u00e1r napos kir\u00e1ndul\u00e1s a Dunakanyarban ny\u00e1ron \u00e9s \u0151sszel is kiv\u00e1l\u00f3 program. Csod\u00e1s helyen megy a biciklis \u00fat, sok a l\u00e1tnival\u00f3 \u00e9s egyre t\u00f6bb a hangulatos hely.\" \/>\n<meta name=\"robots\" content=\"index, follow, max-snippet:-1, max-image-preview:large, max-video-preview:-1\" \/>\n<link rel=\"canonical\" href=\"https:\/\/coolinart.cafe\/blog\/2016\/08\/biciklis-gasztro-kalandozas-a-dunakanyarban\/\" \/>\n<meta property=\"og:locale\" content=\"hu_HU\" \/>\n<meta property=\"og:type\" content=\"article\" \/>\n<meta property=\"og:title\" content=\"Biciklis gasztro kir\u00e1ndul\u00e1s a Dunakanyarban - Coolinart.cafe\" \/>\n<meta property=\"og:description\" content=\"P\u00e1r napos kir\u00e1ndul\u00e1s a Dunakanyarban ny\u00e1ron \u00e9s \u0151sszel is kiv\u00e1l\u00f3 program. Csod\u00e1s helyen megy a biciklis \u00fat, sok a l\u00e1tnival\u00f3 \u00e9s egyre t\u00f6bb a hangulatos hely.\" \/>\n<meta property=\"og:url\" content=\"https:\/\/coolinart.cafe\/blog\/2016\/08\/biciklis-gasztro-kalandozas-a-dunakanyarban\/\" \/>\n<meta property=\"og:site_name\" content=\"Coolinart.cafe\" \/>\n<meta property=\"article:publisher\" content=\"https:\/\/www.facebook.com\/coolinart.cafe\/\" \/>\n<meta property=\"article:published_time\" content=\"2016-08-16T13:46:47+00:00\" \/>\n<meta property=\"article:modified_time\" content=\"2016-09-05T06:46:43+00:00\" \/>\n<meta property=\"og:image\" content=\"https:\/\/i1.wp.com\/coolinart.cafe\/blog\/wp-content\/uploads\/2016\/08\/FB2-20160804_090636.jpg?fit=1200%2C630&ssl=1\" \/>\n\t<meta property=\"og:image:width\" content=\"1200\" \/>\n\t<meta property=\"og:image:height\" content=\"630\" \/>\n\t<meta property=\"og:image:type\" content=\"image\/jpeg\" \/>\n<meta name=\"author\" content=\"Sulyok Gy\u00f6rgyi\" \/>\n<meta name=\"twitter:card\" content=\"summary_large_image\" \/>\n<meta name=\"twitter:label1\" content=\"Szerz\u0151:\" \/>\n\t<meta name=\"twitter:data1\" content=\"Sulyok Gy\u00f6rgyi\" \/>\n\t<meta name=\"twitter:label2\" content=\"Becs\u00fclt olvas\u00e1si id\u0151\" \/>\n\t<meta name=\"twitter:data2\" content=\"12 perc\" \/>\n<script type=\"application\/ld+json\" class=\"yoast-schema-graph\">{\"@context\":\"https:\\\/\\\/schema.org\",\"@graph\":[{\"@type\":\"Article\",\"@id\":\"https:\\\/\\\/coolinart.cafe\\\/blog\\\/2016\\\/08\\\/biciklis-gasztro-kalandozas-a-dunakanyarban\\\/#article\",\"isPartOf\":{\"@id\":\"https:\\\/\\\/coolinart.cafe\\\/blog\\\/2016\\\/08\\\/biciklis-gasztro-kalandozas-a-dunakanyarban\\\/\"},\"author\":{\"name\":\"Sulyok Gy\u00f6rgyi\",\"@id\":\"https:\\\/\\\/coolinart.cafe\\\/blog\\\/#\\\/schema\\\/person\\\/0b9046a8abdce332b3919b077f7376b2\"},\"headline\":\"Biciklis gasztro kir\u00e1ndul\u00e1s a Dunakanyarban\",\"datePublished\":\"2016-08-16T13:46:47+00:00\",\"dateModified\":\"2016-09-05T06:46:43+00:00\",\"mainEntityOfPage\":{\"@id\":\"https:\\\/\\\/coolinart.cafe\\\/blog\\\/2016\\\/08\\\/biciklis-gasztro-kalandozas-a-dunakanyarban\\\/\"},\"wordCount\":2397,\"commentCount\":0,\"image\":{\"@id\":\"https:\\\/\\\/coolinart.cafe\\\/blog\\\/2016\\\/08\\\/biciklis-gasztro-kalandozas-a-dunakanyarban\\\/#primaryimage\"},\"thumbnailUrl\":\"https:\\\/\\\/coolinart.cafe\\\/blog\\\/wp-content\\\/uploads\\\/2016\\\/08\\\/Blog20160803_201642-1024x431.jpg\",\"keywords\":[\"\u00c9tterem kritika\",\"\u00datibesz\u00e1mol\u00f3\"],\"articleSection\":[\"Utaz\u00e1s, \u00c9lm\u00e9ny\"],\"inLanguage\":\"hu\",\"potentialAction\":[{\"@type\":\"CommentAction\",\"name\":\"Comment\",\"target\":[\"https:\\\/\\\/coolinart.cafe\\\/blog\\\/2016\\\/08\\\/biciklis-gasztro-kalandozas-a-dunakanyarban\\\/#respond\"]}]},{\"@type\":\"WebPage\",\"@id\":\"https:\\\/\\\/coolinart.cafe\\\/blog\\\/2016\\\/08\\\/biciklis-gasztro-kalandozas-a-dunakanyarban\\\/\",\"url\":\"https:\\\/\\\/coolinart.cafe\\\/blog\\\/2016\\\/08\\\/biciklis-gasztro-kalandozas-a-dunakanyarban\\\/\",\"name\":\"Biciklis gasztro kir\u00e1ndul\u00e1s a Dunakanyarban - Coolinart.cafe\",\"isPartOf\":{\"@id\":\"https:\\\/\\\/coolinart.cafe\\\/blog\\\/#website\"},\"primaryImageOfPage\":{\"@id\":\"https:\\\/\\\/coolinart.cafe\\\/blog\\\/2016\\\/08\\\/biciklis-gasztro-kalandozas-a-dunakanyarban\\\/#primaryimage\"},\"image\":{\"@id\":\"https:\\\/\\\/coolinart.cafe\\\/blog\\\/2016\\\/08\\\/biciklis-gasztro-kalandozas-a-dunakanyarban\\\/#primaryimage\"},\"thumbnailUrl\":\"https:\\\/\\\/coolinart.cafe\\\/blog\\\/wp-content\\\/uploads\\\/2016\\\/08\\\/Blog20160803_201642-1024x431.jpg\",\"datePublished\":\"2016-08-16T13:46:47+00:00\",\"dateModified\":\"2016-09-05T06:46:43+00:00\",\"author\":{\"@id\":\"https:\\\/\\\/coolinart.cafe\\\/blog\\\/#\\\/schema\\\/person\\\/0b9046a8abdce332b3919b077f7376b2\"},\"description\":\"P\u00e1r napos kir\u00e1ndul\u00e1s a Dunakanyarban ny\u00e1ron \u00e9s \u0151sszel is kiv\u00e1l\u00f3 program. Csod\u00e1s helyen megy a biciklis \u00fat, sok a l\u00e1tnival\u00f3 \u00e9s egyre t\u00f6bb a hangulatos hely.\",\"breadcrumb\":{\"@id\":\"https:\\\/\\\/coolinart.cafe\\\/blog\\\/2016\\\/08\\\/biciklis-gasztro-kalandozas-a-dunakanyarban\\\/#breadcrumb\"},\"inLanguage\":\"hu\",\"potentialAction\":[{\"@type\":\"ReadAction\",\"target\":[\"https:\\\/\\\/coolinart.cafe\\\/blog\\\/2016\\\/08\\\/biciklis-gasztro-kalandozas-a-dunakanyarban\\\/\"]}]},{\"@type\":\"ImageObject\",\"inLanguage\":\"hu\",\"@id\":\"https:\\\/\\\/coolinart.cafe\\\/blog\\\/2016\\\/08\\\/biciklis-gasztro-kalandozas-a-dunakanyarban\\\/#primaryimage\",\"url\":\"https:\\\/\\\/i0.wp.com\\\/coolinart.cafe\\\/blog\\\/wp-content\\\/uploads\\\/2016\\\/08\\\/Blog20160803_201642-scaled.jpg?fit=2560%2C1078&ssl=1\",\"contentUrl\":\"https:\\\/\\\/i0.wp.com\\\/coolinart.cafe\\\/blog\\\/wp-content\\\/uploads\\\/2016\\\/08\\\/Blog20160803_201642-scaled.jpg?fit=2560%2C1078&ssl=1\",\"width\":2560,\"height\":1078},{\"@type\":\"BreadcrumbList\",\"@id\":\"https:\\\/\\\/coolinart.cafe\\\/blog\\\/2016\\\/08\\\/biciklis-gasztro-kalandozas-a-dunakanyarban\\\/#breadcrumb\",\"itemListElement\":[{\"@type\":\"ListItem\",\"position\":1,\"name\":\"Home\",\"item\":\"https:\\\/\\\/coolinart.cafe\\\/blog\\\/\"},{\"@type\":\"ListItem\",\"position\":2,\"name\":\"Biciklis gasztro kir\u00e1ndul\u00e1s a Dunakanyarban\"}]},{\"@type\":\"WebSite\",\"@id\":\"https:\\\/\\\/coolinart.cafe\\\/blog\\\/#website\",\"url\":\"https:\\\/\\\/coolinart.cafe\\\/blog\\\/\",\"name\":\"Coolinart.cafe\",\"description\":\"\u00e9tel, k\u00e1v\u00e9, kult\u00fara\",\"potentialAction\":[{\"@type\":\"SearchAction\",\"target\":{\"@type\":\"EntryPoint\",\"urlTemplate\":\"https:\\\/\\\/coolinart.cafe\\\/blog\\\/?s={search_term_string}\"},\"query-input\":{\"@type\":\"PropertyValueSpecification\",\"valueRequired\":true,\"valueName\":\"search_term_string\"}}],\"inLanguage\":\"hu\"},{\"@type\":\"Person\",\"@id\":\"https:\\\/\\\/coolinart.cafe\\\/blog\\\/#\\\/schema\\\/person\\\/0b9046a8abdce332b3919b077f7376b2\",\"name\":\"Sulyok Gy\u00f6rgyi\",\"image\":{\"@type\":\"ImageObject\",\"inLanguage\":\"hu\",\"@id\":\"https:\\\/\\\/secure.gravatar.com\\\/avatar\\\/f7d80d7800220762f9cf31559c65e650bdc8299f18bca4e3ffde781c0422539c?s=96&d=mm&r=g\",\"url\":\"https:\\\/\\\/secure.gravatar.com\\\/avatar\\\/f7d80d7800220762f9cf31559c65e650bdc8299f18bca4e3ffde781c0422539c?s=96&d=mm&r=g\",\"contentUrl\":\"https:\\\/\\\/secure.gravatar.com\\\/avatar\\\/f7d80d7800220762f9cf31559c65e650bdc8299f18bca4e3ffde781c0422539c?s=96&d=mm&r=g\",\"caption\":\"Sulyok Gy\u00f6rgyi\"},\"sameAs\":[\"http:\\\/\\\/www.coolinart.cafe\"],\"url\":\"https:\\\/\\\/coolinart.cafe\\\/blog\\\/author\\\/gyorgyi\\\/\"}]}<\/script>\n<!-- \/ Yoast SEO plugin. -->","yoast_head_json":{"title":"Biciklis gasztro kir\u00e1ndul\u00e1s a Dunakanyarban - Coolinart.cafe","description":"P\u00e1r napos kir\u00e1ndul\u00e1s a Dunakanyarban ny\u00e1ron \u00e9s \u0151sszel is kiv\u00e1l\u00f3 program. Csod\u00e1s helyen megy a biciklis \u00fat, sok a l\u00e1tnival\u00f3 \u00e9s egyre t\u00f6bb a hangulatos hely.","robots":{"index":"index","follow":"follow","max-snippet":"max-snippet:-1","max-image-preview":"max-image-preview:large","max-video-preview":"max-video-preview:-1"},"canonical":"https:\/\/coolinart.cafe\/blog\/2016\/08\/biciklis-gasztro-kalandozas-a-dunakanyarban\/","og_locale":"hu_HU","og_type":"article","og_title":"Biciklis gasztro kir\u00e1ndul\u00e1s a Dunakanyarban - Coolinart.cafe","og_description":"P\u00e1r napos kir\u00e1ndul\u00e1s a Dunakanyarban ny\u00e1ron \u00e9s \u0151sszel is kiv\u00e1l\u00f3 program. Csod\u00e1s helyen megy a biciklis \u00fat, sok a l\u00e1tnival\u00f3 \u00e9s egyre t\u00f6bb a hangulatos hely.","og_url":"https:\/\/coolinart.cafe\/blog\/2016\/08\/biciklis-gasztro-kalandozas-a-dunakanyarban\/","og_site_name":"Coolinart.cafe","article_publisher":"https:\/\/www.facebook.com\/coolinart.cafe\/","article_published_time":"2016-08-16T13:46:47+00:00","article_modified_time":"2016-09-05T06:46:43+00:00","og_image":[{"width":1200,"height":630,"url":"https:\/\/i1.wp.com\/coolinart.cafe\/blog\/wp-content\/uploads\/2016\/08\/FB2-20160804_090636.jpg?fit=1200%2C630&ssl=1","type":"image\/jpeg"}],"author":"Sulyok Gy\u00f6rgyi","twitter_card":"summary_large_image","twitter_misc":{"Szerz\u0151:":"Sulyok Gy\u00f6rgyi","Becs\u00fclt olvas\u00e1si id\u0151":"12 perc"},"schema":{"@context":"https:\/\/schema.org","@graph":[{"@type":"Article","@id":"https:\/\/coolinart.cafe\/blog\/2016\/08\/biciklis-gasztro-kalandozas-a-dunakanyarban\/#article","isPartOf":{"@id":"https:\/\/coolinart.cafe\/blog\/2016\/08\/biciklis-gasztro-kalandozas-a-dunakanyarban\/"},"author":{"name":"Sulyok Gy\u00f6rgyi","@id":"https:\/\/coolinart.cafe\/blog\/#\/schema\/person\/0b9046a8abdce332b3919b077f7376b2"},"headline":"Biciklis gasztro kir\u00e1ndul\u00e1s a Dunakanyarban","datePublished":"2016-08-16T13:46:47+00:00","dateModified":"2016-09-05T06:46:43+00:00","mainEntityOfPage":{"@id":"https:\/\/coolinart.cafe\/blog\/2016\/08\/biciklis-gasztro-kalandozas-a-dunakanyarban\/"},"wordCount":2397,"commentCount":0,"image":{"@id":"https:\/\/coolinart.cafe\/blog\/2016\/08\/biciklis-gasztro-kalandozas-a-dunakanyarban\/#primaryimage"},"thumbnailUrl":"https:\/\/coolinart.cafe\/blog\/wp-content\/uploads\/2016\/08\/Blog20160803_201642-1024x431.jpg","keywords":["\u00c9tterem kritika","\u00datibesz\u00e1mol\u00f3"],"articleSection":["Utaz\u00e1s, \u00c9lm\u00e9ny"],"inLanguage":"hu","potentialAction":[{"@type":"CommentAction","name":"Comment","target":["https:\/\/coolinart.cafe\/blog\/2016\/08\/biciklis-gasztro-kalandozas-a-dunakanyarban\/#respond"]}]},{"@type":"WebPage","@id":"https:\/\/coolinart.cafe\/blog\/2016\/08\/biciklis-gasztro-kalandozas-a-dunakanyarban\/","url":"https:\/\/coolinart.cafe\/blog\/2016\/08\/biciklis-gasztro-kalandozas-a-dunakanyarban\/","name":"Biciklis gasztro kir\u00e1ndul\u00e1s a Dunakanyarban - Coolinart.cafe","isPartOf":{"@id":"https:\/\/coolinart.cafe\/blog\/#website"},"primaryImageOfPage":{"@id":"https:\/\/coolinart.cafe\/blog\/2016\/08\/biciklis-gasztro-kalandozas-a-dunakanyarban\/#primaryimage"},"image":{"@id":"https:\/\/coolinart.cafe\/blog\/2016\/08\/biciklis-gasztro-kalandozas-a-dunakanyarban\/#primaryimage"},"thumbnailUrl":"https:\/\/coolinart.cafe\/blog\/wp-content\/uploads\/2016\/08\/Blog20160803_201642-1024x431.jpg","datePublished":"2016-08-16T13:46:47+00:00","dateModified":"2016-09-05T06:46:43+00:00","author":{"@id":"https:\/\/coolinart.cafe\/blog\/#\/schema\/person\/0b9046a8abdce332b3919b077f7376b2"},"description":"P\u00e1r napos kir\u00e1ndul\u00e1s a Dunakanyarban ny\u00e1ron \u00e9s \u0151sszel is kiv\u00e1l\u00f3 program. Csod\u00e1s helyen megy a biciklis \u00fat, sok a l\u00e1tnival\u00f3 \u00e9s egyre t\u00f6bb a hangulatos hely.","breadcrumb":{"@id":"https:\/\/coolinart.cafe\/blog\/2016\/08\/biciklis-gasztro-kalandozas-a-dunakanyarban\/#breadcrumb"},"inLanguage":"hu","potentialAction":[{"@type":"ReadAction","target":["https:\/\/coolinart.cafe\/blog\/2016\/08\/biciklis-gasztro-kalandozas-a-dunakanyarban\/"]}]},{"@type":"ImageObject","inLanguage":"hu","@id":"https:\/\/coolinart.cafe\/blog\/2016\/08\/biciklis-gasztro-kalandozas-a-dunakanyarban\/#primaryimage","url":"https:\/\/i0.wp.com\/coolinart.cafe\/blog\/wp-content\/uploads\/2016\/08\/Blog20160803_201642-scaled.jpg?fit=2560%2C1078&ssl=1","contentUrl":"https:\/\/i0.wp.com\/coolinart.cafe\/blog\/wp-content\/uploads\/2016\/08\/Blog20160803_201642-scaled.jpg?fit=2560%2C1078&ssl=1","width":2560,"height":1078},{"@type":"BreadcrumbList","@id":"https:\/\/coolinart.cafe\/blog\/2016\/08\/biciklis-gasztro-kalandozas-a-dunakanyarban\/#breadcrumb","itemListElement":[{"@type":"ListItem","position":1,"name":"Home","item":"https:\/\/coolinart.cafe\/blog\/"},{"@type":"ListItem","position":2,"name":"Biciklis gasztro kir\u00e1ndul\u00e1s a Dunakanyarban"}]},{"@type":"WebSite","@id":"https:\/\/coolinart.cafe\/blog\/#website","url":"https:\/\/coolinart.cafe\/blog\/","name":"Coolinart.cafe","description":"\u00e9tel, k\u00e1v\u00e9, kult\u00fara","potentialAction":[{"@type":"SearchAction","target":{"@type":"EntryPoint","urlTemplate":"https:\/\/coolinart.cafe\/blog\/?s={search_term_string}"},"query-input":{"@type":"PropertyValueSpecification","valueRequired":true,"valueName":"search_term_string"}}],"inLanguage":"hu"},{"@type":"Person","@id":"https:\/\/coolinart.cafe\/blog\/#\/schema\/person\/0b9046a8abdce332b3919b077f7376b2","name":"Sulyok Gy\u00f6rgyi","image":{"@type":"ImageObject","inLanguage":"hu","@id":"https:\/\/secure.gravatar.com\/avatar\/f7d80d7800220762f9cf31559c65e650bdc8299f18bca4e3ffde781c0422539c?s=96&d=mm&r=g","url":"https:\/\/secure.gravatar.com\/avatar\/f7d80d7800220762f9cf31559c65e650bdc8299f18bca4e3ffde781c0422539c?s=96&d=mm&r=g","contentUrl":"https:\/\/secure.gravatar.com\/avatar\/f7d80d7800220762f9cf31559c65e650bdc8299f18bca4e3ffde781c0422539c?s=96&d=mm&r=g","caption":"Sulyok Gy\u00f6rgyi"},"sameAs":["http:\/\/www.coolinart.cafe"],"url":"https:\/\/coolinart.cafe\/blog\/author\/gyorgyi\/"}]}},"jetpack_featured_media_url":"","jetpack_sharing_enabled":true,"_links":{"self":[{"href":"https:\/\/coolinart.cafe\/blog\/wp-json\/wp\/v2\/posts\/1256","targetHints":{"allow":["GET"]}}],"collection":[{"href":"https:\/\/coolinart.cafe\/blog\/wp-json\/wp\/v2\/posts"}],"about":[{"href":"https:\/\/coolinart.cafe\/blog\/wp-json\/wp\/v2\/types\/post"}],"author":[{"embeddable":true,"href":"https:\/\/coolinart.cafe\/blog\/wp-json\/wp\/v2\/users\/2"}],"replies":[{"embeddable":true,"href":"https:\/\/coolinart.cafe\/blog\/wp-json\/wp\/v2\/comments?post=1256"}],"version-history":[{"count":95,"href":"https:\/\/coolinart.cafe\/blog\/wp-json\/wp\/v2\/posts\/1256\/revisions"}],"predecessor-version":[{"id":1416,"href":"https:\/\/coolinart.cafe\/blog\/wp-json\/wp\/v2\/posts\/1256\/revisions\/1416"}],"wp:attachment":[{"href":"https:\/\/coolinart.cafe\/blog\/wp-json\/wp\/v2\/media?parent=1256"}],"wp:term":[{"taxonomy":"category","embeddable":true,"href":"https:\/\/coolinart.cafe\/blog\/wp-json\/wp\/v2\/categories?post=1256"},{"taxonomy":"post_tag","embeddable":true,"href":"https:\/\/coolinart.cafe\/blog\/wp-json\/wp\/v2\/tags?post=1256"}],"curies":[{"name":"wp","href":"https:\/\/api.w.org\/{rel}","templated":true}]}}