{"id":1247,"date":"2016-08-08T15:45:31","date_gmt":"2016-08-08T13:45:31","guid":{"rendered":"http:\/\/coolinart.cafe\/blog\/?p=1247"},"modified":"2016-09-07T15:41:53","modified_gmt":"2016-09-07T13:41:53","slug":"egy-jo-lecso","status":"publish","type":"post","link":"https:\/\/coolinart.cafe\/blog\/2016\/08\/egy-jo-lecso\/","title":{"rendered":"Egy j\u00f3 lecs\u00f3"},"content":{"rendered":"<p style=\"text-align: justify;\">Napok \u00f3ta azon gondolkodom, hogy szabad-e lecs\u00f3 receptet feltenni a blogra. Egyr\u00e9szt az\u00e9rt, mert alap dolog. M\u00e1sr\u00e9szt az\u00e9rt, mert er\u0151teljesen megoszlanak a v\u00e9lem\u00e9nyek arr\u00f3l, hogy MILYEN EGY J\u00d3 LECS\u00d3? Ez a magyaroknak az egyik legk\u00e9nyesebb t\u00e9m\u00e1ja. Val\u00f3s\u00e1gos nemzeti \u00fcgy. Azt hiszem, hogy err\u0151l nem mern\u00e9k vit\u00e1t nyitni senkivel, vagy ha igen, akkor az, hossz\u00fa \u00f3r\u00e1kon \u00e1t tartana. A mi bar\u00e1ti k\u00f6r\u00fcnkben is k\u00e9nyes t\u00e9ma, ez\u00e9rt \u00fagy hidaljuk \u00e1t, hogy mindenki megeszi sz\u00f3 n\u00e9lk\u00fcl a m\u00e1sik lecs\u00f3j\u00e1t. \u00c9s dics\u00e9ri akkor is, ha neki teljesen m\u00e1s k\u00e9pe van egy j\u00f3 lecs\u00f3r\u00f3l. Nem t\u00falz\u00e1s ebben a t\u00e9m\u00e1ban azt mondani, hogy ah\u00e1ny h\u00e1z, annyi lecs\u00f3 l\u00e9tezik. \u00c9s mindenki a mag\u00e1\u00e9ra esk\u00fcszik. \u00c9n is. Merthogy az eny\u00e9m a legjobb! \ud83d\ude42 \ud83d\ude42 \ud83d\ude42<\/p>\n<figure id=\"attachment_1251\" aria-describedby=\"caption-attachment-1251\" style=\"width: 665px\" class=\"wp-caption aligncenter\"><img data-recalc-dims=\"1\" decoding=\"async\" class=\"wp-image-1251 size-large lazyload\" data-src=\"https:\/\/i0.wp.com\/coolinart.cafe\/blog\/wp-content\/uploads\/2016\/08\/Blog20160807_143913.jpg?resize=665%2C499&#038;ssl=1\" alt=\"Blog20160807_143913\" width=\"665\" height=\"499\" data-srcset=\"https:\/\/i0.wp.com\/coolinart.cafe\/blog\/wp-content\/uploads\/2016\/08\/Blog20160807_143913.jpg?resize=1024%2C768&amp;ssl=1 1024w, https:\/\/i0.wp.com\/coolinart.cafe\/blog\/wp-content\/uploads\/2016\/08\/Blog20160807_143913.jpg?resize=300%2C225&amp;ssl=1 300w, https:\/\/i0.wp.com\/coolinart.cafe\/blog\/wp-content\/uploads\/2016\/08\/Blog20160807_143913.jpg?resize=768%2C576&amp;ssl=1 768w, https:\/\/i0.wp.com\/coolinart.cafe\/blog\/wp-content\/uploads\/2016\/08\/Blog20160807_143913.jpg?w=1330&amp;ssl=1 1330w, https:\/\/i0.wp.com\/coolinart.cafe\/blog\/wp-content\/uploads\/2016\/08\/Blog20160807_143913.jpg?w=1995&amp;ssl=1 1995w\" data-sizes=\"(max-width: 665px) 100vw, 665px\" src=\"data:image\/svg+xml;base64,PHN2ZyB3aWR0aD0iMSIgaGVpZ2h0PSIxIiB4bWxucz0iaHR0cDovL3d3dy53My5vcmcvMjAwMC9zdmciPjwvc3ZnPg==\" style=\"--smush-placeholder-width: 665px; --smush-placeholder-aspect-ratio: 665\/499;\" \/><figcaption id=\"caption-attachment-1251\" class=\"wp-caption-text\">Lecs\u00f3 nokedlival \u00e9s tejf\u00f6llel<\/figcaption><\/figure>\n<p style=\"text-align: justify;\">R\u00e9gebben olvastam egy cikket, amelyikben azt ecsetelt\u00e9k, hogy egy j\u00f3 lecs\u00f3hoz az sem mindegy, hogy hogyan v\u00e1gjuk a paprik\u00e1t. \ud83d\ude42 Ezt az\u00e9rt enyhe t\u00falz\u00e1snak \u00e9rzem, de sz\u00edvesen megosztom Veletek, az \u00e9n lecs\u00f3m alapszab\u00e1lyait (ja, am\u00fagy a paprik\u00e1t hossz\u00e1ban f\u00e9lbev\u00e1gom, kiszedem a magh\u00e1z\u00e1t, \u00e9s ut\u00e1na kb. egy cm-es cs\u00edkokra szeletelem):<\/p>\n<ul>\n<li>Friss lecs\u00f3t akkor kezdek el f\u0151zni, amikor megjelennek a piacon a nagy, h\u00fasos szabadf\u00f6ldi paradicsomok \u00e9s az \u00e9rett lecs\u00f3paprik\u00e1k.\u00a0 A t\u00e9li \u00fcvegh\u00e1zas paprik\u00e1b\u00f3l, paradicsomb\u00f3l nem lesz finom (t\u00e9lire fagyasztok le k\u00fcl\u00f6n paradicsomot \u00e9s paprik\u00e1t, akkor abb\u00f3l f\u0151z\u00f6m).<\/li>\n<li>Szeretek kifejezetten beletenni m\u00e1r narancss\u00e1rg\u00e1ra vagy pirosra \u00e9rett paprik\u00e1t, \u00e9s az sem baj, ha kicsit fonnyadt, s\u0151t.<\/li>\n<li>A paradicsom \u00e9s a paprika mennyis\u00e9ge ugyanannyi &#8211; igen tudom, most sokan vis\u00edtanak, hogy \u0151k nem szeretik paradicsomosan. Mi igen.<\/li>\n<li>A hagyma mennyis\u00e9g a paprika s\u00faly\u00e1nak a fele.<\/li>\n<li>A paradicsomot mindig megh\u00e1mozom. Nem szeretem, ha a h\u00e9ja p\u00f6nd\u00f6r\u00f6dik a nyelvemen.<\/li>\n<li>A lecs\u00f3hoz soha nem haszn\u00e1lok olajat (ol\u00edv\u00e1t sem), csak zs\u00edrt, m\u00e9g jobb, ha szalonn\u00e1b\u00f3l frissen olvasztom.<\/li>\n<li>Teszek bele pirospaprik\u00e1t (pici cs\u00edp\u0151set is).<\/li>\n<li>Nem teszek bele fokhagym\u00e1t.<\/li>\n<li>Sok\u00e1ig f\u0151z\u00f6m, mert nem szeretj\u00fck, ha a paprika kem\u00e9ny, ropog\u00f3s, hanem \u00fagy, ha szottyos.<\/li>\n<li>Mindig f\u0151z\u00f6k bele kolb\u00e1szt.<\/li>\n<li>Fed\u0151 n\u00e9lk\u00fcl f\u0151z\u0151m, hogy ne legyen sok leve.<\/li>\n<\/ul>\n<p><!--more--><\/p>\n<p>Ha m\u00e1r k\u00e9sz a lecs\u00f3nk, az sem mindegy, hogyan essz\u00fck:<\/p>\n<ul>\n<li>toj\u00e1ssal,<\/li>\n<li>mag\u00e1ban keny\u00e9rrel vagy an\u00e9lk\u00fcl,<\/li>\n<li>rizzsel,<\/li>\n<li>tarhony\u00e1val,<\/li>\n<li>virslivel,<\/li>\n<li>nokedlival,<\/li>\n<li>tejf\u00f6llel,<\/li>\n<li>nokedlival \u00e9s tejf\u00f6llel (l\u00e1sd a k\u00e9pen),<\/li>\n<li>toj\u00e1ssal \u00e9s nokedlival.<\/li>\n<\/ul>\n<p style=\"text-align: justify;\">Nekem az egyik kedvencem a nokedlis-tejf\u00f6l\u00f6s verzi\u00f3 gyerekkorom \u00f3ta. Anyuk\u00e1m mondta, hogy ahonnan \u0151 sz\u00e1rmazik (Heves megye), nagyon sokszor ett\u00e9k \u00edgy. Csak nokedlival is isteni (mondjuk \u00e9n a nokedlit mag\u00e1ban is im\u00e1dom), de ha megcsorgatjuk tejf\u00f6llel, kap egy kis paprik\u00e1s csirke szaft be\u00fct\u00e9st. Nagyon-nagyon finom. A gyerekeim is im\u00e1dj\u00e1k \u00edgy. Az \u0151 tov\u00e1bbfejlesztett v\u00e1ltozatuk az, amikor a marad\u00e9k nokedlit serpeny\u0151ben megmeleg\u00edtik egy\u00fctt a lecs\u00f3val, \u00e9s ut\u00e1na \u00fctnek r\u00e1 toj\u00e1st.<\/p>\n<p style=\"text-align: justify;\">Na \u00e9s mit iszunk a lecs\u00f3hoz? \u00c9n kifejezettem szeretem mell\u00e9 a kev\u00e9sb\u00e9 testes v\u00f6r\u00f6sborokat, mint a kadarka vagy a siller. Vagy egy testesebb ros\u00e9t. Vagy egy j\u00f3 fr\u00f6ccs\u00f6t. De ha csak s\u00f6r van otthon, az is j\u00f6het!<\/p>\n<p style=\"text-align: justify;\">Na megyek, f\u0151z\u00f6k egy j\u00f3 lecs\u00f3t, mert nagyon \u00e9hes lettem!<\/p>\n<p>&nbsp;<\/p>\n","protected":false},"excerpt":{"rendered":"<p>Napok \u00f3ta azon gondolkodom, hogy szabad-e lecs\u00f3 receptet feltenni a blogra. Egyr\u00e9szt az\u00e9rt, mert alap dolog. M\u00e1sr\u00e9szt az\u00e9rt, mert er\u0151teljesen megoszlanak a v\u00e9lem\u00e9nyek arr\u00f3l, hogy MILYEN EGY J\u00d3 LECS\u00d3? Ez a magyaroknak az egyik legk\u00e9nyesebb t\u00e9m\u00e1ja. Val\u00f3s\u00e1gos nemzeti \u00fcgy. Azt hiszem, hogy err\u0151l nem mern\u00e9k vit\u00e1t nyitni senkivel, vagy ha igen, akkor az, hossz\u00fa \u00f3r\u00e1kon [&hellip;]<\/p>\n","protected":false},"author":2,"featured_media":0,"comment_status":"open","ping_status":"open","sticky":false,"template":"","format":"standard","meta":{"ngg_post_thumbnail":0,"_jetpack_memberships_contains_paid_content":false,"footnotes":""},"categories":[50,1,27],"tags":[36,96,92],"class_list":["post-1247","post","type-post","status-publish","format-standard","hentry","category-husmentes","category-uncategorized","category-zoldseg","tag-glutenmentes","tag-paprika","tag-paradicsom"],"yoast_head":"<!-- This site is optimized with the Yoast SEO plugin v27.5 - https:\/\/yoast.com\/product\/yoast-seo-wordpress\/ -->\n<title>Egy j\u00f3 lecs\u00f3 - Coolinart.cafe<\/title>\n<meta name=\"description\" content=\"Egy j\u00f3 lecs\u00f3 nem hi\u00e1nyozhat ny\u00e1ron az \u00e9tlapr\u00f3l! De, hogy kinek mit jelent egy j\u00f3 lecs\u00f3 fogalma, az nagyon szubjekt\u00edv. \u00cdme az \u00e9n alapszab\u00e1lyaim lecs\u00f3 \u00fcgyben.\" \/>\n<meta name=\"robots\" content=\"index, follow, max-snippet:-1, max-image-preview:large, max-video-preview:-1\" \/>\n<link rel=\"canonical\" href=\"https:\/\/coolinart.cafe\/blog\/2016\/08\/egy-jo-lecso\/\" \/>\n<meta property=\"og:locale\" content=\"hu_HU\" \/>\n<meta property=\"og:type\" content=\"article\" \/>\n<meta property=\"og:title\" content=\"Egy j\u00f3 lecs\u00f3 - Coolinart.cafe\" \/>\n<meta property=\"og:description\" content=\"Egy j\u00f3 lecs\u00f3 nem hi\u00e1nyozhat ny\u00e1ron az \u00e9tlapr\u00f3l! De, hogy kinek mit jelent egy j\u00f3 lecs\u00f3 fogalma, az nagyon szubjekt\u00edv. \u00cdme az \u00e9n alapszab\u00e1lyaim lecs\u00f3 \u00fcgyben.\" \/>\n<meta property=\"og:url\" content=\"https:\/\/coolinart.cafe\/blog\/2016\/08\/egy-jo-lecso\/\" \/>\n<meta property=\"og:site_name\" content=\"Coolinart.cafe\" \/>\n<meta property=\"article:publisher\" content=\"https:\/\/www.facebook.com\/coolinart.cafe\/\" \/>\n<meta property=\"article:published_time\" content=\"2016-08-08T13:45:31+00:00\" \/>\n<meta property=\"article:modified_time\" content=\"2016-09-07T13:41:53+00:00\" \/>\n<meta property=\"og:image\" content=\"https:\/\/coolinart.cafe\/blog\/wp-content\/uploads\/2016\/08\/Blog20160807_143913-1024x768.jpg\" \/>\n<meta name=\"author\" content=\"Sulyok Gy\u00f6rgyi\" \/>\n<meta name=\"twitter:card\" content=\"summary_large_image\" \/>\n<meta name=\"twitter:label1\" content=\"Szerz\u0151:\" \/>\n\t<meta name=\"twitter:data1\" content=\"Sulyok Gy\u00f6rgyi\" \/>\n\t<meta name=\"twitter:label2\" content=\"Becs\u00fclt olvas\u00e1si id\u0151\" \/>\n\t<meta name=\"twitter:data2\" content=\"3 perc\" \/>\n<script type=\"application\/ld+json\" class=\"yoast-schema-graph\">{\"@context\":\"https:\\\/\\\/schema.org\",\"@graph\":[{\"@type\":\"Article\",\"@id\":\"https:\\\/\\\/coolinart.cafe\\\/blog\\\/2016\\\/08\\\/egy-jo-lecso\\\/#article\",\"isPartOf\":{\"@id\":\"https:\\\/\\\/coolinart.cafe\\\/blog\\\/2016\\\/08\\\/egy-jo-lecso\\\/\"},\"author\":{\"name\":\"Sulyok Gy\u00f6rgyi\",\"@id\":\"https:\\\/\\\/coolinart.cafe\\\/blog\\\/#\\\/schema\\\/person\\\/0b9046a8abdce332b3919b077f7376b2\"},\"headline\":\"Egy j\u00f3 lecs\u00f3\",\"datePublished\":\"2016-08-08T13:45:31+00:00\",\"dateModified\":\"2016-09-07T13:41:53+00:00\",\"mainEntityOfPage\":{\"@id\":\"https:\\\/\\\/coolinart.cafe\\\/blog\\\/2016\\\/08\\\/egy-jo-lecso\\\/\"},\"wordCount\":638,\"commentCount\":0,\"image\":{\"@id\":\"https:\\\/\\\/coolinart.cafe\\\/blog\\\/2016\\\/08\\\/egy-jo-lecso\\\/#primaryimage\"},\"thumbnailUrl\":\"https:\\\/\\\/coolinart.cafe\\\/blog\\\/wp-content\\\/uploads\\\/2016\\\/08\\\/Blog20160807_143913-1024x768.jpg\",\"keywords\":[\"Glut\u00e9nmentes\",\"Paprika\",\"Paradicsom\"],\"articleSection\":[\"H\u00fasmentes\",\"Uncategorized\",\"Z\u00f6lds\u00e9g\"],\"inLanguage\":\"hu\",\"potentialAction\":[{\"@type\":\"CommentAction\",\"name\":\"Comment\",\"target\":[\"https:\\\/\\\/coolinart.cafe\\\/blog\\\/2016\\\/08\\\/egy-jo-lecso\\\/#respond\"]}]},{\"@type\":\"WebPage\",\"@id\":\"https:\\\/\\\/coolinart.cafe\\\/blog\\\/2016\\\/08\\\/egy-jo-lecso\\\/\",\"url\":\"https:\\\/\\\/coolinart.cafe\\\/blog\\\/2016\\\/08\\\/egy-jo-lecso\\\/\",\"name\":\"Egy j\u00f3 lecs\u00f3 - Coolinart.cafe\",\"isPartOf\":{\"@id\":\"https:\\\/\\\/coolinart.cafe\\\/blog\\\/#website\"},\"primaryImageOfPage\":{\"@id\":\"https:\\\/\\\/coolinart.cafe\\\/blog\\\/2016\\\/08\\\/egy-jo-lecso\\\/#primaryimage\"},\"image\":{\"@id\":\"https:\\\/\\\/coolinart.cafe\\\/blog\\\/2016\\\/08\\\/egy-jo-lecso\\\/#primaryimage\"},\"thumbnailUrl\":\"https:\\\/\\\/coolinart.cafe\\\/blog\\\/wp-content\\\/uploads\\\/2016\\\/08\\\/Blog20160807_143913-1024x768.jpg\",\"datePublished\":\"2016-08-08T13:45:31+00:00\",\"dateModified\":\"2016-09-07T13:41:53+00:00\",\"author\":{\"@id\":\"https:\\\/\\\/coolinart.cafe\\\/blog\\\/#\\\/schema\\\/person\\\/0b9046a8abdce332b3919b077f7376b2\"},\"description\":\"Egy j\u00f3 lecs\u00f3 nem hi\u00e1nyozhat ny\u00e1ron az \u00e9tlapr\u00f3l! De, hogy kinek mit jelent egy j\u00f3 lecs\u00f3 fogalma, az nagyon szubjekt\u00edv. \u00cdme az \u00e9n alapszab\u00e1lyaim lecs\u00f3 \u00fcgyben.\",\"breadcrumb\":{\"@id\":\"https:\\\/\\\/coolinart.cafe\\\/blog\\\/2016\\\/08\\\/egy-jo-lecso\\\/#breadcrumb\"},\"inLanguage\":\"hu\",\"potentialAction\":[{\"@type\":\"ReadAction\",\"target\":[\"https:\\\/\\\/coolinart.cafe\\\/blog\\\/2016\\\/08\\\/egy-jo-lecso\\\/\"]}]},{\"@type\":\"ImageObject\",\"inLanguage\":\"hu\",\"@id\":\"https:\\\/\\\/coolinart.cafe\\\/blog\\\/2016\\\/08\\\/egy-jo-lecso\\\/#primaryimage\",\"url\":\"https:\\\/\\\/i0.wp.com\\\/coolinart.cafe\\\/blog\\\/wp-content\\\/uploads\\\/2016\\\/08\\\/Blog20160807_143913.jpg?fit=3000%2C2250&ssl=1\",\"contentUrl\":\"https:\\\/\\\/i0.wp.com\\\/coolinart.cafe\\\/blog\\\/wp-content\\\/uploads\\\/2016\\\/08\\\/Blog20160807_143913.jpg?fit=3000%2C2250&ssl=1\",\"width\":3000,\"height\":2250},{\"@type\":\"BreadcrumbList\",\"@id\":\"https:\\\/\\\/coolinart.cafe\\\/blog\\\/2016\\\/08\\\/egy-jo-lecso\\\/#breadcrumb\",\"itemListElement\":[{\"@type\":\"ListItem\",\"position\":1,\"name\":\"Home\",\"item\":\"https:\\\/\\\/coolinart.cafe\\\/blog\\\/\"},{\"@type\":\"ListItem\",\"position\":2,\"name\":\"Egy j\u00f3 lecs\u00f3\"}]},{\"@type\":\"WebSite\",\"@id\":\"https:\\\/\\\/coolinart.cafe\\\/blog\\\/#website\",\"url\":\"https:\\\/\\\/coolinart.cafe\\\/blog\\\/\",\"name\":\"Coolinart.cafe\",\"description\":\"\u00e9tel, k\u00e1v\u00e9, kult\u00fara\",\"potentialAction\":[{\"@type\":\"SearchAction\",\"target\":{\"@type\":\"EntryPoint\",\"urlTemplate\":\"https:\\\/\\\/coolinart.cafe\\\/blog\\\/?s={search_term_string}\"},\"query-input\":{\"@type\":\"PropertyValueSpecification\",\"valueRequired\":true,\"valueName\":\"search_term_string\"}}],\"inLanguage\":\"hu\"},{\"@type\":\"Person\",\"@id\":\"https:\\\/\\\/coolinart.cafe\\\/blog\\\/#\\\/schema\\\/person\\\/0b9046a8abdce332b3919b077f7376b2\",\"name\":\"Sulyok Gy\u00f6rgyi\",\"image\":{\"@type\":\"ImageObject\",\"inLanguage\":\"hu\",\"@id\":\"https:\\\/\\\/secure.gravatar.com\\\/avatar\\\/f7d80d7800220762f9cf31559c65e650bdc8299f18bca4e3ffde781c0422539c?s=96&d=mm&r=g\",\"url\":\"https:\\\/\\\/secure.gravatar.com\\\/avatar\\\/f7d80d7800220762f9cf31559c65e650bdc8299f18bca4e3ffde781c0422539c?s=96&d=mm&r=g\",\"contentUrl\":\"https:\\\/\\\/secure.gravatar.com\\\/avatar\\\/f7d80d7800220762f9cf31559c65e650bdc8299f18bca4e3ffde781c0422539c?s=96&d=mm&r=g\",\"caption\":\"Sulyok Gy\u00f6rgyi\"},\"sameAs\":[\"http:\\\/\\\/www.coolinart.cafe\"],\"url\":\"https:\\\/\\\/coolinart.cafe\\\/blog\\\/author\\\/gyorgyi\\\/\"}]}<\/script>\n<!-- \/ Yoast SEO plugin. -->","yoast_head_json":{"title":"Egy j\u00f3 lecs\u00f3 - Coolinart.cafe","description":"Egy j\u00f3 lecs\u00f3 nem hi\u00e1nyozhat ny\u00e1ron az \u00e9tlapr\u00f3l! De, hogy kinek mit jelent egy j\u00f3 lecs\u00f3 fogalma, az nagyon szubjekt\u00edv. \u00cdme az \u00e9n alapszab\u00e1lyaim lecs\u00f3 \u00fcgyben.","robots":{"index":"index","follow":"follow","max-snippet":"max-snippet:-1","max-image-preview":"max-image-preview:large","max-video-preview":"max-video-preview:-1"},"canonical":"https:\/\/coolinart.cafe\/blog\/2016\/08\/egy-jo-lecso\/","og_locale":"hu_HU","og_type":"article","og_title":"Egy j\u00f3 lecs\u00f3 - Coolinart.cafe","og_description":"Egy j\u00f3 lecs\u00f3 nem hi\u00e1nyozhat ny\u00e1ron az \u00e9tlapr\u00f3l! De, hogy kinek mit jelent egy j\u00f3 lecs\u00f3 fogalma, az nagyon szubjekt\u00edv. \u00cdme az \u00e9n alapszab\u00e1lyaim lecs\u00f3 \u00fcgyben.","og_url":"https:\/\/coolinart.cafe\/blog\/2016\/08\/egy-jo-lecso\/","og_site_name":"Coolinart.cafe","article_publisher":"https:\/\/www.facebook.com\/coolinart.cafe\/","article_published_time":"2016-08-08T13:45:31+00:00","article_modified_time":"2016-09-07T13:41:53+00:00","og_image":[{"url":"https:\/\/coolinart.cafe\/blog\/wp-content\/uploads\/2016\/08\/Blog20160807_143913-1024x768.jpg","type":"","width":"","height":""}],"author":"Sulyok Gy\u00f6rgyi","twitter_card":"summary_large_image","twitter_misc":{"Szerz\u0151:":"Sulyok Gy\u00f6rgyi","Becs\u00fclt olvas\u00e1si id\u0151":"3 perc"},"schema":{"@context":"https:\/\/schema.org","@graph":[{"@type":"Article","@id":"https:\/\/coolinart.cafe\/blog\/2016\/08\/egy-jo-lecso\/#article","isPartOf":{"@id":"https:\/\/coolinart.cafe\/blog\/2016\/08\/egy-jo-lecso\/"},"author":{"name":"Sulyok Gy\u00f6rgyi","@id":"https:\/\/coolinart.cafe\/blog\/#\/schema\/person\/0b9046a8abdce332b3919b077f7376b2"},"headline":"Egy j\u00f3 lecs\u00f3","datePublished":"2016-08-08T13:45:31+00:00","dateModified":"2016-09-07T13:41:53+00:00","mainEntityOfPage":{"@id":"https:\/\/coolinart.cafe\/blog\/2016\/08\/egy-jo-lecso\/"},"wordCount":638,"commentCount":0,"image":{"@id":"https:\/\/coolinart.cafe\/blog\/2016\/08\/egy-jo-lecso\/#primaryimage"},"thumbnailUrl":"https:\/\/coolinart.cafe\/blog\/wp-content\/uploads\/2016\/08\/Blog20160807_143913-1024x768.jpg","keywords":["Glut\u00e9nmentes","Paprika","Paradicsom"],"articleSection":["H\u00fasmentes","Uncategorized","Z\u00f6lds\u00e9g"],"inLanguage":"hu","potentialAction":[{"@type":"CommentAction","name":"Comment","target":["https:\/\/coolinart.cafe\/blog\/2016\/08\/egy-jo-lecso\/#respond"]}]},{"@type":"WebPage","@id":"https:\/\/coolinart.cafe\/blog\/2016\/08\/egy-jo-lecso\/","url":"https:\/\/coolinart.cafe\/blog\/2016\/08\/egy-jo-lecso\/","name":"Egy j\u00f3 lecs\u00f3 - Coolinart.cafe","isPartOf":{"@id":"https:\/\/coolinart.cafe\/blog\/#website"},"primaryImageOfPage":{"@id":"https:\/\/coolinart.cafe\/blog\/2016\/08\/egy-jo-lecso\/#primaryimage"},"image":{"@id":"https:\/\/coolinart.cafe\/blog\/2016\/08\/egy-jo-lecso\/#primaryimage"},"thumbnailUrl":"https:\/\/coolinart.cafe\/blog\/wp-content\/uploads\/2016\/08\/Blog20160807_143913-1024x768.jpg","datePublished":"2016-08-08T13:45:31+00:00","dateModified":"2016-09-07T13:41:53+00:00","author":{"@id":"https:\/\/coolinart.cafe\/blog\/#\/schema\/person\/0b9046a8abdce332b3919b077f7376b2"},"description":"Egy j\u00f3 lecs\u00f3 nem hi\u00e1nyozhat ny\u00e1ron az \u00e9tlapr\u00f3l! De, hogy kinek mit jelent egy j\u00f3 lecs\u00f3 fogalma, az nagyon szubjekt\u00edv. \u00cdme az \u00e9n alapszab\u00e1lyaim lecs\u00f3 \u00fcgyben.","breadcrumb":{"@id":"https:\/\/coolinart.cafe\/blog\/2016\/08\/egy-jo-lecso\/#breadcrumb"},"inLanguage":"hu","potentialAction":[{"@type":"ReadAction","target":["https:\/\/coolinart.cafe\/blog\/2016\/08\/egy-jo-lecso\/"]}]},{"@type":"ImageObject","inLanguage":"hu","@id":"https:\/\/coolinart.cafe\/blog\/2016\/08\/egy-jo-lecso\/#primaryimage","url":"https:\/\/i0.wp.com\/coolinart.cafe\/blog\/wp-content\/uploads\/2016\/08\/Blog20160807_143913.jpg?fit=3000%2C2250&ssl=1","contentUrl":"https:\/\/i0.wp.com\/coolinart.cafe\/blog\/wp-content\/uploads\/2016\/08\/Blog20160807_143913.jpg?fit=3000%2C2250&ssl=1","width":3000,"height":2250},{"@type":"BreadcrumbList","@id":"https:\/\/coolinart.cafe\/blog\/2016\/08\/egy-jo-lecso\/#breadcrumb","itemListElement":[{"@type":"ListItem","position":1,"name":"Home","item":"https:\/\/coolinart.cafe\/blog\/"},{"@type":"ListItem","position":2,"name":"Egy j\u00f3 lecs\u00f3"}]},{"@type":"WebSite","@id":"https:\/\/coolinart.cafe\/blog\/#website","url":"https:\/\/coolinart.cafe\/blog\/","name":"Coolinart.cafe","description":"\u00e9tel, k\u00e1v\u00e9, kult\u00fara","potentialAction":[{"@type":"SearchAction","target":{"@type":"EntryPoint","urlTemplate":"https:\/\/coolinart.cafe\/blog\/?s={search_term_string}"},"query-input":{"@type":"PropertyValueSpecification","valueRequired":true,"valueName":"search_term_string"}}],"inLanguage":"hu"},{"@type":"Person","@id":"https:\/\/coolinart.cafe\/blog\/#\/schema\/person\/0b9046a8abdce332b3919b077f7376b2","name":"Sulyok Gy\u00f6rgyi","image":{"@type":"ImageObject","inLanguage":"hu","@id":"https:\/\/secure.gravatar.com\/avatar\/f7d80d7800220762f9cf31559c65e650bdc8299f18bca4e3ffde781c0422539c?s=96&d=mm&r=g","url":"https:\/\/secure.gravatar.com\/avatar\/f7d80d7800220762f9cf31559c65e650bdc8299f18bca4e3ffde781c0422539c?s=96&d=mm&r=g","contentUrl":"https:\/\/secure.gravatar.com\/avatar\/f7d80d7800220762f9cf31559c65e650bdc8299f18bca4e3ffde781c0422539c?s=96&d=mm&r=g","caption":"Sulyok Gy\u00f6rgyi"},"sameAs":["http:\/\/www.coolinart.cafe"],"url":"https:\/\/coolinart.cafe\/blog\/author\/gyorgyi\/"}]}},"jetpack_featured_media_url":"","jetpack_sharing_enabled":true,"_links":{"self":[{"href":"https:\/\/coolinart.cafe\/blog\/wp-json\/wp\/v2\/posts\/1247","targetHints":{"allow":["GET"]}}],"collection":[{"href":"https:\/\/coolinart.cafe\/blog\/wp-json\/wp\/v2\/posts"}],"about":[{"href":"https:\/\/coolinart.cafe\/blog\/wp-json\/wp\/v2\/types\/post"}],"author":[{"embeddable":true,"href":"https:\/\/coolinart.cafe\/blog\/wp-json\/wp\/v2\/users\/2"}],"replies":[{"embeddable":true,"href":"https:\/\/coolinart.cafe\/blog\/wp-json\/wp\/v2\/comments?post=1247"}],"version-history":[{"count":7,"href":"https:\/\/coolinart.cafe\/blog\/wp-json\/wp\/v2\/posts\/1247\/revisions"}],"predecessor-version":[{"id":1484,"href":"https:\/\/coolinart.cafe\/blog\/wp-json\/wp\/v2\/posts\/1247\/revisions\/1484"}],"wp:attachment":[{"href":"https:\/\/coolinart.cafe\/blog\/wp-json\/wp\/v2\/media?parent=1247"}],"wp:term":[{"taxonomy":"category","embeddable":true,"href":"https:\/\/coolinart.cafe\/blog\/wp-json\/wp\/v2\/categories?post=1247"},{"taxonomy":"post_tag","embeddable":true,"href":"https:\/\/coolinart.cafe\/blog\/wp-json\/wp\/v2\/tags?post=1247"}],"curies":[{"name":"wp","href":"https:\/\/api.w.org\/{rel}","templated":true}]}}