{"id":1136,"date":"2016-07-21T15:57:11","date_gmt":"2016-07-21T13:57:11","guid":{"rendered":"http:\/\/coolinart.cafe\/blog\/?p=1136"},"modified":"2016-07-30T22:10:06","modified_gmt":"2016-07-30T20:10:06","slug":"biciklis-gasztro-kalandozas-balaton-felvideke-2-resz","status":"publish","type":"post","link":"https:\/\/coolinart.cafe\/blog\/2016\/07\/biciklis-gasztro-kalandozas-balaton-felvideke-2-resz\/","title":{"rendered":"Biciklis gasztro kalandoz\u00e1s a Balaton-felvid\u00e9ken &#8211; 2. r\u00e9sz"},"content":{"rendered":"<figure id=\"attachment_1143\" aria-describedby=\"caption-attachment-1143\" style=\"width: 665px\" class=\"wp-caption aligncenter\"><img data-recalc-dims=\"1\" decoding=\"async\" class=\"wp-image-1143 size-large lazyload\" data-src=\"https:\/\/i0.wp.com\/coolinart.cafe\/blog\/wp-content\/uploads\/2016\/07\/20160714_144328.jpg?resize=665%2C499&#038;ssl=1\" alt=\"20160714_144328\" width=\"665\" height=\"499\" data-srcset=\"https:\/\/i0.wp.com\/coolinart.cafe\/blog\/wp-content\/uploads\/2016\/07\/20160714_144328.jpg?resize=1024%2C768&amp;ssl=1 1024w, https:\/\/i0.wp.com\/coolinart.cafe\/blog\/wp-content\/uploads\/2016\/07\/20160714_144328.jpg?resize=300%2C225&amp;ssl=1 300w, https:\/\/i0.wp.com\/coolinart.cafe\/blog\/wp-content\/uploads\/2016\/07\/20160714_144328.jpg?resize=768%2C576&amp;ssl=1 768w, https:\/\/i0.wp.com\/coolinart.cafe\/blog\/wp-content\/uploads\/2016\/07\/20160714_144328.jpg?w=1330&amp;ssl=1 1330w, https:\/\/i0.wp.com\/coolinart.cafe\/blog\/wp-content\/uploads\/2016\/07\/20160714_144328.jpg?w=1995&amp;ssl=1 1995w\" data-sizes=\"(max-width: 665px) 100vw, 665px\" src=\"data:image\/svg+xml;base64,PHN2ZyB3aWR0aD0iMSIgaGVpZ2h0PSIxIiB4bWxucz0iaHR0cDovL3d3dy53My5vcmcvMjAwMC9zdmciPjwvc3ZnPg==\" style=\"--smush-placeholder-width: 665px; --smush-placeholder-aspect-ratio: 665\/499;\" \/><figcaption id=\"caption-attachment-1143\" class=\"wp-caption-text\">Csend\u00e9let a P\u00e1ntlika udvar\u00e1n<\/figcaption><\/figure>\n<figure id=\"attachment_1144\" aria-describedby=\"caption-attachment-1144\" style=\"width: 300px\" class=\"wp-caption alignright\"><img data-recalc-dims=\"1\" decoding=\"async\" class=\"wp-image-1144 size-medium lazyload\" data-src=\"https:\/\/i0.wp.com\/coolinart.cafe\/blog\/wp-content\/uploads\/2016\/07\/20160714_140957.jpg?resize=300%2C169&#038;ssl=1\" alt=\"20160714_140957\" width=\"300\" height=\"169\" data-srcset=\"https:\/\/i0.wp.com\/coolinart.cafe\/blog\/wp-content\/uploads\/2016\/07\/20160714_140957.jpg?resize=300%2C169&amp;ssl=1 300w, https:\/\/i0.wp.com\/coolinart.cafe\/blog\/wp-content\/uploads\/2016\/07\/20160714_140957.jpg?resize=768%2C432&amp;ssl=1 768w, https:\/\/i0.wp.com\/coolinart.cafe\/blog\/wp-content\/uploads\/2016\/07\/20160714_140957.jpg?resize=1024%2C576&amp;ssl=1 1024w, https:\/\/i0.wp.com\/coolinart.cafe\/blog\/wp-content\/uploads\/2016\/07\/20160714_140957.jpg?w=1280&amp;ssl=1 1280w\" data-sizes=\"(max-width: 300px) 100vw, 300px\" src=\"data:image\/svg+xml;base64,PHN2ZyB3aWR0aD0iMSIgaGVpZ2h0PSIxIiB4bWxucz0iaHR0cDovL3d3dy53My5vcmcvMjAwMC9zdmciPjwvc3ZnPg==\" style=\"--smush-placeholder-width: 300px; --smush-placeholder-aspect-ratio: 300\/169;\" \/><figcaption id=\"caption-attachment-1144\" class=\"wp-caption-text\">L\u00e1tk\u00e9p Szentjakabfa f\u00f6l\u00f6tt<\/figcaption><\/figure>\n<p style=\"text-align: justify;\">A gasztro kalandoz\u00e1s a Balaton-felvid\u00e9ken m\u00e1snap is folytat\u00f3dott. Most Balatoncsics\u00f3 fel\u00e9 indultunk, majd fel Szentjakabf\u00e1ra. A falun kereszt\u00fcltekerve haladtunk felfele a sz\u0151l\u0151\u00fcltetv\u00e9nyek mellett. Csod\u00e1latos volt a panor\u00e1ma visszafel\u00e9 tekintve. Megtal\u00e1ltuk a piros turistautat, \u00e9s sz\u00e9pen begurultunk Mencshelyre. K\u00f6rbekarik\u00e1ztuk mindh\u00e1rom templom\u00e1t, majd tov\u00e1bb a piros jelz\u00e9sen, a Kossuth-kil\u00e1t\u00f3 fel\u00e9 haladva elindultunk D\u00f6rgics\u00e9re. Jobb k\u00e9z fel\u00e9 v\u00e9gig el\u0151tt\u00fcnk a\u00a0 Badacsony, \u00e9s a &#8222;szomsz\u00e9djai&#8221;, \u00e9s a v\u00edz! K\u00f6rbetekert\u00fck a Halom-hegyet, meg\u00e9rkezt\u00fcnk D\u00f6rgics\u00e9re, ahol igen sok n\u00e9met tulajdon\u00fa h\u00e1z van, \u00edgy kicsit &#8222;sterill\u00e9&#8221; v\u00e1ltozott az elm\u00falt \u00e9vekben az utcak\u00e9p, de az\u00e9rt sz\u00e9p. A P\u00e1ntlika Pinc\u00e9szet udvar\u00e1n ugyanez \u00e9rezhet\u0151, de egy hossz\u00fal\u00e9p\u00e9s &#8222;nagy duzzogva&#8221; itt is elfogyaszthat\u00f3. \ud83d\ude42 Eb\u00e9dre &#8222;kenc\u00e9ket&#8221; k\u00e9rt\u00fcnk: aszalt paradicsomosat \u00e9s z\u00f6ldf\u0171szeres kecskesajtosat. Mindkett\u0151 kifejezetten finom, de a paradicsomos az egyenesen isteni! A kiszolg\u00e1l\u00e1s nagyon kedves.<!--more--><\/p>\n<p style=\"text-align: justify;\"><img data-recalc-dims=\"1\" decoding=\"async\" class=\"size-medium wp-image-1145 alignleft lazyload\" data-src=\"https:\/\/i0.wp.com\/coolinart.cafe\/blog\/wp-content\/uploads\/2016\/07\/20160714_144554.jpg?resize=300%2C225&#038;ssl=1\" alt=\"20160714_144554\" width=\"300\" height=\"225\" data-srcset=\"https:\/\/i0.wp.com\/coolinart.cafe\/blog\/wp-content\/uploads\/2016\/07\/20160714_144554.jpg?resize=300%2C225&amp;ssl=1 300w, https:\/\/i0.wp.com\/coolinart.cafe\/blog\/wp-content\/uploads\/2016\/07\/20160714_144554.jpg?resize=768%2C576&amp;ssl=1 768w, https:\/\/i0.wp.com\/coolinart.cafe\/blog\/wp-content\/uploads\/2016\/07\/20160714_144554.jpg?resize=1024%2C768&amp;ssl=1 1024w, https:\/\/i0.wp.com\/coolinart.cafe\/blog\/wp-content\/uploads\/2016\/07\/20160714_144554.jpg?w=1330&amp;ssl=1 1330w, https:\/\/i0.wp.com\/coolinart.cafe\/blog\/wp-content\/uploads\/2016\/07\/20160714_144554.jpg?w=1995&amp;ssl=1 1995w\" data-sizes=\"(max-width: 300px) 100vw, 300px\" src=\"data:image\/svg+xml;base64,PHN2ZyB3aWR0aD0iMSIgaGVpZ2h0PSIxIiB4bWxucz0iaHR0cDovL3d3dy53My5vcmcvMjAwMC9zdmciPjwvc3ZnPg==\" style=\"--smush-placeholder-width: 300px; --smush-placeholder-aspect-ratio: 300\/225;\" \/><img data-recalc-dims=\"1\" decoding=\"async\" class=\"size-medium wp-image-1146 alignright lazyload\" data-src=\"https:\/\/i0.wp.com\/coolinart.cafe\/blog\/wp-content\/uploads\/2016\/07\/20160714_144616.jpg?resize=300%2C225&#038;ssl=1\" alt=\"20160714_144616\" width=\"300\" height=\"225\" data-srcset=\"https:\/\/i0.wp.com\/coolinart.cafe\/blog\/wp-content\/uploads\/2016\/07\/20160714_144616.jpg?resize=300%2C225&amp;ssl=1 300w, https:\/\/i0.wp.com\/coolinart.cafe\/blog\/wp-content\/uploads\/2016\/07\/20160714_144616.jpg?resize=768%2C576&amp;ssl=1 768w, https:\/\/i0.wp.com\/coolinart.cafe\/blog\/wp-content\/uploads\/2016\/07\/20160714_144616.jpg?resize=1024%2C768&amp;ssl=1 1024w, https:\/\/i0.wp.com\/coolinart.cafe\/blog\/wp-content\/uploads\/2016\/07\/20160714_144616.jpg?w=1330&amp;ssl=1 1330w, https:\/\/i0.wp.com\/coolinart.cafe\/blog\/wp-content\/uploads\/2016\/07\/20160714_144616.jpg?w=1995&amp;ssl=1 1995w\" data-sizes=\"(max-width: 300px) 100vw, 300px\" src=\"data:image\/svg+xml;base64,PHN2ZyB3aWR0aD0iMSIgaGVpZ2h0PSIxIiB4bWxucz0iaHR0cDovL3d3dy53My5vcmcvMjAwMC9zdmciPjwvc3ZnPg==\" style=\"--smush-placeholder-width: 300px; --smush-placeholder-aspect-ratio: 300\/225;\" \/><\/p>\n<p style=\"text-align: justify;\">\u00a0Az udvarnak az a baja itt is &#8211; ugyan\u00fagy, mint a <a href=\"http:\/\/mia-ko.hu\/\">Mi a K\u0151ben<\/a> &#8211; hogy csak v\u00e1szon \u00e1rny\u00e9kol\u00f3k vannak, igazi fedett terasz nem \u00e9p\u00fclt. A szusszan\u00e1s ut\u00e1n \u00e1tgurultunk a templomromhoz \u00e9s bekaptunk egy-egy finom levendul\u00e1s csokit a <a href=\"http:\/\/www.levendarium.hu\/\">D\u00f6rgicsei Levendula Major<\/a> bioboltj\u00e1ban, majd a panor\u00e1ma biciklis \u00fat k\u00e9k jelz\u00e9s\u00e9n folytattuk az utat a d\u0171l\u0151k \u00e9s sz\u00e1nt\u00f3f\u00f6ldek k\u00f6z\u00f6tt.<\/p>\n<figure id=\"attachment_1157\" aria-describedby=\"caption-attachment-1157\" style=\"width: 225px\" class=\"wp-caption aligncenter\"><img data-recalc-dims=\"1\" decoding=\"async\" class=\"wp-image-1157 size-medium lazyload\" data-src=\"https:\/\/i0.wp.com\/coolinart.cafe\/blog\/wp-content\/uploads\/2016\/07\/Blog20160714_153542.jpg?resize=225%2C300&#038;ssl=1\" alt=\"Blog20160714_153542\" width=\"225\" height=\"300\" data-srcset=\"https:\/\/i0.wp.com\/coolinart.cafe\/blog\/wp-content\/uploads\/2016\/07\/Blog20160714_153542.jpg?resize=225%2C300&amp;ssl=1 225w, https:\/\/i0.wp.com\/coolinart.cafe\/blog\/wp-content\/uploads\/2016\/07\/Blog20160714_153542.jpg?resize=768%2C1024&amp;ssl=1 768w, https:\/\/i0.wp.com\/coolinart.cafe\/blog\/wp-content\/uploads\/2016\/07\/Blog20160714_153542.jpg?w=900&amp;ssl=1 900w\" data-sizes=\"(max-width: 225px) 100vw, 225px\" src=\"data:image\/svg+xml;base64,PHN2ZyB3aWR0aD0iMSIgaGVpZ2h0PSIxIiB4bWxucz0iaHR0cDovL3d3dy53My5vcmcvMjAwMC9zdmciPjwvc3ZnPg==\" style=\"--smush-placeholder-width: 225px; --smush-placeholder-aspect-ratio: 225\/300;\" \/><figcaption id=\"caption-attachment-1157\" class=\"wp-caption-text\">D\u00f6rgicsei templomrom, egy sz\u00e9p biciklivel<\/figcaption><\/figure>\n<p style=\"text-align: justify;\">Az el\u0151z\u0151 napi vihar miatt csak n\u00e9h\u00e1ny helyen kellett tolnunk a bicajt, alapvet\u0151en j\u00f3l j\u00e1rhat\u00f3 volt. V\u00e9g\u00fcl ki\u00e9rkezt\u00fcnk Szentantalfa \u00e9s Balatoncsics\u00f3 k\u00f6z\u00e9, ahol m\u00e1r t\u00e1bla jelezte a Szent Bal\u00e1zs templomromot. Sz\u00e9pen m\u0171velt kertek, \u00e9s sz\u0151l\u0151k k\u00f6z\u00f6tt tekert\u00fcnk, \u00e9s a v\u00e9g\u00e9n gy\u00f6ny\u00f6r\u0171 l\u00e1tv\u00e1ny fogadott. A XII-XIII. sz\u00e1zadban \u00e9p\u00fclt templomnak eg\u00e9szen sok r\u00e9sze \u00e9pen megmaradt, \u00e9s csod\u00e1latos panor\u00e1ma ny\u00edlik a Nivegy-v\u00f6lgyre, \u00e9s a Balatonra. A bej\u00e1rat\u00e1t k\u00e9t hatalmas f\u00fcgefa \u0151rzi, alatta kispad, ahonnan csak b\u00e1mul ki a fej\u00e9b\u0151l az ember.<\/p>\n<figure id=\"attachment_1176\" aria-describedby=\"caption-attachment-1176\" style=\"width: 225px\" class=\"wp-caption alignleft\"><img data-recalc-dims=\"1\" decoding=\"async\" class=\"wp-image-1176 size-medium lazyload\" data-src=\"https:\/\/i0.wp.com\/coolinart.cafe\/blog\/wp-content\/uploads\/2016\/07\/Blog20160714_163350.jpg?resize=225%2C300&#038;ssl=1\" alt=\"Blog20160714_163350\" width=\"225\" height=\"300\" data-srcset=\"https:\/\/i0.wp.com\/coolinart.cafe\/blog\/wp-content\/uploads\/2016\/07\/Blog20160714_163350.jpg?resize=225%2C300&amp;ssl=1 225w, https:\/\/i0.wp.com\/coolinart.cafe\/blog\/wp-content\/uploads\/2016\/07\/Blog20160714_163350.jpg?resize=768%2C1024&amp;ssl=1 768w, https:\/\/i0.wp.com\/coolinart.cafe\/blog\/wp-content\/uploads\/2016\/07\/Blog20160714_163350.jpg?w=900&amp;ssl=1 900w\" data-sizes=\"(max-width: 225px) 100vw, 225px\" src=\"data:image\/svg+xml;base64,PHN2ZyB3aWR0aD0iMSIgaGVpZ2h0PSIxIiB4bWxucz0iaHR0cDovL3d3dy53My5vcmcvMjAwMC9zdmciPjwvc3ZnPg==\" style=\"--smush-placeholder-width: 225px; --smush-placeholder-aspect-ratio: 225\/300;\" \/><figcaption id=\"caption-attachment-1176\" class=\"wp-caption-text\">Szent Bal\u00e1zs templomrom<\/figcaption><\/figure>\n<figure id=\"attachment_1177\" aria-describedby=\"caption-attachment-1177\" style=\"width: 225px\" class=\"wp-caption alignright\"><img data-recalc-dims=\"1\" decoding=\"async\" class=\"wp-image-1177 size-medium lazyload\" data-src=\"https:\/\/i0.wp.com\/coolinart.cafe\/blog\/wp-content\/uploads\/2016\/07\/Blog20160714_164812.jpg?resize=225%2C300&#038;ssl=1\" alt=\"Blog20160714_164812\" width=\"225\" height=\"300\" data-srcset=\"https:\/\/i0.wp.com\/coolinart.cafe\/blog\/wp-content\/uploads\/2016\/07\/Blog20160714_164812.jpg?resize=225%2C300&amp;ssl=1 225w, https:\/\/i0.wp.com\/coolinart.cafe\/blog\/wp-content\/uploads\/2016\/07\/Blog20160714_164812.jpg?resize=768%2C1024&amp;ssl=1 768w, https:\/\/i0.wp.com\/coolinart.cafe\/blog\/wp-content\/uploads\/2016\/07\/Blog20160714_164812.jpg?w=900&amp;ssl=1 900w\" data-sizes=\"(max-width: 225px) 100vw, 225px\" src=\"data:image\/svg+xml;base64,PHN2ZyB3aWR0aD0iMSIgaGVpZ2h0PSIxIiB4bWxucz0iaHR0cDovL3d3dy53My5vcmcvMjAwMC9zdmciPjwvc3ZnPg==\" style=\"--smush-placeholder-width: 225px; --smush-placeholder-aspect-ratio: 225\/300;\" \/><figcaption id=\"caption-attachment-1177\" class=\"wp-caption-text\">Templomrom bej\u00e1rat f\u00fcgef\u00e1kkal<\/figcaption><\/figure>\n<p style=\"text-align: justify;\">A templomromig t\u00f6k\u00e9letes volt a jelz\u00e9s, ut\u00e1na nyoma veszett mindennek. Az\u00e9rt bel\u0151tt\u00fck haz\u00e1ig az ir\u00e1nyt, \u00e1rkon-bokron \u00e9s sz\u0151l\u0151n kereszt\u00fcl v\u00e9g\u00fcl is meg\u00e9rkezt\u00fcnk.<\/p>\n<p style=\"text-align: justify;\">Vacsor\u00e1ra kital\u00e1ltuk, hogy \u00e1tmegy\u00fcnk V\u00e1szolyra a szint\u00e9n \u00fajonnan nyitott Zom\u00e1nc Bisztr\u00f3csk\u00e1ba. Ez a hely is &#8222;rendesen&#8221; beker\u00fclt a Balaton k\u00f6r\u00fcli szt\u00e1rolt \u00fajonnan ny\u00edlt \u00e9ttermek k\u00f6z\u00e9. Mikor meg\u00e9rkezt\u00fcnk, akkor esett le, hogy ez a r\u00e9gi falusi v\u00e1szolyi kocsma, ahol p\u00e1r \u00e9vvel ezel\u0151tt m\u00e9g s\u00f6r\u00f6zt\u00fcnk\/fr\u00f6ccs\u00f6zt\u00fcnk a biciklit\u00far\u00e1nk alatt, \u00e9s a mellette lev\u0151 mini Coop \u00fczletb\u0151l megvett\u00fck az \u00f6sszes sportszeletet. Most pedig egy kicsit retr\u00f3s, vid\u00e1m hangulat\u00fa \u00e9tterem v\u00e1rja a vend\u00e9geket. Nem foglaltunk asztalt, de m\u00e1zlink volt, mert volt hely a teraszon, b\u00e1r ink\u00e1bb bentre szerett\u00fcnk volna \u00fclni a hideg sz\u00e9l miatt, de kaptunk pl\u00e9deket. Telt h\u00e1z volt, illetve foglal\u00e1sok, de a k\u00e9t tulajdonosnak J\u00f3n\u00e1s Gy\u00f6rgynek \u00e9s Sz\u0151ke Zsoltnak ez nem okozott gondot. Mindenkihez volt egy j\u00f3 szavuk, s\u0151t, m\u00e9g a szomsz\u00e9d asztaln\u00e1l \u00fcl\u0151 h\u00e1rom csal\u00e1d gyereksereg\u00e9t is sim\u00e1n kezelt\u00e9k \ud83d\ude42 . \u00c9tlap, ahogy mostan\u00e1ban trendi: k\u00e9zzel \u00edrt, helyi, \u00e9s szezon\u00e1lis alapanyagokb\u00f3l, egyszer\u0171 \u00e9telek. Mivel el\u00e9g h\u0171v\u00f6s volt, mindketten bet\u0171t\u00e9szt\u00e1s, gouda sajtos paradicsomlevessel ind\u00edtottunk. A hely nev\u00e9hez ill\u0151en zom\u00e1ncos l\u00e1bosk\u00e1ban \u00e9rkezett a forr\u00f3 leves. Az adag nagy, \u00e9s abszol\u00fat hagyom\u00e1nyos, \u00e9des \u00edzvil\u00e1g, ahogy gyerekkoromban szerettem. Nem friss paradicsomb\u00f3l k\u00e9sz\u00fclt, hanem s\u0171r\u00edtm\u00e9nyb\u0151l. Ez\u00e9rt 1.300 Ft-ot elk\u00e9rni (ak\u00e1rhogyan is sz\u00e9p\u00edtj\u00fck a dolgot) sok. Az \u00e9tlapon mindh\u00e1rom leves ilyen \u00e1rban volt, f\u00fcggetlen\u00fcl att\u00f3l, hogy mib\u0151l k\u00e9sz\u00fcl. Viszont pozit\u00edvum, hogy a f\u0151\u00e9telek \u00e1r\u00e1nak egyike sem megy 3.000 Ft f\u00f6l\u00e9. K\u00f6vetkezett a kacsap\u00e1st\u00e9tom k\u00f6rtekomp\u00f3ttal. K\u00f6rte csak mutat\u00f3ban volt egy negyed, de volt azonban mellette finom h\u00e1zi minibri\u00f3s, \u00e9s k\u00fcl\u00f6n friss bagette. A p\u00e1st\u00e9tom finom, kr\u00e9mes volt, a hagyma kicsit domin\u00e1lt benne. A f\u0151\u00e9telem p\u00e1rolt marhaszelet meggym\u00e1rt\u00e1ssal, t\u00f6rt burgony\u00e1val. A marha vajpuha (nem \u00fagy, mint tegnap a <a href=\"https:\/\/www.facebook.com\/Neked-f%C5%91ztem-1002839026409758\/\">Neked f\u0151ztem<\/a>-ben), a meggym\u00e1rt\u00e1sban kicsit sok volt a szegf\u0171szeg, \u00edgy a gy\u00fcm\u00f6lcs \u00edz\u00e9t elnyomta. De alapvet\u0151en rendben volt. J\u00f3n\u00e1s \u00far felsz\u00f3l\u00edtott minket, hogy meg kell, hogy k\u00f3stoljuk a k\u00e1v\u00e9tort\u00e1j\u00e1t, mert azt \u0151 szem\u00e9lyesen k\u00e9sz\u00edti. Kin\u00e9zetre retr\u00f3s, vajas k\u00e1v\u00e9tort\u00e1nak t\u0171nt, de az \u00edze, az nem olyan volt! Tejsz\u00ednes k\u00e1v\u00e9kr\u00e9m, \u00e9s egy kis v\u00e9kony ropog\u00f3s mogyor\u00f3s crocant r\u00e9teg alulra belecsemp\u00e9szve. Mell\u00e9 h\u00e1zi tejsz\u00ednhab, 5*.<\/p>\n<figure id=\"attachment_1167\" aria-describedby=\"caption-attachment-1167\" style=\"width: 300px\" class=\"wp-caption alignleft\"><img data-recalc-dims=\"1\" decoding=\"async\" class=\"wp-image-1167 size-medium lazyload\" data-src=\"https:\/\/i0.wp.com\/coolinart.cafe\/blog\/wp-content\/uploads\/2016\/07\/20160714_200445.jpg?resize=300%2C225&#038;ssl=1\" alt=\"20160714_200445\" width=\"300\" height=\"225\" data-srcset=\"https:\/\/i0.wp.com\/coolinart.cafe\/blog\/wp-content\/uploads\/2016\/07\/20160714_200445.jpg?resize=300%2C225&amp;ssl=1 300w, https:\/\/i0.wp.com\/coolinart.cafe\/blog\/wp-content\/uploads\/2016\/07\/20160714_200445.jpg?resize=768%2C576&amp;ssl=1 768w, https:\/\/i0.wp.com\/coolinart.cafe\/blog\/wp-content\/uploads\/2016\/07\/20160714_200445.jpg?resize=1024%2C768&amp;ssl=1 1024w, https:\/\/i0.wp.com\/coolinart.cafe\/blog\/wp-content\/uploads\/2016\/07\/20160714_200445.jpg?w=1330&amp;ssl=1 1330w, https:\/\/i0.wp.com\/coolinart.cafe\/blog\/wp-content\/uploads\/2016\/07\/20160714_200445.jpg?w=1995&amp;ssl=1 1995w\" data-sizes=\"(max-width: 300px) 100vw, 300px\" src=\"data:image\/svg+xml;base64,PHN2ZyB3aWR0aD0iMSIgaGVpZ2h0PSIxIiB4bWxucz0iaHR0cDovL3d3dy53My5vcmcvMjAwMC9zdmciPjwvc3ZnPg==\" style=\"--smush-placeholder-width: 300px; --smush-placeholder-aspect-ratio: 300\/225;\" \/><figcaption id=\"caption-attachment-1167\" class=\"wp-caption-text\">Paradicsomleves<\/figcaption><\/figure>\n<figure id=\"attachment_1168\" aria-describedby=\"caption-attachment-1168\" style=\"width: 300px\" class=\"wp-caption alignright\"><img data-recalc-dims=\"1\" decoding=\"async\" class=\"wp-image-1168 size-medium lazyload\" data-src=\"https:\/\/i0.wp.com\/coolinart.cafe\/blog\/wp-content\/uploads\/2016\/07\/20160714_202326.jpg?resize=300%2C225&#038;ssl=1\" alt=\"20160714_202326\" width=\"300\" height=\"225\" data-srcset=\"https:\/\/i0.wp.com\/coolinart.cafe\/blog\/wp-content\/uploads\/2016\/07\/20160714_202326.jpg?resize=300%2C225&amp;ssl=1 300w, https:\/\/i0.wp.com\/coolinart.cafe\/blog\/wp-content\/uploads\/2016\/07\/20160714_202326.jpg?resize=768%2C576&amp;ssl=1 768w, https:\/\/i0.wp.com\/coolinart.cafe\/blog\/wp-content\/uploads\/2016\/07\/20160714_202326.jpg?resize=1024%2C768&amp;ssl=1 1024w, https:\/\/i0.wp.com\/coolinart.cafe\/blog\/wp-content\/uploads\/2016\/07\/20160714_202326.jpg?w=1330&amp;ssl=1 1330w, https:\/\/i0.wp.com\/coolinart.cafe\/blog\/wp-content\/uploads\/2016\/07\/20160714_202326.jpg?w=1995&amp;ssl=1 1995w\" data-sizes=\"(max-width: 300px) 100vw, 300px\" src=\"data:image\/svg+xml;base64,PHN2ZyB3aWR0aD0iMSIgaGVpZ2h0PSIxIiB4bWxucz0iaHR0cDovL3d3dy53My5vcmcvMjAwMC9zdmciPjwvc3ZnPg==\" style=\"--smush-placeholder-width: 300px; --smush-placeholder-aspect-ratio: 300\/225;\" \/><figcaption id=\"caption-attachment-1168\" class=\"wp-caption-text\">Kacsap\u00e1st\u00e9tom<\/figcaption><\/figure>\n<p style=\"text-align: justify;\">\u00d6r\u00fclt\u00fcnk a kifejezetten kedves, \u00e9s k\u00f6zvetlen kiszolg\u00e1l\u00e1snak, nem v\u00e9letlen\u00fcl nem b\u00edzt\u00e1k tanul\u00f3kra az \u00fcgyet. L\u00e1tszik, hogy az uraknak a sz\u00edve-lelke benne van a dologban. De ennek ellen\u00e9re \u00fagy \u00e9reztem, hogy a hely m\u00e9g billeg a zom\u00e1nc \u00e9s a bisztr\u00f3 feeling k\u00f6z\u00f6tt, \u00e9s emiatt kicsit modoros. K\u00edv\u00e1nom, hogy megtal\u00e1lj\u00e1k az egyens\u00falyt!<\/p>\n<figure id=\"attachment_1172\" aria-describedby=\"caption-attachment-1172\" style=\"width: 225px\" class=\"wp-caption aligncenter\"><img data-recalc-dims=\"1\" decoding=\"async\" class=\"wp-image-1172 size-medium lazyload\" data-src=\"https:\/\/i0.wp.com\/coolinart.cafe\/blog\/wp-content\/uploads\/2016\/07\/20160714_204223-e1469106013248-225x300.jpg?resize=225%2C300&#038;ssl=1\" alt=\"20160714_204223\" width=\"225\" height=\"300\" data-srcset=\"https:\/\/i0.wp.com\/coolinart.cafe\/blog\/wp-content\/uploads\/2016\/07\/20160714_204223-e1469106013248.jpg?resize=225%2C300&amp;ssl=1 225w, https:\/\/i0.wp.com\/coolinart.cafe\/blog\/wp-content\/uploads\/2016\/07\/20160714_204223-e1469106013248.jpg?resize=768%2C1024&amp;ssl=1 768w, https:\/\/i0.wp.com\/coolinart.cafe\/blog\/wp-content\/uploads\/2016\/07\/20160714_204223-e1469106013248.jpg?w=1330&amp;ssl=1 1330w, https:\/\/i0.wp.com\/coolinart.cafe\/blog\/wp-content\/uploads\/2016\/07\/20160714_204223-e1469106013248.jpg?w=1995&amp;ssl=1 1995w\" data-sizes=\"(max-width: 225px) 100vw, 225px\" src=\"data:image\/svg+xml;base64,PHN2ZyB3aWR0aD0iMSIgaGVpZ2h0PSIxIiB4bWxucz0iaHR0cDovL3d3dy53My5vcmcvMjAwMC9zdmciPjwvc3ZnPg==\" style=\"--smush-placeholder-width: 225px; --smush-placeholder-aspect-ratio: 225\/300;\" \/><figcaption id=\"caption-attachment-1172\" class=\"wp-caption-text\">K\u00e1v\u00e9torta<\/figcaption><\/figure>\n<p style=\"text-align: justify;\">A Zs\u00f3k\u00e1ban a h\u00e1ziakkal spont\u00e1n boroz\u00e1s alakult ki hajnal egy \u00f3r\u00e1ig, \u00edgy a harmadik nap a reggeli kicsit cs\u00faszott. Ut\u00e1na aut\u00f3ba sz\u00e1lltunk, hogy feltankoljunk a k\u00f6rny\u00e9k sajtjaib\u00f3l \u00e9s boraib\u00f3l. Az <a href=\"http:\/\/obudavarikecskek.hu\/dotcl\/\">\u00f3budav\u00e1ri kecskesajtos<\/a> volt az els\u0151 \u00e1llom\u00e1s. A sajtoknak csak egy baja van, hogy nagyon gyorsan fogynak. \ud83d\ude42 Hoztunk \u00e9rett teh\u00e9nsajtot, k\u00f6zepesen \u00e9rett, \u00e9s \u00e9rett kecskesajtot, l\u00e1gy kecskesajtb\u00f3l goly\u00f3kat, di\u00f3ba, borsba, petrezselyembe forgatva. Aut\u00f3val m\u00e9g tett\u00fcnk egy k\u00f6rt Mencshely &#8211; Vig\u00e1ntpetend &#8211; Kapolcs &#8211; Mindszentk\u00e1lla- Szentb\u00e9kk\u00e1lla &#8211; K\u00f6vesk\u00e1l fel\u00e9. Elszomor\u00edt\u00f3 volt a parlagf\u0171 mez\u0151k l\u00e1tv\u00e1nya.<\/p>\n<p style=\"text-align: justify;\">K\u00f6vesk\u00e1l sz\u00e9l\u00e9n &#8222;beleszaladtunk&#8221; a <a href=\"http:\/\/palffypince.hu\/\">P\u00e1lffy pinc\u00e9szet<\/a> sz\u00e9p \u00e9p\u00fclet\u00e9be. Mivel az elm\u00falt napokban t\u00f6bbsz\u00f6r is ittuk a boraikat, tudtuk, hogy nem t\u00e9vedhet\u00fcnk nagyot vel\u00fck, \u00edgy p\u00e1r \u00fcveg landolt a kocsi h\u00e1tulj\u00e1ban. S\u0151t, vett\u00fcnk egy \u00fcveg d\u00edjnyertes pezsg\u0151t is, amit m\u00e9g este megittunk, nem csak a j\u00f3l siker\u00fclt utunkra koccintva!<\/p>\n<p style=\"text-align: justify;\"><img data-recalc-dims=\"1\" decoding=\"async\" class=\"aligncenter size-medium wp-image-1174 lazyload\" data-src=\"https:\/\/i0.wp.com\/coolinart.cafe\/blog\/wp-content\/uploads\/2016\/07\/Blog20160715_221217.jpg?resize=300%2C225&#038;ssl=1\" alt=\"Blog20160715_221217\" width=\"300\" height=\"225\" data-srcset=\"https:\/\/i0.wp.com\/coolinart.cafe\/blog\/wp-content\/uploads\/2016\/07\/Blog20160715_221217.jpg?resize=300%2C225&amp;ssl=1 300w, https:\/\/i0.wp.com\/coolinart.cafe\/blog\/wp-content\/uploads\/2016\/07\/Blog20160715_221217.jpg?resize=768%2C576&amp;ssl=1 768w, https:\/\/i0.wp.com\/coolinart.cafe\/blog\/wp-content\/uploads\/2016\/07\/Blog20160715_221217.jpg?resize=1024%2C768&amp;ssl=1 1024w, https:\/\/i0.wp.com\/coolinart.cafe\/blog\/wp-content\/uploads\/2016\/07\/Blog20160715_221217.jpg?w=1200&amp;ssl=1 1200w\" data-sizes=\"(max-width: 300px) 100vw, 300px\" src=\"data:image\/svg+xml;base64,PHN2ZyB3aWR0aD0iMSIgaGVpZ2h0PSIxIiB4bWxucz0iaHR0cDovL3d3dy53My5vcmcvMjAwMC9zdmciPjwvc3ZnPg==\" style=\"--smush-placeholder-width: 300px; --smush-placeholder-aspect-ratio: 300\/225;\" \/><\/p>\n","protected":false},"excerpt":{"rendered":"<p>A gasztro kalandoz\u00e1s a Balaton-felvid\u00e9ken m\u00e1snap is folytat\u00f3dott. Most Balatoncsics\u00f3 fel\u00e9 indultunk, majd fel Szentjakabf\u00e1ra. A falun kereszt\u00fcltekerve haladtunk felfele a sz\u0151l\u0151\u00fcltetv\u00e9nyek mellett. Csod\u00e1latos volt a panor\u00e1ma visszafel\u00e9 tekintve. Megtal\u00e1ltuk a piros turistautat, \u00e9s sz\u00e9pen begurultunk Mencshelyre. K\u00f6rbekarik\u00e1ztuk mindh\u00e1rom templom\u00e1t, majd tov\u00e1bb a piros jelz\u00e9sen, a Kossuth-kil\u00e1t\u00f3 fel\u00e9 haladva elindultunk D\u00f6rgics\u00e9re. Jobb k\u00e9z fel\u00e9 v\u00e9gig [&hellip;]<\/p>\n","protected":false},"author":2,"featured_media":0,"comment_status":"open","ping_status":"open","sticky":false,"template":"","format":"standard","meta":{"ngg_post_thumbnail":0,"_jetpack_memberships_contains_paid_content":false,"footnotes":""},"categories":[4],"tags":[91,93],"class_list":["post-1136","post","type-post","status-publish","format-standard","hentry","category-utazas","tag-etterem-kritika","tag-utibeszamolo"],"yoast_head":"<!-- This site is optimized with the Yoast SEO plugin v27.4 - https:\/\/yoast.com\/product\/yoast-seo-wordpress\/ -->\n<title>Biciklis gasztro kalandoz\u00e1s a Balaton-felvid\u00e9ken - 2. r\u00e9sz - Coolinart.cafe<\/title>\n<meta name=\"description\" content=\"A folytat\u00e1sban Szentjakabfa, D\u00f6rgicse, Szent Bal\u00e1zs templomrom Szentantalf\u00e1n, V\u00e1szoly. Sz\u00e9p t\u00e1jak, finom \u00e9telek, italok. Mi kell m\u00e9g?\" \/>\n<meta name=\"robots\" content=\"index, follow, max-snippet:-1, max-image-preview:large, max-video-preview:-1\" \/>\n<link rel=\"canonical\" href=\"https:\/\/coolinart.cafe\/blog\/2016\/07\/biciklis-gasztro-kalandozas-balaton-felvideke-2-resz\/\" \/>\n<meta property=\"og:locale\" content=\"hu_HU\" \/>\n<meta property=\"og:type\" content=\"article\" \/>\n<meta property=\"og:title\" content=\"Biciklis gasztro kalandoz\u00e1s a Balaton-felvid\u00e9ken - 2. r\u00e9sz - Coolinart.cafe\" \/>\n<meta property=\"og:description\" content=\"A folytat\u00e1sban Szentjakabfa, D\u00f6rgicse, Szent Bal\u00e1zs templomrom Szentantalf\u00e1n, V\u00e1szoly. Sz\u00e9p t\u00e1jak, finom \u00e9telek, italok. Mi kell m\u00e9g?\" \/>\n<meta property=\"og:url\" content=\"https:\/\/coolinart.cafe\/blog\/2016\/07\/biciklis-gasztro-kalandozas-balaton-felvideke-2-resz\/\" \/>\n<meta property=\"og:site_name\" content=\"Coolinart.cafe\" \/>\n<meta property=\"article:publisher\" content=\"https:\/\/www.facebook.com\/coolinart.cafe\/\" \/>\n<meta property=\"article:published_time\" content=\"2016-07-21T13:57:11+00:00\" \/>\n<meta property=\"article:modified_time\" content=\"2016-07-30T20:10:06+00:00\" \/>\n<meta property=\"og:image\" content=\"https:\/\/i1.wp.com\/coolinart.cafe\/blog\/wp-content\/uploads\/2016\/07\/FBimage-0-02-01-e3f1f912af04483e78f4c55879d46553dd252c918d77be98ca15b9e00c9dc70f-V.jpg?fit=1200%2C630&ssl=1\" \/>\n\t<meta property=\"og:image:width\" content=\"1200\" \/>\n\t<meta property=\"og:image:height\" content=\"630\" \/>\n\t<meta property=\"og:image:type\" content=\"image\/jpeg\" \/>\n<meta name=\"author\" content=\"Sulyok Gy\u00f6rgyi\" \/>\n<meta name=\"twitter:card\" content=\"summary_large_image\" \/>\n<meta name=\"twitter:label1\" content=\"Szerz\u0151:\" \/>\n\t<meta name=\"twitter:data1\" content=\"Sulyok Gy\u00f6rgyi\" \/>\n\t<meta name=\"twitter:label2\" content=\"Becs\u00fclt olvas\u00e1si id\u0151\" \/>\n\t<meta name=\"twitter:data2\" content=\"6 perc\" \/>\n<script type=\"application\/ld+json\" class=\"yoast-schema-graph\">{\"@context\":\"https:\\\/\\\/schema.org\",\"@graph\":[{\"@type\":\"Article\",\"@id\":\"https:\\\/\\\/coolinart.cafe\\\/blog\\\/2016\\\/07\\\/biciklis-gasztro-kalandozas-balaton-felvideke-2-resz\\\/#article\",\"isPartOf\":{\"@id\":\"https:\\\/\\\/coolinart.cafe\\\/blog\\\/2016\\\/07\\\/biciklis-gasztro-kalandozas-balaton-felvideke-2-resz\\\/\"},\"author\":{\"name\":\"Sulyok Gy\u00f6rgyi\",\"@id\":\"https:\\\/\\\/coolinart.cafe\\\/blog\\\/#\\\/schema\\\/person\\\/0b9046a8abdce332b3919b077f7376b2\"},\"headline\":\"Biciklis gasztro kalandoz\u00e1s a Balaton-felvid\u00e9ken &#8211; 2. r\u00e9sz\",\"datePublished\":\"2016-07-21T13:57:11+00:00\",\"dateModified\":\"2016-07-30T20:10:06+00:00\",\"mainEntityOfPage\":{\"@id\":\"https:\\\/\\\/coolinart.cafe\\\/blog\\\/2016\\\/07\\\/biciklis-gasztro-kalandozas-balaton-felvideke-2-resz\\\/\"},\"wordCount\":1256,\"commentCount\":0,\"image\":{\"@id\":\"https:\\\/\\\/coolinart.cafe\\\/blog\\\/2016\\\/07\\\/biciklis-gasztro-kalandozas-balaton-felvideke-2-resz\\\/#primaryimage\"},\"thumbnailUrl\":\"https:\\\/\\\/coolinart.cafe\\\/blog\\\/wp-content\\\/uploads\\\/2016\\\/07\\\/20160714_144328-1024x768.jpg\",\"keywords\":[\"\u00c9tterem kritika\",\"\u00datibesz\u00e1mol\u00f3\"],\"articleSection\":[\"Utaz\u00e1s, \u00c9lm\u00e9ny\"],\"inLanguage\":\"hu\",\"potentialAction\":[{\"@type\":\"CommentAction\",\"name\":\"Comment\",\"target\":[\"https:\\\/\\\/coolinart.cafe\\\/blog\\\/2016\\\/07\\\/biciklis-gasztro-kalandozas-balaton-felvideke-2-resz\\\/#respond\"]}]},{\"@type\":\"WebPage\",\"@id\":\"https:\\\/\\\/coolinart.cafe\\\/blog\\\/2016\\\/07\\\/biciklis-gasztro-kalandozas-balaton-felvideke-2-resz\\\/\",\"url\":\"https:\\\/\\\/coolinart.cafe\\\/blog\\\/2016\\\/07\\\/biciklis-gasztro-kalandozas-balaton-felvideke-2-resz\\\/\",\"name\":\"Biciklis gasztro kalandoz\u00e1s a Balaton-felvid\u00e9ken - 2. r\u00e9sz - Coolinart.cafe\",\"isPartOf\":{\"@id\":\"https:\\\/\\\/coolinart.cafe\\\/blog\\\/#website\"},\"primaryImageOfPage\":{\"@id\":\"https:\\\/\\\/coolinart.cafe\\\/blog\\\/2016\\\/07\\\/biciklis-gasztro-kalandozas-balaton-felvideke-2-resz\\\/#primaryimage\"},\"image\":{\"@id\":\"https:\\\/\\\/coolinart.cafe\\\/blog\\\/2016\\\/07\\\/biciklis-gasztro-kalandozas-balaton-felvideke-2-resz\\\/#primaryimage\"},\"thumbnailUrl\":\"https:\\\/\\\/coolinart.cafe\\\/blog\\\/wp-content\\\/uploads\\\/2016\\\/07\\\/20160714_144328-1024x768.jpg\",\"datePublished\":\"2016-07-21T13:57:11+00:00\",\"dateModified\":\"2016-07-30T20:10:06+00:00\",\"author\":{\"@id\":\"https:\\\/\\\/coolinart.cafe\\\/blog\\\/#\\\/schema\\\/person\\\/0b9046a8abdce332b3919b077f7376b2\"},\"description\":\"A folytat\u00e1sban Szentjakabfa, D\u00f6rgicse, Szent Bal\u00e1zs templomrom Szentantalf\u00e1n, V\u00e1szoly. Sz\u00e9p t\u00e1jak, finom \u00e9telek, italok. Mi kell m\u00e9g?\",\"breadcrumb\":{\"@id\":\"https:\\\/\\\/coolinart.cafe\\\/blog\\\/2016\\\/07\\\/biciklis-gasztro-kalandozas-balaton-felvideke-2-resz\\\/#breadcrumb\"},\"inLanguage\":\"hu\",\"potentialAction\":[{\"@type\":\"ReadAction\",\"target\":[\"https:\\\/\\\/coolinart.cafe\\\/blog\\\/2016\\\/07\\\/biciklis-gasztro-kalandozas-balaton-felvideke-2-resz\\\/\"]}]},{\"@type\":\"ImageObject\",\"inLanguage\":\"hu\",\"@id\":\"https:\\\/\\\/coolinart.cafe\\\/blog\\\/2016\\\/07\\\/biciklis-gasztro-kalandozas-balaton-felvideke-2-resz\\\/#primaryimage\",\"url\":\"https:\\\/\\\/i0.wp.com\\\/coolinart.cafe\\\/blog\\\/wp-content\\\/uploads\\\/2016\\\/07\\\/20160714_144328.jpg?fit=3264%2C2448&ssl=1\",\"contentUrl\":\"https:\\\/\\\/i0.wp.com\\\/coolinart.cafe\\\/blog\\\/wp-content\\\/uploads\\\/2016\\\/07\\\/20160714_144328.jpg?fit=3264%2C2448&ssl=1\",\"width\":3264,\"height\":2448},{\"@type\":\"BreadcrumbList\",\"@id\":\"https:\\\/\\\/coolinart.cafe\\\/blog\\\/2016\\\/07\\\/biciklis-gasztro-kalandozas-balaton-felvideke-2-resz\\\/#breadcrumb\",\"itemListElement\":[{\"@type\":\"ListItem\",\"position\":1,\"name\":\"Home\",\"item\":\"https:\\\/\\\/coolinart.cafe\\\/blog\\\/\"},{\"@type\":\"ListItem\",\"position\":2,\"name\":\"Biciklis gasztro kalandoz\u00e1s a Balaton-felvid\u00e9ken &#8211; 2. r\u00e9sz\"}]},{\"@type\":\"WebSite\",\"@id\":\"https:\\\/\\\/coolinart.cafe\\\/blog\\\/#website\",\"url\":\"https:\\\/\\\/coolinart.cafe\\\/blog\\\/\",\"name\":\"Coolinart.cafe\",\"description\":\"\u00e9tel, k\u00e1v\u00e9, kult\u00fara\",\"potentialAction\":[{\"@type\":\"SearchAction\",\"target\":{\"@type\":\"EntryPoint\",\"urlTemplate\":\"https:\\\/\\\/coolinart.cafe\\\/blog\\\/?s={search_term_string}\"},\"query-input\":{\"@type\":\"PropertyValueSpecification\",\"valueRequired\":true,\"valueName\":\"search_term_string\"}}],\"inLanguage\":\"hu\"},{\"@type\":\"Person\",\"@id\":\"https:\\\/\\\/coolinart.cafe\\\/blog\\\/#\\\/schema\\\/person\\\/0b9046a8abdce332b3919b077f7376b2\",\"name\":\"Sulyok Gy\u00f6rgyi\",\"image\":{\"@type\":\"ImageObject\",\"inLanguage\":\"hu\",\"@id\":\"https:\\\/\\\/secure.gravatar.com\\\/avatar\\\/f7d80d7800220762f9cf31559c65e650bdc8299f18bca4e3ffde781c0422539c?s=96&d=mm&r=g\",\"url\":\"https:\\\/\\\/secure.gravatar.com\\\/avatar\\\/f7d80d7800220762f9cf31559c65e650bdc8299f18bca4e3ffde781c0422539c?s=96&d=mm&r=g\",\"contentUrl\":\"https:\\\/\\\/secure.gravatar.com\\\/avatar\\\/f7d80d7800220762f9cf31559c65e650bdc8299f18bca4e3ffde781c0422539c?s=96&d=mm&r=g\",\"caption\":\"Sulyok Gy\u00f6rgyi\"},\"sameAs\":[\"http:\\\/\\\/www.coolinart.cafe\"],\"url\":\"https:\\\/\\\/coolinart.cafe\\\/blog\\\/author\\\/gyorgyi\\\/\"}]}<\/script>\n<!-- \/ Yoast SEO plugin. -->","yoast_head_json":{"title":"Biciklis gasztro kalandoz\u00e1s a Balaton-felvid\u00e9ken - 2. r\u00e9sz - Coolinart.cafe","description":"A folytat\u00e1sban Szentjakabfa, D\u00f6rgicse, Szent Bal\u00e1zs templomrom Szentantalf\u00e1n, V\u00e1szoly. Sz\u00e9p t\u00e1jak, finom \u00e9telek, italok. Mi kell m\u00e9g?","robots":{"index":"index","follow":"follow","max-snippet":"max-snippet:-1","max-image-preview":"max-image-preview:large","max-video-preview":"max-video-preview:-1"},"canonical":"https:\/\/coolinart.cafe\/blog\/2016\/07\/biciklis-gasztro-kalandozas-balaton-felvideke-2-resz\/","og_locale":"hu_HU","og_type":"article","og_title":"Biciklis gasztro kalandoz\u00e1s a Balaton-felvid\u00e9ken - 2. r\u00e9sz - Coolinart.cafe","og_description":"A folytat\u00e1sban Szentjakabfa, D\u00f6rgicse, Szent Bal\u00e1zs templomrom Szentantalf\u00e1n, V\u00e1szoly. Sz\u00e9p t\u00e1jak, finom \u00e9telek, italok. Mi kell m\u00e9g?","og_url":"https:\/\/coolinart.cafe\/blog\/2016\/07\/biciklis-gasztro-kalandozas-balaton-felvideke-2-resz\/","og_site_name":"Coolinart.cafe","article_publisher":"https:\/\/www.facebook.com\/coolinart.cafe\/","article_published_time":"2016-07-21T13:57:11+00:00","article_modified_time":"2016-07-30T20:10:06+00:00","og_image":[{"width":1200,"height":630,"url":"https:\/\/i1.wp.com\/coolinart.cafe\/blog\/wp-content\/uploads\/2016\/07\/FBimage-0-02-01-e3f1f912af04483e78f4c55879d46553dd252c918d77be98ca15b9e00c9dc70f-V.jpg?fit=1200%2C630&ssl=1","type":"image\/jpeg"}],"author":"Sulyok Gy\u00f6rgyi","twitter_card":"summary_large_image","twitter_misc":{"Szerz\u0151:":"Sulyok Gy\u00f6rgyi","Becs\u00fclt olvas\u00e1si id\u0151":"6 perc"},"schema":{"@context":"https:\/\/schema.org","@graph":[{"@type":"Article","@id":"https:\/\/coolinart.cafe\/blog\/2016\/07\/biciklis-gasztro-kalandozas-balaton-felvideke-2-resz\/#article","isPartOf":{"@id":"https:\/\/coolinart.cafe\/blog\/2016\/07\/biciklis-gasztro-kalandozas-balaton-felvideke-2-resz\/"},"author":{"name":"Sulyok Gy\u00f6rgyi","@id":"https:\/\/coolinart.cafe\/blog\/#\/schema\/person\/0b9046a8abdce332b3919b077f7376b2"},"headline":"Biciklis gasztro kalandoz\u00e1s a Balaton-felvid\u00e9ken &#8211; 2. r\u00e9sz","datePublished":"2016-07-21T13:57:11+00:00","dateModified":"2016-07-30T20:10:06+00:00","mainEntityOfPage":{"@id":"https:\/\/coolinart.cafe\/blog\/2016\/07\/biciklis-gasztro-kalandozas-balaton-felvideke-2-resz\/"},"wordCount":1256,"commentCount":0,"image":{"@id":"https:\/\/coolinart.cafe\/blog\/2016\/07\/biciklis-gasztro-kalandozas-balaton-felvideke-2-resz\/#primaryimage"},"thumbnailUrl":"https:\/\/coolinart.cafe\/blog\/wp-content\/uploads\/2016\/07\/20160714_144328-1024x768.jpg","keywords":["\u00c9tterem kritika","\u00datibesz\u00e1mol\u00f3"],"articleSection":["Utaz\u00e1s, \u00c9lm\u00e9ny"],"inLanguage":"hu","potentialAction":[{"@type":"CommentAction","name":"Comment","target":["https:\/\/coolinart.cafe\/blog\/2016\/07\/biciklis-gasztro-kalandozas-balaton-felvideke-2-resz\/#respond"]}]},{"@type":"WebPage","@id":"https:\/\/coolinart.cafe\/blog\/2016\/07\/biciklis-gasztro-kalandozas-balaton-felvideke-2-resz\/","url":"https:\/\/coolinart.cafe\/blog\/2016\/07\/biciklis-gasztro-kalandozas-balaton-felvideke-2-resz\/","name":"Biciklis gasztro kalandoz\u00e1s a Balaton-felvid\u00e9ken - 2. r\u00e9sz - Coolinart.cafe","isPartOf":{"@id":"https:\/\/coolinart.cafe\/blog\/#website"},"primaryImageOfPage":{"@id":"https:\/\/coolinart.cafe\/blog\/2016\/07\/biciklis-gasztro-kalandozas-balaton-felvideke-2-resz\/#primaryimage"},"image":{"@id":"https:\/\/coolinart.cafe\/blog\/2016\/07\/biciklis-gasztro-kalandozas-balaton-felvideke-2-resz\/#primaryimage"},"thumbnailUrl":"https:\/\/coolinart.cafe\/blog\/wp-content\/uploads\/2016\/07\/20160714_144328-1024x768.jpg","datePublished":"2016-07-21T13:57:11+00:00","dateModified":"2016-07-30T20:10:06+00:00","author":{"@id":"https:\/\/coolinart.cafe\/blog\/#\/schema\/person\/0b9046a8abdce332b3919b077f7376b2"},"description":"A folytat\u00e1sban Szentjakabfa, D\u00f6rgicse, Szent Bal\u00e1zs templomrom Szentantalf\u00e1n, V\u00e1szoly. Sz\u00e9p t\u00e1jak, finom \u00e9telek, italok. Mi kell m\u00e9g?","breadcrumb":{"@id":"https:\/\/coolinart.cafe\/blog\/2016\/07\/biciklis-gasztro-kalandozas-balaton-felvideke-2-resz\/#breadcrumb"},"inLanguage":"hu","potentialAction":[{"@type":"ReadAction","target":["https:\/\/coolinart.cafe\/blog\/2016\/07\/biciklis-gasztro-kalandozas-balaton-felvideke-2-resz\/"]}]},{"@type":"ImageObject","inLanguage":"hu","@id":"https:\/\/coolinart.cafe\/blog\/2016\/07\/biciklis-gasztro-kalandozas-balaton-felvideke-2-resz\/#primaryimage","url":"https:\/\/i0.wp.com\/coolinart.cafe\/blog\/wp-content\/uploads\/2016\/07\/20160714_144328.jpg?fit=3264%2C2448&ssl=1","contentUrl":"https:\/\/i0.wp.com\/coolinart.cafe\/blog\/wp-content\/uploads\/2016\/07\/20160714_144328.jpg?fit=3264%2C2448&ssl=1","width":3264,"height":2448},{"@type":"BreadcrumbList","@id":"https:\/\/coolinart.cafe\/blog\/2016\/07\/biciklis-gasztro-kalandozas-balaton-felvideke-2-resz\/#breadcrumb","itemListElement":[{"@type":"ListItem","position":1,"name":"Home","item":"https:\/\/coolinart.cafe\/blog\/"},{"@type":"ListItem","position":2,"name":"Biciklis gasztro kalandoz\u00e1s a Balaton-felvid\u00e9ken &#8211; 2. r\u00e9sz"}]},{"@type":"WebSite","@id":"https:\/\/coolinart.cafe\/blog\/#website","url":"https:\/\/coolinart.cafe\/blog\/","name":"Coolinart.cafe","description":"\u00e9tel, k\u00e1v\u00e9, kult\u00fara","potentialAction":[{"@type":"SearchAction","target":{"@type":"EntryPoint","urlTemplate":"https:\/\/coolinart.cafe\/blog\/?s={search_term_string}"},"query-input":{"@type":"PropertyValueSpecification","valueRequired":true,"valueName":"search_term_string"}}],"inLanguage":"hu"},{"@type":"Person","@id":"https:\/\/coolinart.cafe\/blog\/#\/schema\/person\/0b9046a8abdce332b3919b077f7376b2","name":"Sulyok Gy\u00f6rgyi","image":{"@type":"ImageObject","inLanguage":"hu","@id":"https:\/\/secure.gravatar.com\/avatar\/f7d80d7800220762f9cf31559c65e650bdc8299f18bca4e3ffde781c0422539c?s=96&d=mm&r=g","url":"https:\/\/secure.gravatar.com\/avatar\/f7d80d7800220762f9cf31559c65e650bdc8299f18bca4e3ffde781c0422539c?s=96&d=mm&r=g","contentUrl":"https:\/\/secure.gravatar.com\/avatar\/f7d80d7800220762f9cf31559c65e650bdc8299f18bca4e3ffde781c0422539c?s=96&d=mm&r=g","caption":"Sulyok Gy\u00f6rgyi"},"sameAs":["http:\/\/www.coolinart.cafe"],"url":"https:\/\/coolinart.cafe\/blog\/author\/gyorgyi\/"}]}},"jetpack_featured_media_url":"","jetpack_sharing_enabled":true,"_links":{"self":[{"href":"https:\/\/coolinart.cafe\/blog\/wp-json\/wp\/v2\/posts\/1136","targetHints":{"allow":["GET"]}}],"collection":[{"href":"https:\/\/coolinart.cafe\/blog\/wp-json\/wp\/v2\/posts"}],"about":[{"href":"https:\/\/coolinart.cafe\/blog\/wp-json\/wp\/v2\/types\/post"}],"author":[{"embeddable":true,"href":"https:\/\/coolinart.cafe\/blog\/wp-json\/wp\/v2\/users\/2"}],"replies":[{"embeddable":true,"href":"https:\/\/coolinart.cafe\/blog\/wp-json\/wp\/v2\/comments?post=1136"}],"version-history":[{"count":40,"href":"https:\/\/coolinart.cafe\/blog\/wp-json\/wp\/v2\/posts\/1136\/revisions"}],"predecessor-version":[{"id":1194,"href":"https:\/\/coolinart.cafe\/blog\/wp-json\/wp\/v2\/posts\/1136\/revisions\/1194"}],"wp:attachment":[{"href":"https:\/\/coolinart.cafe\/blog\/wp-json\/wp\/v2\/media?parent=1136"}],"wp:term":[{"taxonomy":"category","embeddable":true,"href":"https:\/\/coolinart.cafe\/blog\/wp-json\/wp\/v2\/categories?post=1136"},{"taxonomy":"post_tag","embeddable":true,"href":"https:\/\/coolinart.cafe\/blog\/wp-json\/wp\/v2\/tags?post=1136"}],"curies":[{"name":"wp","href":"https:\/\/api.w.org\/{rel}","templated":true}]}}